{"id":27599,"date":"2022-09-17T13:07:07","date_gmt":"2022-09-17T11:07:07","guid":{"rendered":"https:\/\/turysta2.pttk.pl\/?p=27599"},"modified":"2023-03-27T11:37:27","modified_gmt":"2023-03-27T09:37:27","slug":"pierwsza-szkola-pod-patronatem-pttk","status":"publish","type":"post","link":"https:\/\/turysta2.pttk.pl\/?p=27599","title":{"rendered":"Pierwsza  szko\u0142a pod patronatem PTTK"},"content":{"rendered":"<p><strong>W Liceum Og\u00f3lnokszta\u0142c\u0105cym im. Stefana \u017beromskiego w Kro\u015bcienku nad Dunajcem 3 marca zosta\u0142o podpisane porozumienie pomi\u0119dzy powiatem nowotarskim, Polskim Towarzystwem Turystyczno-Krajoznawczym, Oddzia\u0142em Pieni\u0144skim PTTK w Szczawnicy oraz Liceum Og\u00f3lnokszta\u0142c\u0105cym im. Stefana \u017beromskiego w Kro\u015bcienku nad Dunajcem.<\/strong><\/p>\n<p><a href=\"https:\/\/turysta2.pttk.pl\/wp-content\/uploads\/2022\/09\/Jerzy-Kaplon-prezes-ZG-PTTK-Adam-Jedras-sekretarz-ZG-PTTK-i-Robert-Debski-dyrektor-Liceum-im.-Stefana-Zeromskiego-scaled.jpg\"><img loading=\"lazy\" decoding=\"async\" class=\"alignnone wp-image-27600\" src=\"https:\/\/turysta2.pttk.pl\/wp-content\/uploads\/2022\/09\/Jerzy-Kaplon-prezes-ZG-PTTK-Adam-Jedras-sekretarz-ZG-PTTK-i-Robert-Debski-dyrektor-Liceum-im.-Stefana-Zeromskiego-300x200.jpg\" alt=\"\" width=\"485\" height=\"323\" srcset=\"https:\/\/turysta2.pttk.pl\/wp-content\/uploads\/2022\/09\/Jerzy-Kaplon-prezes-ZG-PTTK-Adam-Jedras-sekretarz-ZG-PTTK-i-Robert-Debski-dyrektor-Liceum-im.-Stefana-Zeromskiego-300x200.jpg 300w, https:\/\/turysta2.pttk.pl\/wp-content\/uploads\/2022\/09\/Jerzy-Kaplon-prezes-ZG-PTTK-Adam-Jedras-sekretarz-ZG-PTTK-i-Robert-Debski-dyrektor-Liceum-im.-Stefana-Zeromskiego-1024x683.jpg 1024w, https:\/\/turysta2.pttk.pl\/wp-content\/uploads\/2022\/09\/Jerzy-Kaplon-prezes-ZG-PTTK-Adam-Jedras-sekretarz-ZG-PTTK-i-Robert-Debski-dyrektor-Liceum-im.-Stefana-Zeromskiego-768x512.jpg 768w, https:\/\/turysta2.pttk.pl\/wp-content\/uploads\/2022\/09\/Jerzy-Kaplon-prezes-ZG-PTTK-Adam-Jedras-sekretarz-ZG-PTTK-i-Robert-Debski-dyrektor-Liceum-im.-Stefana-Zeromskiego-1536x1024.jpg 1536w, https:\/\/turysta2.pttk.pl\/wp-content\/uploads\/2022\/09\/Jerzy-Kaplon-prezes-ZG-PTTK-Adam-Jedras-sekretarz-ZG-PTTK-i-Robert-Debski-dyrektor-Liceum-im.-Stefana-Zeromskiego-2048x1365.jpg 2048w\" sizes=\"auto, (max-width: 485px) 100vw, 485px\" \/><\/a><\/p>\n<p>Na mocy tego porozumienia plac\u00f3wka ta zostaje obj\u0119ta przez PTTK patronatem i b\u0119dzie w niej utworzona\u00a0 pierwsza w Polsce klasa patronacka o profilu turystyczno-krajoznawczym. Dyrektor szko\u0142y Robert D\u0119bski podzi\u0119kowa\u0142 za przychylno\u015b\u0107 wszystkim zaanga\u017cowanym w inicjatyw\u0119, prosz\u0105c jednocze\u015bnie o dalsze wsparcie przy tworzeniu tego dzie\u0142a. G\u0142\u00f3wnym przes\u0142aniem porozumienia jest wsp\u00f3lne dzia\u0142anie zmierzaj\u0105ce do stworzenie warunk\u00f3w do rozwijania w\u015br\u00f3d uczni\u00f3w szko\u0142y szczeg\u00f3lnego umi\u0142owania regionu Pienin, Beskidu S\u0105deckiego, Gorc\u00f3w i Spisza, jak r\u00f3wnie\u017c poznawania historii, folkloru, tradycji, przyrody i geografii tego regionu, zach\u0119cania do bezpiecznego uprawiania turystyki oraz sport\u00f3w g\u00f3rskich. Ma r\u00f3wnie\u017c pom\u00f3c w rozwijaniu pasji krajoznawczych, a tak\u017ce w tworzeniu podstaw umo\u017cliwiaj\u0105cych uczniom w przysz\u0142o\u015bci pe\u0142nienie r\u00f3\u017cnych funkcji w szeroko rozumianej dzia\u0142alno\u015bci turystycznej \u2013 przy wykorzystaniu tradycji oraz dorobku merytorycznego i ideowego Polskiego Towarzystwa Turystyczno-Krajoznawczego.<\/p>\n<p>W spotkaniu udzia\u0142 wzi\u0119li: starosta Krzysztof Faber, wicestarosta Bogus\u0142aw Waksmundzki, dyrektor Powiatowego Centrum O\u015bwiaty Marta Skawska, prezes Zarz\u0105du G\u0142\u00f3wnego PTTK Jerzy Kap\u0142on, sekretarz generalny ZG PTTK Adam J\u0119dras, prezes Zarz\u0105du Oddzia\u0142u Pieni\u0144skiego PTTK w Szczawnicy Marek Misztal, prezes Oddzia\u0142u Pieni\u0144skiego PTTK w Kro\u015bcienku nad Dunajcem Andrzej Sproch, przewodniczka Katarzyna Zazi\u0105b\u0142o, przewodnicy i dzia\u0142acze PTTK, nauczyciele i reprezentacje uczni\u00f3w Liceum.<\/p>\n","protected":false},"excerpt":{"rendered":"W Liceum Og\u00f3lnokszta\u0142c\u0105cym im. Stefana \u017beromskiego w Kro\u015bcienku nad Dunajcem 3 marca zosta\u0142o podpisane porozumienie pomi\u0119dzy powiatem nowotarskim, Polskim Towarzystwem Turystyczno-Krajoznawczym, Oddzia\u0142em Pieni\u0144skim PTTK w Szczawnicy oraz Liceum Og\u00f3lnokszta\u0142c\u0105cym im. Stefana \u017beromskiego w Kro\u015bcienku nad Dunajcem. Na mocy tego porozumienia plac\u00f3wka ta zostaje obj\u0119ta przez PTTK patronatem i b\u0119dzie w niej utworzona\u00a0 pierwsza w Polsce klasa patronacka o profilu turystyczno-krajoznawczym.&nbsp;<a href=\"https:\/\/turysta2.pttk.pl\/?p=27599\" class=\"read-more\">Continue Reading<\/a>","protected":false},"author":4,"featured_media":27600,"comment_status":"closed","ping_status":"closed","sticky":false,"template":"","format":"standard","meta":{"footnotes":""},"categories":[93,9],"tags":[],"class_list":["post-27599","post","type-post","status-publish","format-standard","has-post-thumbnail","hentry","category-aktualnosci","category-warto-wiedziec","cat-93-id","cat-9-id"],"aioseo_notices":[],"_links":{"self":[{"href":"https:\/\/turysta2.pttk.pl\/index.php?rest_route=\/wp\/v2\/posts\/27599","targetHints":{"allow":["GET"]}}],"collection":[{"href":"https:\/\/turysta2.pttk.pl\/index.php?rest_route=\/wp\/v2\/posts"}],"about":[{"href":"https:\/\/turysta2.pttk.pl\/index.php?rest_route=\/wp\/v2\/types\/post"}],"author":[{"embeddable":true,"href":"https:\/\/turysta2.pttk.pl\/index.php?rest_route=\/wp\/v2\/users\/4"}],"replies":[{"embeddable":true,"href":"https:\/\/turysta2.pttk.pl\/index.php?rest_route=%2Fwp%2Fv2%2Fcomments&post=27599"}],"version-history":[{"count":1,"href":"https:\/\/turysta2.pttk.pl\/index.php?rest_route=\/wp\/v2\/posts\/27599\/revisions"}],"predecessor-version":[{"id":27601,"href":"https:\/\/turysta2.pttk.pl\/index.php?rest_route=\/wp\/v2\/posts\/27599\/revisions\/27601"}],"wp:featuredmedia":[{"embeddable":true,"href":"https:\/\/turysta2.pttk.pl\/index.php?rest_route=\/wp\/v2\/media\/27600"}],"wp:attachment":[{"href":"https:\/\/turysta2.pttk.pl\/index.php?rest_route=%2Fwp%2Fv2%2Fmedia&parent=27599"}],"wp:term":[{"taxonomy":"category","embeddable":true,"href":"https:\/\/turysta2.pttk.pl\/index.php?rest_route=%2Fwp%2Fv2%2Fcategories&post=27599"},{"taxonomy":"post_tag","embeddable":true,"href":"https:\/\/turysta2.pttk.pl\/index.php?rest_route=%2Fwp%2Fv2%2Ftags&post=27599"}],"curies":[{"name":"wp","href":"https:\/\/api.w.org\/{rel}","templated":true}]}}