{"id":27564,"date":"2022-09-12T19:23:21","date_gmt":"2022-09-12T17:23:21","guid":{"rendered":"https:\/\/turysta2.pttk.pl\/?p=27564"},"modified":"2023-03-27T11:37:41","modified_gmt":"2023-03-27T09:37:41","slug":"konkurs-fotograficzny-drzewa-i-krzewy-edukacyjnym-parku-dendrologicznego-pttk-w-moscicach","status":"publish","type":"post","link":"https:\/\/turysta2.pttk.pl\/?p=27564","title":{"rendered":"Konkurs Fotograficzny  Drzewa i Krzewy Edukacyjnym Parku Dendrologicznego PTTK w Mo\u015bcicach"},"content":{"rendered":"<p><strong>Drzewa i krzewy w fotograficznym obiektywie<\/strong><\/p>\n<p><strong>\u00a0<\/strong><\/p>\n<p><strong>Od 1 maja 2022 roku zapraszamy do wzi\u0119cia udzia\u0142u w konkursie fotograficznym pn. \u201eDrzewa i Krzewy w Edukacyjnym Parku Dendrologicznym PTTK w Mo\u015bcicach\u201d. <\/strong><\/p>\n<p>Organizatorami konkursu s\u0105: Oddzia\u0142 PTTK \u201cZiemi Gorzowskiej\u201d oraz Starostwo Powiatowe w Gorzowie Wielkopolskim. Celem konkursu jest prezentacja w formie kalendarza na 2023 rok najpi\u0119kniejszych drzew i krzew\u00f3w rosn\u0105cych w jedynym parku dendrologicznym PTTK w Polsce, promowanie postaw proekologicznych w\u015br\u00f3d mieszka\u0144c\u00f3w powiatu gorzowskiego i turyst\u00f3w oraz podniesienie wiedzy na temat atrakcyjno\u015bci powiatu gorzowskiego dla turyst\u00f3w i mieszka\u0144c\u00f3w. Konkurs ma charakter og\u00f3lnopolski, a udzia\u0142 w nim jest bezp\u0142atny. Ka\u017cdy uczestnik musi wype\u0142ni\u0107 i przes\u0142a\u0107 kart\u0119 zg\u0142oszenia uczestnictwa zawieraj\u0105c\u0105 nazw\u0119 zdj\u0119cia, dane autora oraz dat\u0119 wykonania zdj\u0119cia. Jedna osoba mo\u017ce przes\u0142a\u0107 nie wi\u0119cej ni\u017c trzy zdj\u0119cia w formacie JPEG (wielko\u015b\u0107: maksimum 10 MB ka\u017cde). Zdj\u0119cia nale\u017cy przes\u0142a\u0107 do 10 listopada 2022 roku w formie elektronicznej pod adresem: zrudzinski@wp.pl w tytule, z dopiskiem \u201eKonkurs fotograficzny 2022\u201d. Og\u0142oszenie wynik\u00f3w, nagrodzone zdj\u0119cia i film zostan\u0105 opublikowane 10 grudnia 2022 roku poprzez zamieszczenie na profilu Facebook powiatu gorzowskiego, PTTK i patron\u00f3w medialnych konkursu.<\/p>\n<p>Oceniaj\u0105c prace, jury we\u017amie pod uwag\u0119: zgodno\u015b\u0107 z tematem, walory artystyczne, techniczn\u0105 jako\u015b\u0107 zdj\u0119cia, odpowiedni dob\u00f3r tytu\u0142u. W ramach ka\u017cdego z kryterium jurorzy przyznaj\u0105 od 0 do 10 punkt\u00f3w. Decyzje i ustalenia jury s\u0105 ostateczne.<\/p>\n<p>Organizator przyznaje nagrody w postaci:<\/p>\n<p>I miejsce \u2013 nagroda rzeczowa lub bon o warto\u015bci 500 z\u0142otych plus kalendarz na 2023 rok.<\/p>\n<p>II miejsce \u2013 nagroda rzeczowa o warto\u015bci 300 z\u0142otych plus kalendarz na 2023 rok.<\/p>\n<p>III miejsce \u2013 nagroda rzeczowa o warto\u015bci 200 z\u0142otych plus kalendarz na 2023 rok.<\/p>\n<p>Nagrodzone zdj\u0119cia laureat\u00f3w i dziewi\u0119ciu kolejnych (nagrodzonych wed\u0142ug otrzymanej punktacji konkursu) zostan\u0105 opublikowane w kalendarzu powiatowym na rok 2023. Ponadto ka\u017cdy z uczestnik\u00f3w otrzyma kalendarz na 2023 rok wykorzystuj\u0105cy najlepsze zdj\u0119cia konkursu i informator turystyczny \u201e<em>Turystycznie o drzewach i krzewach\u201d.<\/em><\/p>\n<p>&nbsp;<\/p>\n<p>Oddzia\u0142 PTTK \u201eZiemi Gorzowskiej\u201d<\/p>\n<p>Zdj\u0119cia Zbigniew Rudzi\u0144ski<\/p>\n\n\t\t<style type=\"text\/css\">\n\t\t\t#gallery-1 {\n\t\t\t\tmargin: auto;\n\t\t\t}\n\t\t\t#gallery-1 .gallery-item {\n\t\t\t\tfloat: left;\n\t\t\t\tmargin-top: 10px;\n\t\t\t\ttext-align: center;\n\t\t\t\twidth: 33%;\n\t\t\t}\n\t\t\t#gallery-1 img {\n\t\t\t\tborder: 2px solid #cfcfcf;\n\t\t\t}\n\t\t\t#gallery-1 .gallery-caption {\n\t\t\t\tmargin-left: 0;\n\t\t\t}\n\t\t\t\/* see gallery_shortcode() in wp-includes\/media.php *\/\n\t\t<\/style>\n\t\t<div id='gallery-1' class='gallery galleryid-27564 gallery-columns-3 gallery-size-thumbnail'><dl class='gallery-item'>\n\t\t\t<dt class='gallery-icon landscape'>\n\t\t\t\t<a href='https:\/\/turysta2.pttk.pl\/?attachment_id=27565'><img loading=\"lazy\" decoding=\"async\" width=\"150\" height=\"150\" src=\"https:\/\/turysta2.pttk.pl\/wp-content\/uploads\/2022\/09\/fot.-Zbigniew-Rudzinski1-150x150.jpg\" class=\"attachment-thumbnail size-thumbnail\" alt=\"\" \/><\/a>\n\t\t\t<\/dt><\/dl><dl class='gallery-item'>\n\t\t\t<dt class='gallery-icon landscape'>\n\t\t\t\t<a href='https:\/\/turysta2.pttk.pl\/?attachment_id=27566'><img loading=\"lazy\" decoding=\"async\" width=\"150\" height=\"150\" src=\"https:\/\/turysta2.pttk.pl\/wp-content\/uploads\/2022\/09\/fot.-Zbigniew-Rudzinski2-150x150.jpg\" class=\"attachment-thumbnail size-thumbnail\" alt=\"\" \/><\/a>\n\t\t\t<\/dt><\/dl><dl class='gallery-item'>\n\t\t\t<dt class='gallery-icon landscape'>\n\t\t\t\t<a href='https:\/\/turysta2.pttk.pl\/?attachment_id=27567'><img loading=\"lazy\" decoding=\"async\" width=\"150\" height=\"150\" src=\"https:\/\/turysta2.pttk.pl\/wp-content\/uploads\/2022\/09\/fot.-Zbigniew-Rudzinski3-150x150.jpg\" class=\"attachment-thumbnail size-thumbnail\" alt=\"\" \/><\/a>\n\t\t\t<\/dt><\/dl><br style=\"clear: both\" \/><dl class='gallery-item'>\n\t\t\t<dt class='gallery-icon landscape'>\n\t\t\t\t<a href='https:\/\/turysta2.pttk.pl\/?attachment_id=27568'><img loading=\"lazy\" decoding=\"async\" width=\"150\" height=\"150\" src=\"https:\/\/turysta2.pttk.pl\/wp-content\/uploads\/2022\/09\/fot.-Zbigniew-Rudzinski-150x150.jpg\" class=\"attachment-thumbnail size-thumbnail\" alt=\"\" \/><\/a>\n\t\t\t<\/dt><\/dl>\n\t\t\t<br style='clear: both' \/>\n\t\t<\/div>\n\n","protected":false},"excerpt":{"rendered":"Drzewa i krzewy w fotograficznym obiektywie \u00a0 Od 1 maja 2022 roku zapraszamy do wzi\u0119cia udzia\u0142u w konkursie fotograficznym pn. \u201eDrzewa i Krzewy w Edukacyjnym Parku Dendrologicznym PTTK w Mo\u015bcicach\u201d. Organizatorami konkursu s\u0105: Oddzia\u0142 PTTK \u201cZiemi Gorzowskiej\u201d oraz Starostwo Powiatowe w Gorzowie Wielkopolskim. Celem konkursu jest prezentacja w formie kalendarza na 2023 rok najpi\u0119kniejszych drzew i krzew\u00f3w rosn\u0105cych w jedynym&nbsp;<a href=\"https:\/\/turysta2.pttk.pl\/?p=27564\" class=\"read-more\">Continue Reading<\/a>","protected":false},"author":4,"featured_media":27566,"comment_status":"closed","ping_status":"closed","sticky":false,"template":"","format":"standard","meta":{"footnotes":""},"categories":[85],"tags":[],"class_list":["post-27564","post","type-post","status-publish","format-standard","has-post-thumbnail","hentry","category-konkursy","cat-85-id"],"aioseo_notices":[],"_links":{"self":[{"href":"https:\/\/turysta2.pttk.pl\/index.php?rest_route=\/wp\/v2\/posts\/27564","targetHints":{"allow":["GET"]}}],"collection":[{"href":"https:\/\/turysta2.pttk.pl\/index.php?rest_route=\/wp\/v2\/posts"}],"about":[{"href":"https:\/\/turysta2.pttk.pl\/index.php?rest_route=\/wp\/v2\/types\/post"}],"author":[{"embeddable":true,"href":"https:\/\/turysta2.pttk.pl\/index.php?rest_route=\/wp\/v2\/users\/4"}],"replies":[{"embeddable":true,"href":"https:\/\/turysta2.pttk.pl\/index.php?rest_route=%2Fwp%2Fv2%2Fcomments&post=27564"}],"version-history":[{"count":1,"href":"https:\/\/turysta2.pttk.pl\/index.php?rest_route=\/wp\/v2\/posts\/27564\/revisions"}],"predecessor-version":[{"id":27569,"href":"https:\/\/turysta2.pttk.pl\/index.php?rest_route=\/wp\/v2\/posts\/27564\/revisions\/27569"}],"wp:featuredmedia":[{"embeddable":true,"href":"https:\/\/turysta2.pttk.pl\/index.php?rest_route=\/wp\/v2\/media\/27566"}],"wp:attachment":[{"href":"https:\/\/turysta2.pttk.pl\/index.php?rest_route=%2Fwp%2Fv2%2Fmedia&parent=27564"}],"wp:term":[{"taxonomy":"category","embeddable":true,"href":"https:\/\/turysta2.pttk.pl\/index.php?rest_route=%2Fwp%2Fv2%2Fcategories&post=27564"},{"taxonomy":"post_tag","embeddable":true,"href":"https:\/\/turysta2.pttk.pl\/index.php?rest_route=%2Fwp%2Fv2%2Ftags&post=27564"}],"curies":[{"name":"wp","href":"https:\/\/api.w.org\/{rel}","templated":true}]}}