{"id":27548,"date":"2022-09-12T18:59:42","date_gmt":"2022-09-12T16:59:42","guid":{"rendered":"https:\/\/turysta2.pttk.pl\/?p=27548"},"modified":"2023-03-27T11:37:42","modified_gmt":"2023-03-27T09:37:42","slug":"159-rocznica-powstania-styczniowego-w-ojcowie","status":"publish","type":"post","link":"https:\/\/turysta2.pttk.pl\/?p=27548","title":{"rendered":"159 rocznica powstania styczniowego w Ojcowie"},"content":{"rendered":"<p><strong>Dolina Pr\u0105dnika by\u0142a miejscem koncentracji powsta\u0144c\u00f3w styczniowych \u2013 jednego z pierwszych oddzia\u0142\u00f3w, kt\u00f3rym dowodzi\u0142 Apolinary Kurowski. Zgrupowanie licz\u0105ce oko\u0142o dw\u00f3ch tysi\u0119cy ludzi, z\u0142o\u017cone g\u0142\u00f3wnie z m\u0142odzie\u017cy inteligenckiej i rzemie\u015blniczej, bez przygotowania i wystarczaj\u0105cej ilo\u015bci broni podj\u0119\u0142o nier\u00f3wn\u0105 walk\u0119 z rosyjskim zaborc\u0105. <\/strong><\/p>\n<p>&nbsp;<\/p>\n<p>Rozpocz\u0119te 22 stycznia 1863 roku by\u0142o najtragiczniejszym z powsta\u0144 narodowych. Stoczono oko\u0142o 1200 bitew i potyczek, poleg\u0142o kilkadziesi\u0105t tysi\u0119cy powsta\u0144c\u00f3w, stracono blisko tysi\u0105c os\u00f3b, a oko\u0142o 38 tysi\u0119cy zes\u0142ano na katorg\u0119, wielu Polak\u00f3w uda\u0142o si\u0119 na emigracj\u0119. Rusyfikacji poddano administracj\u0119 Kr\u00f3lestwa Polskiego i inne sfery \u017cycia. Mimo olbrzymich strat pami\u0119\u0107 o powstaniu by\u0142a \u017cywa, jednoczy\u0142a Polak\u00f3w, mia\u0142a ogromny wp\u0142yw na ugruntowanie narodowej to\u017csamo\u015bci i przyczyni\u0142a si\u0119 do niepodleg\u0142o\u015bciowego zrywu podczas pierwszej wojny \u015bwiatowej.<\/p>\n<p>Powsta\u0144cy w Ojcowie gromadzili si\u0119 w dawnym hotelu \u201ePod \u0141okietkiem\u201d, przy kt\u00f3rym znajdowa\u0142 si\u0119 plac \u0107wicze\u0144, zajmowali tzw. Domek Szwajcarski, w\u0142o\u015bcia\u0144skie chaty i \u2013 jak podaje miejscowa tradycja \u2013 byli rozlokowani tak\u017ce w sza\u0142asach B\u0142otnego Do\u0142u (Dolina S\u0105spowska), czemu sprzyja\u0142a, przynajmniej w pocz\u0105tkowej fazie powstania, stosunkowo \u0142agodna i d\u017cd\u017cysta zima. Ojcowski oddzia\u0142 powsta\u0144czy poni\u00f3s\u0142 kl\u0119sk\u0119 w bitwie pod Miechowem 17 lutego 1863 roku.<\/p>\n<p>Pocz\u0105wszy od 1988 roku, z inicjatywy Polskiego Towarzystwa Turystyczno-Krajoznawczego, czczona jest pami\u0119\u0107 powsta\u0144czego zrywu. W tym\u017ce roku ods\u0142oni\u0119to tablic\u0119 pami\u0105tkow\u0105 wmurowan\u0105 we frontow\u0105 \u015bcian\u0119 hotelu \u201ePod \u0141okietkiem\u201d. Od tego czasu ka\u017cdego roku odbywaj\u0105 si\u0119 obchody rocznicy wybuchu powstania. Tak by\u0142o r\u00f3wnie\u017c w niedziel\u0119 23 stycznia 2022 roku. Mimo panuj\u0105cej pandemii w obchodach wzi\u0119\u0142o udzia\u0142 kilkadziesi\u0105t os\u00f3b. Przybyli m.in. wojewoda ma\u0142opolski, marsza\u0142ek wojew\u00f3dztwa ma\u0142opolskiego, starosta krakowski, w\u0142odarze okolicznych gmin, spo\u0142eczno\u015b\u0107 lokalna, harcerze, cz\u0142onkowie PTTK i inni.<\/p>\n<p>Po mszy \u015bwi\u0119tej odprawionej w ojcowskiej kaplicy \u201eNa Wodzie\u201d z\u0142o\u017cono kwiaty i zapalono znicze pod tablic\u0105 upami\u0119tniaj\u0105c\u0105 powstanie, wyg\u0142oszono okoliczno\u015bciowe przem\u00f3wienia. Zabrzmia\u0142 hymn pa\u0144stwowy, \u015bpiewano powsta\u0144cze pie\u015bni. Nast\u0119pnie odby\u0142 si\u0119 pokaz musztry i szermierki w wykonaniu Ma\u0142ogoskiego Oddzia\u0142u Powsta\u0144czego 1863 roku, kt\u00f3rego kilkunastoosobowy zesp\u00f3\u0142 specjalnie przyby\u0142 na t\u0119 uroczysto\u015b\u0107 z Ma\u0142ogoszcza (woj. \u015bwi\u0119tokrzyskie). Zap\u0142on\u0119\u0142o powsta\u0144cze ognisko, by\u0142 r\u00f3wnie\u017c gor\u0105cy posi\u0142ek.<\/p>\n<p>Uroczysto\u015bci w Ojcowie odby\u0142y si\u0119 ju\u017c po raz trzydziesty pi\u0105ty. Zosta\u0142y zainicjowane ponad 34 lata temu przez grup\u0119 cz\u0142onk\u00f3w PTTK w 125. rocznic\u0119 wybuchu powstania z ogromnym zaanga\u017cowaniem niedawno zmar\u0142ego naszego Kolegi Zbigniewa Twaroga (1924\u20132020), kt\u00f3ry od 1988 roku zawsze by\u0142 obecny na rocznicowych obchodach z ramienia Krakowskiego Oddzia\u0142u PTTK im. ks. Karola Wojty\u0142y. I tym razem oddzia\u0142 ten reprezentowa\u0142a kilkuosobowa grupa cz\u0142onk\u00f3w PTTK ze swoim sztandarem. Od tego czasu tradycja obchod\u00f3w kolejnej rocznicy powstania styczniowego wci\u0105\u017c trwa, niezale\u017cnie od pogody, z udzia\u0142em licznych uczestnik\u00f3w, kt\u00f3rzy oddaj\u0105 ho\u0142d powsta\u0144com, zachowuj\u0105c w ten spos\u00f3b pami\u0119\u0107 o po\u015bwi\u0119ceniu ich zdrowia i \u017cycia w walkach o niepodleg\u0142o\u015b\u0107.<\/p>\n<p>&nbsp;<\/p>\n<p><strong>Tekst i zdj\u0119cia: J\u00f3zef Partyka<\/strong><\/p>\n\n\t\t<style type=\"text\/css\">\n\t\t\t#gallery-1 {\n\t\t\t\tmargin: auto;\n\t\t\t}\n\t\t\t#gallery-1 .gallery-item {\n\t\t\t\tfloat: left;\n\t\t\t\tmargin-top: 10px;\n\t\t\t\ttext-align: center;\n\t\t\t\twidth: 33%;\n\t\t\t}\n\t\t\t#gallery-1 img {\n\t\t\t\tborder: 2px solid #cfcfcf;\n\t\t\t}\n\t\t\t#gallery-1 .gallery-caption {\n\t\t\t\tmargin-left: 0;\n\t\t\t}\n\t\t\t\/* see gallery_shortcode() in wp-includes\/media.php *\/\n\t\t<\/style>\n\t\t<div id='gallery-1' class='gallery galleryid-27548 gallery-columns-3 gallery-size-thumbnail'><dl class='gallery-item'>\n\t\t\t<dt class='gallery-icon landscape'>\n\t\t\t\t<a href='https:\/\/turysta2.pttk.pl\/?attachment_id=27549'><img loading=\"lazy\" decoding=\"async\" width=\"150\" height=\"150\" src=\"https:\/\/turysta2.pttk.pl\/wp-content\/uploads\/2022\/09\/Pokaz-szermierski-przez-grupe-rekonstrukcyjna.-fot.-Jozef-Partyka-150x150.jpg\" class=\"attachment-thumbnail size-thumbnail\" alt=\"\" \/><\/a>\n\t\t\t<\/dt><\/dl><dl class='gallery-item'>\n\t\t\t<dt class='gallery-icon portrait'>\n\t\t\t\t<a href='https:\/\/turysta2.pttk.pl\/?attachment_id=27550'><img loading=\"lazy\" decoding=\"async\" width=\"150\" height=\"150\" src=\"https:\/\/turysta2.pttk.pl\/wp-content\/uploads\/2022\/09\/Program-obchodow-159.-rocznicy-powstania-styczniowego.-fot.-Jozef-Partyka.-150x150.jpg\" class=\"attachment-thumbnail size-thumbnail\" alt=\"\" \/><\/a>\n\t\t\t<\/dt><\/dl><dl class='gallery-item'>\n\t\t\t<dt class='gallery-icon portrait'>\n\t\t\t\t<a href='https:\/\/turysta2.pttk.pl\/?attachment_id=27551'><img loading=\"lazy\" decoding=\"async\" width=\"150\" height=\"150\" src=\"https:\/\/turysta2.pttk.pl\/wp-content\/uploads\/2022\/09\/Reprezentacja-Oddzialu-Krakowskiego-PTTK-ze-sztandarem.-fot.-Teresa-Wolnicka-Ogieglo-150x150.jpeg\" class=\"attachment-thumbnail size-thumbnail\" alt=\"\" \/><\/a>\n\t\t\t<\/dt><\/dl><br style=\"clear: both\" \/><dl class='gallery-item'>\n\t\t\t<dt class='gallery-icon landscape'>\n\t\t\t\t<a href='https:\/\/turysta2.pttk.pl\/?attachment_id=27552'><img loading=\"lazy\" decoding=\"async\" width=\"150\" height=\"150\" src=\"https:\/\/turysta2.pttk.pl\/wp-content\/uploads\/2022\/09\/Skladanie-kwiatow-pod-tablica-pamiatkowa.-fot.-Jozef-Partyka.-150x150.jpg\" class=\"attachment-thumbnail size-thumbnail\" alt=\"\" \/><\/a>\n\t\t\t<\/dt><\/dl><dl class='gallery-item'>\n\t\t\t<dt class='gallery-icon portrait'>\n\t\t\t\t<a href='https:\/\/turysta2.pttk.pl\/?attachment_id=27553'><img loading=\"lazy\" decoding=\"async\" width=\"150\" height=\"150\" src=\"https:\/\/turysta2.pttk.pl\/wp-content\/uploads\/2022\/09\/Wiazanki-kwiatow-pod-tablica-powstania-styczniowego-w-Ojcowie.-fot.-Jozef-Partyka.-150x150.jpg\" class=\"attachment-thumbnail size-thumbnail\" alt=\"\" \/><\/a>\n\t\t\t<\/dt><\/dl>\n\t\t\t<br style='clear: both' \/>\n\t\t<\/div>\n\n","protected":false},"excerpt":{"rendered":"Dolina Pr\u0105dnika by\u0142a miejscem koncentracji powsta\u0144c\u00f3w styczniowych \u2013 jednego z pierwszych oddzia\u0142\u00f3w, kt\u00f3rym dowodzi\u0142 Apolinary Kurowski. Zgrupowanie licz\u0105ce oko\u0142o dw\u00f3ch tysi\u0119cy ludzi, z\u0142o\u017cone g\u0142\u00f3wnie z m\u0142odzie\u017cy inteligenckiej i rzemie\u015blniczej, bez przygotowania i wystarczaj\u0105cej ilo\u015bci broni podj\u0119\u0142o nier\u00f3wn\u0105 walk\u0119 z rosyjskim zaborc\u0105. &nbsp; Rozpocz\u0119te 22 stycznia 1863 roku by\u0142o najtragiczniejszym z powsta\u0144 narodowych. Stoczono oko\u0142o 1200 bitew i potyczek, poleg\u0142o kilkadziesi\u0105t&nbsp;<a href=\"https:\/\/turysta2.pttk.pl\/?p=27548\" class=\"read-more\">Continue Reading<\/a>","protected":false},"author":4,"featured_media":0,"comment_status":"closed","ping_status":"closed","sticky":false,"template":"","format":"gallery","meta":{"footnotes":""},"categories":[87,11],"tags":[],"class_list":["post-27548","post","type-post","status-publish","format-gallery","hentry","category-dawniej-bywalo","category-turysta-poleca","post_format-post-format-gallery","cat-87-id","cat-11-id"],"aioseo_notices":[],"_links":{"self":[{"href":"https:\/\/turysta2.pttk.pl\/index.php?rest_route=\/wp\/v2\/posts\/27548","targetHints":{"allow":["GET"]}}],"collection":[{"href":"https:\/\/turysta2.pttk.pl\/index.php?rest_route=\/wp\/v2\/posts"}],"about":[{"href":"https:\/\/turysta2.pttk.pl\/index.php?rest_route=\/wp\/v2\/types\/post"}],"author":[{"embeddable":true,"href":"https:\/\/turysta2.pttk.pl\/index.php?rest_route=\/wp\/v2\/users\/4"}],"replies":[{"embeddable":true,"href":"https:\/\/turysta2.pttk.pl\/index.php?rest_route=%2Fwp%2Fv2%2Fcomments&post=27548"}],"version-history":[{"count":1,"href":"https:\/\/turysta2.pttk.pl\/index.php?rest_route=\/wp\/v2\/posts\/27548\/revisions"}],"predecessor-version":[{"id":27554,"href":"https:\/\/turysta2.pttk.pl\/index.php?rest_route=\/wp\/v2\/posts\/27548\/revisions\/27554"}],"wp:attachment":[{"href":"https:\/\/turysta2.pttk.pl\/index.php?rest_route=%2Fwp%2Fv2%2Fmedia&parent=27548"}],"wp:term":[{"taxonomy":"category","embeddable":true,"href":"https:\/\/turysta2.pttk.pl\/index.php?rest_route=%2Fwp%2Fv2%2Fcategories&post=27548"},{"taxonomy":"post_tag","embeddable":true,"href":"https:\/\/turysta2.pttk.pl\/index.php?rest_route=%2Fwp%2Fv2%2Ftags&post=27548"}],"curies":[{"name":"wp","href":"https:\/\/api.w.org\/{rel}","templated":true}]}}