{"id":27498,"date":"2022-09-12T18:27:27","date_gmt":"2022-09-12T16:27:27","guid":{"rendered":"https:\/\/turysta2.pttk.pl\/?p=27498"},"modified":"2023-03-27T11:37:42","modified_gmt":"2023-03-27T09:37:42","slug":"ludzie-z-pasja","status":"publish","type":"post","link":"https:\/\/turysta2.pttk.pl\/?p=27498","title":{"rendered":"Ludzie z pasj\u0105"},"content":{"rendered":"<p><strong>Regionalna izba tradycji pod Diabl\u0105 G\u00f3r\u0105<\/strong><\/p>\n<p><strong>\u00a0<\/strong><\/p>\n<p><strong>Kiedy kilkadziesi\u0105t lat temu zdecydowali\u015bmy si\u0119 na \u201eucieczk\u0119\u201d z miasta, wymarzyli\u015bmy sobie samodzielne pieczenie chleba w prawdziwym piecu chlebowym. Budowa domu trwa\u0142a lata. Ale od razu przeznaczyli\u015bmy jedno z pomieszcze\u0144 piwnicy na kuchni\u0119 wiejsk\u0105 z piecem chlebowym. I tak to si\u0119 zacz\u0119\u0142o. \u2026<\/strong><\/p>\n\n\t\t<style type=\"text\/css\">\n\t\t\t#gallery-1 {\n\t\t\t\tmargin: auto;\n\t\t\t}\n\t\t\t#gallery-1 .gallery-item {\n\t\t\t\tfloat: left;\n\t\t\t\tmargin-top: 10px;\n\t\t\t\ttext-align: center;\n\t\t\t\twidth: 33%;\n\t\t\t}\n\t\t\t#gallery-1 img {\n\t\t\t\tborder: 2px solid #cfcfcf;\n\t\t\t}\n\t\t\t#gallery-1 .gallery-caption {\n\t\t\t\tmargin-left: 0;\n\t\t\t}\n\t\t\t\/* see gallery_shortcode() in wp-includes\/media.php *\/\n\t\t<\/style>\n\t\t<div id='gallery-1' class='gallery galleryid-27498 gallery-columns-3 gallery-size-thumbnail'><dl class='gallery-item'>\n\t\t\t<dt class='gallery-icon landscape'>\n\t\t\t\t<a href='https:\/\/turysta2.pttk.pl\/?attachment_id=27499'><img loading=\"lazy\" decoding=\"async\" width=\"150\" height=\"150\" src=\"https:\/\/turysta2.pttk.pl\/wp-content\/uploads\/2022\/09\/fot.-Barbara-i-Przemyslaw-Ciszewscy-150x150.jpg\" class=\"attachment-thumbnail size-thumbnail\" alt=\"\" \/><\/a>\n\t\t\t<\/dt><\/dl><dl class='gallery-item'>\n\t\t\t<dt class='gallery-icon landscape'>\n\t\t\t\t<a href='https:\/\/turysta2.pttk.pl\/?attachment_id=27500'><img loading=\"lazy\" decoding=\"async\" width=\"150\" height=\"150\" src=\"https:\/\/turysta2.pttk.pl\/wp-content\/uploads\/2022\/09\/2.-fot.-Barbara-i-Przemyslaw-Ciszewscy.JPG-150x150.jpg\" class=\"attachment-thumbnail size-thumbnail\" alt=\"\" \/><\/a>\n\t\t\t<\/dt><\/dl><dl class='gallery-item'>\n\t\t\t<dt class='gallery-icon portrait'>\n\t\t\t\t<a href='https:\/\/turysta2.pttk.pl\/?attachment_id=27501'><img loading=\"lazy\" decoding=\"async\" width=\"150\" height=\"150\" src=\"https:\/\/turysta2.pttk.pl\/wp-content\/uploads\/2022\/09\/061-150x150.jpg\" class=\"attachment-thumbnail size-thumbnail\" alt=\"\" \/><\/a>\n\t\t\t<\/dt><\/dl><br style=\"clear: both\" \/><dl class='gallery-item'>\n\t\t\t<dt class='gallery-icon landscape'>\n\t\t\t\t<a href='https:\/\/turysta2.pttk.pl\/?attachment_id=27502'><img loading=\"lazy\" decoding=\"async\" width=\"150\" height=\"150\" src=\"https:\/\/turysta2.pttk.pl\/wp-content\/uploads\/2022\/09\/20210628_160628-150x150.jpg\" class=\"attachment-thumbnail size-thumbnail\" alt=\"\" \/><\/a>\n\t\t\t<\/dt><\/dl>\n\t\t\t<br style='clear: both' \/>\n\t\t<\/div>\n\n<p>Skoro by\u0142a to kuchnia wiejska, to trzeba by\u0142o j\u0105 wyposa\u017cy\u0107 w wiejskie sprz\u0119ty. S\u0105siedzi i znajomi ch\u0119tnie pozbywali si\u0119 starych rupieci zalegaj\u0105cych ich poddasza i szopy. Te zdezelowane i cz\u0119sto niekompletne sprz\u0119ty wymaga\u0142y konserwacji, naprawy, a cz\u0119sto i odtwarzania niekt\u00f3rych element\u00f3w. W zwi\u0105zku z tym stworzyli\u015bmy w piwnicy warsztacik, gdzie po pracy, zw\u0142aszcza zim\u0105, sp\u0119dza\u0142em d\u0142ugie godziny na \u017cmudnej, lecz ciekawej pracy. W ten spos\u00f3b nasza wiejska kuchnia zyska\u0142a nowe-stare wyposa\u017cenie. Odwiedzaj\u0105cy nas znajomi zacz\u0119li przyprowadza\u0107 dzieci, \u017ceby im pokaza\u0107 sprz\u0119ty, kt\u00f3rymi pos\u0142ugiwali si\u0119 ich dziadkowie i pradziadkowie.<\/p>\n<p>W tym czasie zapisali\u015bmy si\u0119 do tutejszego oddzia\u0142u PTTK prowadzonego przez dwoje pasjonat\u00f3w, pa\u0144stwo Gra\u017cyn\u0119 i W\u0142odzimierza Szafi\u0144skich. Okaza\u0142o si\u0119, \u017ce trafili\u015bmy na ludzi, kt\u00f3rzy nie tylko docenili nasz\u0105 prac\u0119, ale poprzez kontakty tej organizacji zacz\u0119li informowa\u0107 o naszej dzia\u0142alno\u015bci zaprzyja\u017anione ko\u0142a. W izbie zacz\u0119li si\u0119 pojawia\u0107 przedstawiciele innych k\u00f3\u0142 PTTK, wycieczki szkolne, a tak\u017ce indywidualni tury\u015bci, kt\u00f3rzy zap\u0119dzili si\u0119 w rejon Diablej G\u00f3ry. To zmobilizo<\/p>\n<p>wa\u0142o nas do rozszerzenia ekspozycji, tym bardziej \u017ce otrzymywane eksponaty nie mie\u015bci\u0142y si\u0119 ju\u017c na dotychczasowej powierzchni.<\/p>\n<p>Wykorzystuj\u0105c fakt, \u017ce przezornie, cho\u0107 nie z takim przeznaczeniem, podpiwniczyli\u015bmy ca\u0142y dom, powi\u0119kszyli\u015bmy nasze ma\u0142e muzeum. W piwnicznym korytarzu powsta\u0142a ekspozycja dawnych przybor\u00f3w przeznaczonych do prania i prasowania oraz narz\u0119dzi zwi\u0105zanych ze \u017cniwami, uzupe\u0142niona prezentacj\u0105 zb\u00f3\u017c uprawianych niegdy\u015b na tym terenie. Nast\u0119pnie odtworzyli\u015bmy wygl\u0105d dawnej izby paradnej i komory. Znalaz\u0142y si\u0119 tu skrzynie posa\u017cne, st\u00f3\u0142 z zastaw\u0105, \u0142\u00f3\u017cko, ko\u0142yska, zabawki drewniane i odrestaurowane obrazy. Za\u0142o\u017cyli\u015bmy ksi\u0119g\u0119 pami\u0105tkow\u0105, do kt\u00f3rej mog\u0105 si\u0119 wpisywa\u0107 osoby i wycieczki odwiedzaj\u0105ce nasz\u0105 izb\u0119 tradycji. Powsta\u0142a nawet zaprojektowana przez mojego bratanka Macieja Ciszewskiego okoliczno\u015bciowa piecz\u0105tka, upami\u0119tniaj\u0105ca i\u00a0 po\u015bwiadczaj\u0105ca wizyt\u0119 w naszym muzeum.<br \/>\nW 2020 roku \u201eizba\u201d znalaz\u0142a si\u0119 w wykazie obiekt\u00f3w, kt\u00f3rych zwiedzenie uprawnia do zdobycia Turystyczno-Krajoznawczej Odznaki gminy \u017barn\u00f3w. Atrakcyjno\u015b\u0107 obiektu\u00a0 podnosi blisko\u015b\u0107 rezerwatu \u201eDiabla G\u00f3ra\u201d z jego malowniczymi w\u0105wozami i ska\u0142kami.\u00a0 W tym\u017ce 2020 roku nasza dzia\u0142alno\u015b\u0107 zosta\u0142a doceniona przez w\u0142adze powiatowe, kt\u00f3re uhonorowa\u0142y nas <em>\u201e<\/em>Doroczn\u0105 Nagrod\u0105 Powiatu Opoczy\u0144skiego w dziedzinie kultury za propagowanie kultury ludowej, rozs\u0142awianie historii i folkloru regionu opoczy\u0144skiego oraz przekazywanie dziedzictwa kulturowego m\u0142odemu pokoleniu<em>\u201d.<\/em> W tym roku otrzymali\u015bmy w formie daru od prezesa ko\u0142a PTTK w Ko\u0144skich, pana Wojciecha Paska, pi\u0119knie wykonane tablice informacyjne.<\/p>\n<p>Zapraszamy wszystkich ch\u0119tnych, kt\u00f3rzy w swych w\u0119dr\u00f3wkach zn<\/p>\n<p>ajd\u0105 si\u0119 w okolicach Diablej G\u00f3ry, do rzucenia okiem na\u00a0 pami\u0105tki dawnej wsi opoczy\u0144skiej\u00a0 (najch\u0119tniej po uprzednim kontakcie telefonicznym).<\/p>\n<p>&nbsp;<\/p>\n<p>Tekst i zdj\u0119cia: Barbara i Przemys\u0142aw Ciszewscy<\/p>\n","protected":false},"excerpt":{"rendered":"Regionalna izba tradycji pod Diabl\u0105 G\u00f3r\u0105 \u00a0 Kiedy kilkadziesi\u0105t lat temu zdecydowali\u015bmy si\u0119 na \u201eucieczk\u0119\u201d z miasta, wymarzyli\u015bmy sobie samodzielne pieczenie chleba w prawdziwym piecu chlebowym. Budowa domu trwa\u0142a lata. Ale od razu przeznaczyli\u015bmy jedno z pomieszcze\u0144 piwnicy na kuchni\u0119 wiejsk\u0105 z piecem chlebowym. I tak to si\u0119 zacz\u0119\u0142o. \u2026 Skoro by\u0142a to kuchnia wiejska, to trzeba by\u0142o j\u0105 wyposa\u017cy\u0107&nbsp;<a href=\"https:\/\/turysta2.pttk.pl\/?p=27498\" class=\"read-more\">Continue Reading<\/a>","protected":false},"author":4,"featured_media":27501,"comment_status":"closed","ping_status":"closed","sticky":false,"template":"","format":"standard","meta":{"footnotes":""},"categories":[14,82],"tags":[],"class_list":["post-27498","post","type-post","status-publish","format-standard","has-post-thumbnail","hentry","category-krajoznawstwo","category-ludzie-z-pasja","cat-14-id","cat-82-id"],"aioseo_notices":[],"_links":{"self":[{"href":"https:\/\/turysta2.pttk.pl\/index.php?rest_route=\/wp\/v2\/posts\/27498","targetHints":{"allow":["GET"]}}],"collection":[{"href":"https:\/\/turysta2.pttk.pl\/index.php?rest_route=\/wp\/v2\/posts"}],"about":[{"href":"https:\/\/turysta2.pttk.pl\/index.php?rest_route=\/wp\/v2\/types\/post"}],"author":[{"embeddable":true,"href":"https:\/\/turysta2.pttk.pl\/index.php?rest_route=\/wp\/v2\/users\/4"}],"replies":[{"embeddable":true,"href":"https:\/\/turysta2.pttk.pl\/index.php?rest_route=%2Fwp%2Fv2%2Fcomments&post=27498"}],"version-history":[{"count":3,"href":"https:\/\/turysta2.pttk.pl\/index.php?rest_route=\/wp\/v2\/posts\/27498\/revisions"}],"predecessor-version":[{"id":27685,"href":"https:\/\/turysta2.pttk.pl\/index.php?rest_route=\/wp\/v2\/posts\/27498\/revisions\/27685"}],"wp:featuredmedia":[{"embeddable":true,"href":"https:\/\/turysta2.pttk.pl\/index.php?rest_route=\/wp\/v2\/media\/27501"}],"wp:attachment":[{"href":"https:\/\/turysta2.pttk.pl\/index.php?rest_route=%2Fwp%2Fv2%2Fmedia&parent=27498"}],"wp:term":[{"taxonomy":"category","embeddable":true,"href":"https:\/\/turysta2.pttk.pl\/index.php?rest_route=%2Fwp%2Fv2%2Fcategories&post=27498"},{"taxonomy":"post_tag","embeddable":true,"href":"https:\/\/turysta2.pttk.pl\/index.php?rest_route=%2Fwp%2Fv2%2Ftags&post=27498"}],"curies":[{"name":"wp","href":"https:\/\/api.w.org\/{rel}","templated":true}]}}