{"id":27494,"date":"2022-09-12T18:25:42","date_gmt":"2022-09-12T16:25:42","guid":{"rendered":"https:\/\/turysta2.pttk.pl\/?p=27494"},"modified":"2023-03-27T11:37:43","modified_gmt":"2023-03-27T09:37:43","slug":"zjazd-fotokrajoznawcow","status":"publish","type":"post","link":"https:\/\/turysta2.pttk.pl\/?p=27494","title":{"rendered":"Zjazd Fotokrajoznawc\u00f3w"},"content":{"rendered":"<p><strong>Zjazd fotograf\u00f3w krajoznawc\u00f3w PTTK w \u0141odzi<\/strong><\/p>\n<p>&nbsp;<\/p>\n<p><strong>W po\u0142owie pa\u017adziernika ub.r. w \u0141odzi obradowa\u0142 I og\u00f3lnopolski zjazd klub\u00f3w i komisji fotografii krajoznawczych oraz terenowych referat\u00f3w weryfikacyjnych PTTK. W spotkaniu, otwartym przez przewodnicz\u0105cego Komisji Foto-Kraj. ZG PTTK Jerzego Maciejewskiego uczestniczy\u0142o ok. 30 turyst\u00f3w z Chorzowa, Cieszyna, Elbl\u0105ga, Gdyni, Malborka, Myszkowa, Pleszewa, a w ich gronie cz\u0142onkowie honorowi naszego Towarzystwa Ryszard J\u00f3zef Wrzosek i Marian Kotarski. <\/strong><\/p>\n<p><strong>\u00a0<\/strong><\/p>\n<p>Turystyczni fotograficy dzielili si\u0119 swymi do\u015bwiadczeniami w pracy organizacyjnej w ko\u0142ach, klubach i sekcjach fotograficznych, dzia\u0142alno\u015bci instruktorskiej i weryfikacyjnej. Sporo czasu po\u015bwi\u0119cono wymianie do\u015bwiadcze\u0144 w zakresie powo\u0142ywania nowych klub\u00f3w zrzeszaj\u0105cych amator\u00f3w fotografii krajoznawczej oraz weryfikacji odznak; t\u0119 cz\u0119\u015b\u0107 spotkania, maj\u0105c\u0105 charakter szkolenia, prowadzi\u0142 przewodnicz\u0105cego G\u0142\u00f3wnego Referatu Weryfikacyjnego Odznaki Fotografa Krajoznawcy Andrzej Kowol. Wys\u0142uchano prelekcji na temat historii fotografii krajoznawczej wyg\u0142oszonej przez nestora \u0142\u00f3dzkich fotografik\u00f3w Miros\u0142awa Wojalskiego oraz informacji o bie\u017c\u0105cej dzia\u0142alno\u015bci 45-letniego Oddzia\u0142u PTTK \u0141\u00f3d\u017a Polesie przekazanej przez prezesa Krzysztofa G\u00f3r\u0119, notabene g\u0142\u00f3wnego organizatora relacjonowanego Zjazdu.<\/p>\n<p>Tury\u015bci odbyli podr\u00f3\u017c zabytkowym tramwajem, uczestniczyli w sobotnim plenerze w dzielnicy Ksi\u0119\u017cy M\u0142yn i niedzielnym na ul. Piotrkowskiej. Przewodnik Jan Zienkiewicz wprowadzi\u0142 zwiedzaj\u0105cych w zaczarowany \u015bwiat i klimat \u0141odzi z drugiej po\u0142owy XIX w. Tury\u015bci z autopsji zobaczyli, jak niegdy\u015b zaniedbane przestrzenie pofabryczne zyskuj\u0105 nowy wygl\u0105d, nowe funkcje, nowe \u017cycie.<\/p>\n<p>Przy okazji zjazdu wr\u0119czono du\u017ce Odznaki Fotografii Krajoznawczej, a wszystkich uczestnik\u00f3w obdarowano materia\u0142ami promocyjnymi i krajoznawczymi przekazanymi przez \u0142\u00f3dzki Urz\u0105d Miasta oraz przez Urz\u0105d Marsza\u0142kowski.<\/p>\n<p>Kolejny organizowany przez Bogdana M\u0105dera odb\u0119dzie si\u0119 15-16 pa\u017adziernika w Malborku.<\/p>\n<p>&nbsp;<\/p>\n<p>Marian Kotarski<\/p>\n<p>Zdj\u0119cia: Andrzej Kowol<\/p>\n\n\t\t<style type=\"text\/css\">\n\t\t\t#gallery-1 {\n\t\t\t\tmargin: auto;\n\t\t\t}\n\t\t\t#gallery-1 .gallery-item {\n\t\t\t\tfloat: left;\n\t\t\t\tmargin-top: 10px;\n\t\t\t\ttext-align: center;\n\t\t\t\twidth: 33%;\n\t\t\t}\n\t\t\t#gallery-1 img {\n\t\t\t\tborder: 2px solid #cfcfcf;\n\t\t\t}\n\t\t\t#gallery-1 .gallery-caption {\n\t\t\t\tmargin-left: 0;\n\t\t\t}\n\t\t\t\/* see gallery_shortcode() in wp-includes\/media.php *\/\n\t\t<\/style>\n\t\t<div id='gallery-1' class='gallery galleryid-27494 gallery-columns-3 gallery-size-thumbnail'><dl class='gallery-item'>\n\t\t\t<dt class='gallery-icon landscape'>\n\t\t\t\t<a href='https:\/\/turysta2.pttk.pl\/?attachment_id=27495'><img loading=\"lazy\" decoding=\"async\" width=\"150\" height=\"150\" src=\"https:\/\/turysta2.pttk.pl\/wp-content\/uploads\/2022\/09\/Uczestnicy-turystycznego-spaceru-po-Lodzi.fot_.-Andrzej-Kowol-150x150.jpg\" class=\"attachment-thumbnail size-thumbnail\" alt=\"\" \/><\/a>\n\t\t\t<\/dt><\/dl><dl class='gallery-item'>\n\t\t\t<dt class='gallery-icon landscape'>\n\t\t\t\t<a href='https:\/\/turysta2.pttk.pl\/?attachment_id=27496'><img loading=\"lazy\" decoding=\"async\" width=\"150\" height=\"150\" src=\"https:\/\/turysta2.pttk.pl\/wp-content\/uploads\/2022\/09\/Zwiedzanie-Lodzi-zabytkowym-tramwajem-fot.-Andrzej-Kowol-150x150.jpg\" class=\"attachment-thumbnail size-thumbnail\" alt=\"\" \/><\/a>\n\t\t\t<\/dt><\/dl>\n\t\t\t<br style='clear: both' \/>\n\t\t<\/div>\n\n","protected":false},"excerpt":{"rendered":"Zjazd fotograf\u00f3w krajoznawc\u00f3w PTTK w \u0141odzi &nbsp; W po\u0142owie pa\u017adziernika ub.r. w \u0141odzi obradowa\u0142 I og\u00f3lnopolski zjazd klub\u00f3w i komisji fotografii krajoznawczych oraz terenowych referat\u00f3w weryfikacyjnych PTTK. W spotkaniu, otwartym przez przewodnicz\u0105cego Komisji Foto-Kraj. ZG PTTK Jerzego Maciejewskiego uczestniczy\u0142o ok. 30 turyst\u00f3w z Chorzowa, Cieszyna, Elbl\u0105ga, Gdyni, Malborka, Myszkowa, Pleszewa, a w ich gronie cz\u0142onkowie honorowi naszego Towarzystwa Ryszard J\u00f3zef&nbsp;<a href=\"https:\/\/turysta2.pttk.pl\/?p=27494\" class=\"read-more\">Continue Reading<\/a>","protected":false},"author":4,"featured_media":27495,"comment_status":"closed","ping_status":"closed","sticky":false,"template":"","format":"standard","meta":{"footnotes":""},"categories":[78,14],"tags":[],"class_list":["post-27494","post","type-post","status-publish","format-standard","has-post-thumbnail","hentry","category-konferencje-szkolenia","category-krajoznawstwo","cat-78-id","cat-14-id"],"aioseo_notices":[],"_links":{"self":[{"href":"https:\/\/turysta2.pttk.pl\/index.php?rest_route=\/wp\/v2\/posts\/27494","targetHints":{"allow":["GET"]}}],"collection":[{"href":"https:\/\/turysta2.pttk.pl\/index.php?rest_route=\/wp\/v2\/posts"}],"about":[{"href":"https:\/\/turysta2.pttk.pl\/index.php?rest_route=\/wp\/v2\/types\/post"}],"author":[{"embeddable":true,"href":"https:\/\/turysta2.pttk.pl\/index.php?rest_route=\/wp\/v2\/users\/4"}],"replies":[{"embeddable":true,"href":"https:\/\/turysta2.pttk.pl\/index.php?rest_route=%2Fwp%2Fv2%2Fcomments&post=27494"}],"version-history":[{"count":1,"href":"https:\/\/turysta2.pttk.pl\/index.php?rest_route=\/wp\/v2\/posts\/27494\/revisions"}],"predecessor-version":[{"id":27497,"href":"https:\/\/turysta2.pttk.pl\/index.php?rest_route=\/wp\/v2\/posts\/27494\/revisions\/27497"}],"wp:featuredmedia":[{"embeddable":true,"href":"https:\/\/turysta2.pttk.pl\/index.php?rest_route=\/wp\/v2\/media\/27495"}],"wp:attachment":[{"href":"https:\/\/turysta2.pttk.pl\/index.php?rest_route=%2Fwp%2Fv2%2Fmedia&parent=27494"}],"wp:term":[{"taxonomy":"category","embeddable":true,"href":"https:\/\/turysta2.pttk.pl\/index.php?rest_route=%2Fwp%2Fv2%2Fcategories&post=27494"},{"taxonomy":"post_tag","embeddable":true,"href":"https:\/\/turysta2.pttk.pl\/index.php?rest_route=%2Fwp%2Fv2%2Ftags&post=27494"}],"curies":[{"name":"wp","href":"https:\/\/api.w.org\/{rel}","templated":true}]}}