{"id":27484,"date":"2022-09-12T18:20:11","date_gmt":"2022-09-12T16:20:11","guid":{"rendered":"https:\/\/turysta2.pttk.pl\/?p=27484"},"modified":"2023-03-27T11:37:43","modified_gmt":"2023-03-27T09:37:43","slug":"kolej-na-pttk","status":"publish","type":"post","link":"https:\/\/turysta2.pttk.pl\/?p=27484","title":{"rendered":"Kolej na PTTK"},"content":{"rendered":"<p>\u201e<strong>Kolej na PTTK\u201d w Oddziale Warmi\u0144sko-Mazurskim<\/strong><\/p>\n<p>&nbsp;<\/p>\n<p><strong>Oddzia\u0142 Warmi\u0144sko-Mazurski PTTK w Olsztynie potraktowa\u0142 has\u0142o \u201eKolej na PTTK\u201d dos\u0142ownie. Od wiosny do p\u00f3\u017anej jesieni odby\u0142o si\u0119 kilkana\u015bcie og\u00f3lnodost\u0119pnych, organizowanych z my\u015bl\u0105 tak\u017ce o sympatykach PTTK wycieczek. <\/strong><\/p>\n<p>&nbsp;<\/p>\n<p>Kupujesz bilet i jedziesz z nami\u2026 My zapewniamy przewodnika, ciekawe opowie\u015bci o rzadko odwiedzanych miejscach i dobr\u0105 organizacj\u0119. Czasem has\u0142a wycieczki brzmia\u0142y nieco frywolnie. \u201eWszystkie pupy do Spychowa\u201d i ju\u017c na pewno wszyscy zapami\u0119tali, \u017ce Spychowo to dawniej Pupy. Innym razem by\u0142o \u201eDo I\u0142awy \u2013 nie ma sprawy\u201d, ogl\u0105dali\u015bmy pi\u0119kne miasto nad Jeziorakiem i jego okolice. We wrze\u015bniu zawo\u0142ali\u015bmy \u201eRusz si\u0119 na Susz\u201d i mimo \u017ce to do\u015b\u0107 daleko, z dom\u00f3w wyruszy\u0142o 25 os\u00f3b.<\/p>\n<p>Wypad rowerowy do W\u0119gorzewa pozwoli\u0142 pozna\u0107 dawny w\u0119ze\u0142 kolejowy dla pi\u0119ciu kierunk\u00f3w (dzi\u015b zosta\u0142 jeden) i zwiedzi\u0107 Muzeum Tradycji Kolejowej. Cz\u0119sto wycieczki by\u0142y dwuetapowe \u2013 dla mniej wytrwa\u0142ych powr\u00f3t wcze\u015bniejszym poci\u0105giem, ostatnim \u2013 dla zapale\u0144c\u00f3w ch\u0119tnych pokona\u0107 d\u0142u\u017csze dystanse i wi\u0119cej zobaczy\u0107. Dobr\u0105 ofert\u0105 kolei regionalnych okaza\u0142 si\u0119 bilet weekendowy. Pozwala\u0142 jecha\u0107 w sobot\u0119, wr\u00f3ci\u0107 do domu i ponownie jecha\u0107 w niedziel\u0119 na inn\u0105 tras\u0119 nawet do s\u0105siednich wojew\u00f3dztw.<\/p>\n<p>W sumie imprez by\u0142o oko\u0142o 30, a liczba uczestnik\u00f3w od 10 do 50, razem ponad 600 os\u00f3b. Wycieczki organizowa\u0142 Samorz\u0105d Przewodnicki i Regionalna Komisja Turystyki Pieszej.<\/p>\n<p>Kolej od dziesi\u0105tk\u00f3w lat dobrze s\u0142u\u017cy nam w lokalnej i regionalnej turystyce. Potwierdzi\u0142 to rok miniony, a przysz\u0142y przyniesie nast\u0119pne interesuj\u0105ce wyprawy.<\/p>\n<p>&nbsp;<\/p>\n<p>Marian Jurak<\/p>\n<p>Zdj\u0119cia Andrzej Bobrowicz<\/p>\n<p>&nbsp;<\/p>\n\n\t\t<style type=\"text\/css\">\n\t\t\t#gallery-1 {\n\t\t\t\tmargin: auto;\n\t\t\t}\n\t\t\t#gallery-1 .gallery-item {\n\t\t\t\tfloat: left;\n\t\t\t\tmargin-top: 10px;\n\t\t\t\ttext-align: center;\n\t\t\t\twidth: 33%;\n\t\t\t}\n\t\t\t#gallery-1 img {\n\t\t\t\tborder: 2px solid #cfcfcf;\n\t\t\t}\n\t\t\t#gallery-1 .gallery-caption {\n\t\t\t\tmargin-left: 0;\n\t\t\t}\n\t\t\t\/* see gallery_shortcode() in wp-includes\/media.php *\/\n\t\t<\/style>\n\t\t<div id='gallery-1' class='gallery galleryid-27484 gallery-columns-3 gallery-size-thumbnail'><dl class='gallery-item'>\n\t\t\t<dt class='gallery-icon landscape'>\n\t\t\t\t<a href='https:\/\/turysta2.pttk.pl\/?attachment_id=27485'><img loading=\"lazy\" decoding=\"async\" width=\"150\" height=\"150\" src=\"https:\/\/turysta2.pttk.pl\/wp-content\/uploads\/2022\/09\/fot.-Andrzej-Bobrowicz1-150x150.jpeg\" class=\"attachment-thumbnail size-thumbnail\" alt=\"\" \/><\/a>\n\t\t\t<\/dt><\/dl><dl class='gallery-item'>\n\t\t\t<dt class='gallery-icon portrait'>\n\t\t\t\t<a href='https:\/\/turysta2.pttk.pl\/?attachment_id=27486'><img loading=\"lazy\" decoding=\"async\" width=\"150\" height=\"150\" src=\"https:\/\/turysta2.pttk.pl\/wp-content\/uploads\/2022\/09\/fot.-Andrzej-Bobrowicz2-150x150.jpeg\" class=\"attachment-thumbnail size-thumbnail\" alt=\"\" \/><\/a>\n\t\t\t<\/dt><\/dl><dl class='gallery-item'>\n\t\t\t<dt class='gallery-icon portrait'>\n\t\t\t\t<a href='https:\/\/turysta2.pttk.pl\/?attachment_id=27487'><img loading=\"lazy\" decoding=\"async\" width=\"150\" height=\"150\" src=\"https:\/\/turysta2.pttk.pl\/wp-content\/uploads\/2022\/09\/fot.-Andrzej-Bobrowicz3-150x150.jpeg\" class=\"attachment-thumbnail size-thumbnail\" alt=\"\" \/><\/a>\n\t\t\t<\/dt><\/dl><br style=\"clear: both\" \/><dl class='gallery-item'>\n\t\t\t<dt class='gallery-icon landscape'>\n\t\t\t\t<a href='https:\/\/turysta2.pttk.pl\/?attachment_id=27488'><img loading=\"lazy\" decoding=\"async\" width=\"150\" height=\"150\" src=\"https:\/\/turysta2.pttk.pl\/wp-content\/uploads\/2022\/09\/fot.-Andrzej-Bobrowicz4-150x150.jpeg\" class=\"attachment-thumbnail size-thumbnail\" alt=\"\" \/><\/a>\n\t\t\t<\/dt><\/dl><dl class='gallery-item'>\n\t\t\t<dt class='gallery-icon landscape'>\n\t\t\t\t<a href='https:\/\/turysta2.pttk.pl\/?attachment_id=27489'><img loading=\"lazy\" decoding=\"async\" width=\"150\" height=\"150\" src=\"https:\/\/turysta2.pttk.pl\/wp-content\/uploads\/2022\/09\/fot.-Andrzej-Bobrowicz5-150x150.jpeg\" class=\"attachment-thumbnail size-thumbnail\" alt=\"\" \/><\/a>\n\t\t\t<\/dt><\/dl><dl class='gallery-item'>\n\t\t\t<dt class='gallery-icon portrait'>\n\t\t\t\t<a href='https:\/\/turysta2.pttk.pl\/?attachment_id=27490'><img loading=\"lazy\" decoding=\"async\" width=\"150\" height=\"150\" src=\"https:\/\/turysta2.pttk.pl\/wp-content\/uploads\/2022\/09\/fot.-Andrzej-Bobrowicz-150x150.jpeg\" class=\"attachment-thumbnail size-thumbnail\" alt=\"\" \/><\/a>\n\t\t\t<\/dt><\/dl><br style=\"clear: both\" \/><dl class='gallery-item'>\n\t\t\t<dt class='gallery-icon portrait'>\n\t\t\t\t<a href='https:\/\/turysta2.pttk.pl\/?attachment_id=27491'><img loading=\"lazy\" decoding=\"async\" width=\"150\" height=\"150\" src=\"https:\/\/turysta2.pttk.pl\/wp-content\/uploads\/2022\/09\/fot.-Andrzej-Bobrowicz-150x150.jpg\" class=\"attachment-thumbnail size-thumbnail\" alt=\"\" \/><\/a>\n\t\t\t<\/dt><\/dl><dl class='gallery-item'>\n\t\t\t<dt class='gallery-icon portrait'>\n\t\t\t\t<a href='https:\/\/turysta2.pttk.pl\/?attachment_id=27492'><img loading=\"lazy\" decoding=\"async\" width=\"150\" height=\"150\" src=\"https:\/\/turysta2.pttk.pl\/wp-content\/uploads\/2022\/09\/1.-fot.-Andrzej-Bobrowicz-150x150.jpeg\" class=\"attachment-thumbnail size-thumbnail\" alt=\"\" \/><\/a>\n\t\t\t<\/dt><\/dl>\n\t\t\t<br style='clear: both' \/>\n\t\t<\/div>\n\n","protected":false},"excerpt":{"rendered":"\u201eKolej na PTTK\u201d w Oddziale Warmi\u0144sko-Mazurskim &nbsp; Oddzia\u0142 Warmi\u0144sko-Mazurski PTTK w Olsztynie potraktowa\u0142 has\u0142o \u201eKolej na PTTK\u201d dos\u0142ownie. Od wiosny do p\u00f3\u017anej jesieni odby\u0142o si\u0119 kilkana\u015bcie og\u00f3lnodost\u0119pnych, organizowanych z my\u015bl\u0105 tak\u017ce o sympatykach PTTK wycieczek. &nbsp; Kupujesz bilet i jedziesz z nami\u2026 My zapewniamy przewodnika, ciekawe opowie\u015bci o rzadko odwiedzanych miejscach i dobr\u0105 organizacj\u0119. Czasem has\u0142a wycieczki brzmia\u0142y nieco frywolnie.&nbsp;<a href=\"https:\/\/turysta2.pttk.pl\/?p=27484\" class=\"read-more\">Continue Reading<\/a>","protected":false},"author":4,"featured_media":0,"comment_status":"closed","ping_status":"closed","sticky":false,"template":"","format":"gallery","meta":{"footnotes":""},"categories":[73,41],"tags":[],"class_list":["post-27484","post","type-post","status-publish","format-gallery","hentry","category-turystyka-srodowiskowa","category-turystyka-pttk","post_format-post-format-gallery","cat-73-id","cat-41-id"],"aioseo_notices":[],"_links":{"self":[{"href":"https:\/\/turysta2.pttk.pl\/index.php?rest_route=\/wp\/v2\/posts\/27484","targetHints":{"allow":["GET"]}}],"collection":[{"href":"https:\/\/turysta2.pttk.pl\/index.php?rest_route=\/wp\/v2\/posts"}],"about":[{"href":"https:\/\/turysta2.pttk.pl\/index.php?rest_route=\/wp\/v2\/types\/post"}],"author":[{"embeddable":true,"href":"https:\/\/turysta2.pttk.pl\/index.php?rest_route=\/wp\/v2\/users\/4"}],"replies":[{"embeddable":true,"href":"https:\/\/turysta2.pttk.pl\/index.php?rest_route=%2Fwp%2Fv2%2Fcomments&post=27484"}],"version-history":[{"count":1,"href":"https:\/\/turysta2.pttk.pl\/index.php?rest_route=\/wp\/v2\/posts\/27484\/revisions"}],"predecessor-version":[{"id":27493,"href":"https:\/\/turysta2.pttk.pl\/index.php?rest_route=\/wp\/v2\/posts\/27484\/revisions\/27493"}],"wp:attachment":[{"href":"https:\/\/turysta2.pttk.pl\/index.php?rest_route=%2Fwp%2Fv2%2Fmedia&parent=27484"}],"wp:term":[{"taxonomy":"category","embeddable":true,"href":"https:\/\/turysta2.pttk.pl\/index.php?rest_route=%2Fwp%2Fv2%2Fcategories&post=27484"},{"taxonomy":"post_tag","embeddable":true,"href":"https:\/\/turysta2.pttk.pl\/index.php?rest_route=%2Fwp%2Fv2%2Ftags&post=27484"}],"curies":[{"name":"wp","href":"https:\/\/api.w.org\/{rel}","templated":true}]}}