{"id":27480,"date":"2022-09-12T18:18:21","date_gmt":"2022-09-12T16:18:21","guid":{"rendered":"https:\/\/turysta2.pttk.pl\/?p=27480"},"modified":"2023-03-27T11:37:43","modified_gmt":"2023-03-27T09:37:43","slug":"jubileusz-25-lecia-oddzialu-pttk-w-zarnowie","status":"publish","type":"post","link":"https:\/\/turysta2.pttk.pl\/?p=27480","title":{"rendered":"Jubileusz 25 &#8211; lecia Oddzia\u0142u PTTK w \u017barnowie"},"content":{"rendered":"<p><strong>15 stycznia 2022 roku w Domu Kultury w \u017barnowie miejscowy Oddzia\u0142 PTTK obchodzi\u0142 25-lecie istnienia.<\/strong><\/p>\n<p>Cz\u0142onk\u00f3w i sympatyk\u00f3w oddzia\u0142u ucieszy\u0142 fakt, \u017ce na to wa\u017cne dla nich wydarzenie przybyli przedstawiciele najwy\u017cszych w\u0142adz Towarzystwa, m.in: prezes Zarz\u0105du G\u0142\u00f3wnego PTTK \u2013 Jerzy Kap\u0142on, Sekretarz Generalny ZG \u2013 Adam J\u0119dras oraz przewodnicz\u0105cy Komisji \u015arodowiskowej ZG PTTK \u2013 Ryszard Kunce. Wojew\u00f3dzkie struktury Towarzystwa reprezentowa\u0142 przewodnicz\u0105cy Porozumienia Oddzia\u0142\u00f3w PTTK Wojew\u00f3dztwa \u0141\u00f3dzkiego, a zarazem prezes Oddzia\u0142u PTTK w Skierniewicach \u2013 Tomasz Chadamik. Na uroczysto\u015b\u0107 przybyli tak\u017ce prezesi zaprzyja\u017anionych oddzia\u0142\u00f3w z Ko\u0144skich, \u0141owicza, \u0141odzi oraz delegacja z Sieradza. Od wielu lat towarzysz\u0105 oddzia\u0142owi r\u00f3wnie\u017c w\u00f3jtowie gmin Aleksandr\u00f3w i \u017barn\u00f3w \u2013 Pawe\u0142 Mamrot i Krzysztof Nawrocki oraz zast\u0119pca dyrektora Zespo\u0142u \u0141\u00f3dzkich Park\u00f3w Krajobrazowych \u2013 Piotr Wypych. Wszyscy maj\u0105 du\u017ce zas\u0142ugi w spo\u0142ecznej pracy turystyczno-krajoznawczej m.in. we wsp\u00f3\u0142organizacji wielu konferencji popularno-naukowych, szkole\u0144 kadry programowej PTTK, wprowadzaniu do \u017cycia odznak regionalnych itp. Warto nadmieni\u0107, \u017ce Pawe\u0142 Mamrot z ramienia O\/PTTK w \u017barnowie jest cz\u0142onkiem Komisji \u015arodowiskowej ZG PTTK w Warszawie. Najwi\u0119ksz\u0105 grup\u0119 uczestnik\u00f3w jubileuszu 25-lecia stanowili cz\u0142onkowie Oddzia\u0142u PTTK \u017barn\u00f3w, a w\u015br\u00f3d nich cz\u0142onkowie \u2013 za\u0142o\u017cyciele Oddzia\u0142u.<\/p>\n<p>Po wprowadzeniu sztandaru i powitaniu go\u015bci przez prezesa i w\u00f3jta gminy podsumowano og\u0142oszony pod koniec 2020 roku konkurs \u201eLiderzy turystyki pieszej w O\/PTTK \u017barn\u00f3w\u201d. Pucharami i dyplomami wyr\u00f3\u017cniono zdobywc\u00f3w dziesi\u0119ciu kolejnych miejsc w prowadzonym od stycznia do ko\u0144ca grudnia 2021 roku rankingu. I miejsce zaj\u0119\u0142a Magdalena Szo\u0142owska, II miejsce Urszula J\u0119drasik, III miejsce Joanna \u015awi\u0105tek. Dalsze miejsca w kolejno\u015bci: Blanka Jakubowska, Czes\u0142aw Szwedkowicz, Cezary Kr\u00f3l, Monika i Janusz Aleksandrowiczowie, Katarzyna Szo\u0142owska i Barbara Kalinowska. By\u0142y te\u017c dyplomy \u2013 wyr\u00f3\u017cnienia dla grupy najm\u0142odszych turyst\u00f3w pieszych, do kt\u00f3rych nale\u017c\u0105: Jadzia i Marysia Jakubowskie, Kinga i Olga Kaczmarek oraz Julia Szo\u0142owska. 6-letnia Jadzia Jakubowska uczestniczy\u0142a w 12 oddzia\u0142owych imprezach pieszych, za\u015b jej siostra \u2013 w 11. Przygotowane zosta\u0142y tak\u017ce puchary i dyplomy dla Cezarego Kr\u00f3la i Cezariusza Szulca za zorganizowanie kilku oddzia\u0142owych imprez turystyki pieszej. Wyr\u00f3\u017cnienia dla piechur\u00f3w wr\u0119czali prezes W\u0142odzimierz Szafi\u0144ski i przewodnicz\u0105cy Oddzia\u0142owej Komisji Turystyki Pieszej \u2013 Leszek Kurp.<\/p>\n<p>Dzia\u0142alno\u015b\u0107 Oddzia\u0142u PTTK w \u017barnowie od pocz\u0105tku jego powstania, tj. od 8 stycznia 1997 roku do chwili obecnej, by\u0142a tematem wyst\u0105pienia W\u0142odzimierza Szafi\u0144skiego. Wzorem lat ubieg\u0142ych ilustracj\u0105 dzia\u0142a\u0144 \u017carnowskiego oddzia\u0142u by\u0142a prezentacja multimedialna przygotowana przez Tatian\u0119 Kosylak. Ukaza\u0142a ona dokonania z 2021 roku wraz z elementami wydarze\u0144 z \u017cycia oddzia\u0142u w ci\u0105gu minionych 25 lat. Z okazji jubileuszu miejscowy regionalista i poeta Przemys\u0142aw Ciszewski napisa\u0142 wiersz pt. \u201eDrzwi na \u015bwiat\u201d, kt\u00f3ry odczyta\u0142a jego \u017cona Barbara.<\/p>\n<p>Wa\u017cnym elementem uroczysto\u015bci jubileuszowych by\u0142o wr\u0119czenie dzia\u0142aczom PTTK odznacze\u0144 i wyr\u00f3\u017cnie\u0144. Odznaki honorowe Ministerstwa Sportu i Turystyki \u201eZa zas\u0142ugi dla turystyki\u201d otrzymali Pawe\u0142 Mamrot i Krzysztof Nawrocki, a wr\u0119czyli je prezes i sekretarz generalny ZG PTTK. Nast\u0119pnie mia\u0142a miejsce dekoracja odznakami organizacyjnymi Towarzystwa. Srebrn\u0105 Honorow\u0105 Odznak\u0105 PTTK odznaczono Tadeusza Osi\u0144skiego, Br\u0105zowe Honorowe Odznaki PTTK otrzymali: Ewelina Stasiak, Janusz Aleksandrowicz i Czes\u0142aw Szwedkowicz, a Dyplomy PTTK \u201eZa upowszechnianie turystyki i krajoznawstwa\u201d przyznano: Marii Go\u0142ygowskiej, Ewie Wicherek, Zbigniewowi Chmurze i Andrzejowi \u015alufarskiemu. Prezes ZO PTTK w \u017barnowie podzi\u0119kowa\u0142 Krzysztofowi Nawrockiemu, Paw\u0142owi Mamrotowi i Piotrowi Wypychowi za wieloletni\u0105 pomoc i wsp\u00f3\u0142prac\u0119, wr\u0119czaj\u0105c im okoliczno\u015bciowe puchary z dedykacj\u0105. Za 25-letni\u0105 przynale\u017cno\u015b\u0107 do Towarzystwa przyznawana jest odznaka \u201e25 lat w PTTK\u201d, kt\u00f3r\u0105 otrzymali: Zdzis\u0142awa Kowalska, Jadwiga Kozak, Maria Morawska, Gra\u017cyna Smak, Krystyna Nojek, Zofia i Stanis\u0142aw Otwinowscy, Czes\u0142awa i Stefan \u015awiderscy, Gustaw Nowak i Waldemar Pasula. Wr\u0119czaj\u0105cymi byli: prezes W\u0142odzimierz Szafi\u0144ski i wiceprezes Tatiana Kosylak.<\/p>\n<p>Nast\u0119pnym punktem uroczysto\u015bci by\u0142y wyst\u0105pienia zaproszonych go\u015bci. Pierwszy zabra\u0142 g\u0142os prezes Towarzystwa, kt\u00f3ry w imieniu ZG PTTK z\u0142o\u017cy\u0142 serdeczne gratulacje z okazji jubileuszu 25-lecia Oddzia\u0142u w \u017barnowie, dzi\u0119kuj\u0105c za wszystkie znacz\u0105ce dla rozwoju turystyki i krajoznawstwa dokonania organizacyjne i programowe. Jak stwierdzi\u0142, dzia\u0142alno\u015b\u0107 ta dobrze zapisa\u0142a si\u0119 w dziejach turystycznego poznawania regionu, pokazywania urok\u00f3w polskich miast i miasteczek, niezwyk\u0142ych zabytk\u00f3w i krajobraz\u00f3w, bogactwa przyrody, uczenia pi\u0119kna i rozumienia ziemi ojczystej. Jerzy Kap\u0142on \u017cyczy\u0142 cz\u0142onkom oddzia\u0142u wielu lat dalszej, bogatej w sukcesy, s\u0142u\u017c\u0105cej rozwijaniu i upowszechnianiu turystyki i krajoznawstwa dzia\u0142alno\u015bci, podejmowania nowych wyzwa\u0144, rado\u015bci i zadowolenia z efekt\u00f3w spo\u0142ecznej aktywno\u015bci. Wraz z Sekretarzem Generalnym ZG PTTK przekaza\u0142 oddzia\u0142owi w \u017barnowie w dow\u00f3d uznania medal \u201ePTTK w 100 rocznic\u0119 odzyskania niepodleg\u0142o\u015bci\u201d. Dyplom Komisji \u015arodowiskowej ZG PTTK w Warszawie \u201eZa wieloletni\u0105 wzorow\u0105 dzia\u0142alno\u015b\u0107 turystyczno- krajoznawcz\u0105\u201d wr\u0119czy\u0142 oddzia\u0142owi przewodnicz\u0105cy Ryszard Kunce. Wiele serdecznych \u017cycze\u0144 i dowod\u00f3w sympatii, wraz z listami gratulacyjnymi, okoliczno\u015bciowymi grawertonami, pucharem i r\u00f3\u017cnymi upominkami przekazali oddzia\u0142owi, przedstawiciele Oddzia\u0142\u00f3w PTTK: w Ko\u0144skich, Skierniewicach, \u0141odzi \u2013 Polesie, Sieradza i \u0141owicza. Z okazji jubileuszu w\u00f3jtowie gmin \u017barn\u00f3w i Aleksandr\u00f3w wr\u0119czyli prezesowi oddzia\u0142u listy gratulacyjne, a dyrektor Piotr Wypych przekaza\u0142 kilka album\u00f3w ze Spalskiego i Sulejowskiego Parku Krajobrazowego.<\/p>\n<p>Po wyprowadzeniu sztandaru Oddzia\u0142u na sal\u0119 wniesiono tort z okoliczno\u015bciow\u0105 dekoracj\u0105. Po jego degustacji uczestnicy zostali zaproszeni na turystyczny posi\u0142ek. Pami\u0105tk\u0105 z jubileuszu 25-lecia pozostanie z pewno\u015bci\u0105 broszura pt. \u201ePodsumowanie roku turystycznego 2021 w O\/PTTK \u017barn\u00f3w\u201d oraz wiele gad\u017cet\u00f3w, kt\u00f3re otrzymali uczestnicy spotkania. Przygotowana zosta\u0142a r\u00f3wnie\u017c wystawa zdj\u0119\u0107 ilustruj\u0105ca r\u00f3\u017cnorodne dzia\u0142ania Oddzia\u0142u w 25-lecie swego istnienia. Wsp\u00f3lne zdj\u0119cie uczestnik\u00f3w spotkania by\u0107 mo\u017ce po latach przywo\u0142a wspomnienie tego wyj\u0105tkowego jubileuszu. Nad sprawnym przebiegiem uroczysto\u015bci czuwa\u0142a prowadz\u0105ca imprez\u0119 Maria Grzybowska, cz\u0142onek ZO PTTK w \u017barnowie. Drug\u0105 cz\u0119\u015bci\u0105 \u017carnowskiego jubileuszu 25-lecia by\u0142 \u201eBal PTTK\u201d z udzia\u0142em 42 os\u00f3b. Warto podkre\u015bli\u0107, \u017ce warunkiem udzia\u0142u w uroczysto\u015bciach by\u0142 certyfikat szczepie\u0144 lub negatywny wynik testu na koronawirusa.<\/p>\n<p>W\u0142odzimierz Szafi\u0144ski<\/p>\n<p>&nbsp;<\/p>\n\n\t\t<style type=\"text\/css\">\n\t\t\t#gallery-1 {\n\t\t\t\tmargin: auto;\n\t\t\t}\n\t\t\t#gallery-1 .gallery-item {\n\t\t\t\tfloat: left;\n\t\t\t\tmargin-top: 10px;\n\t\t\t\ttext-align: center;\n\t\t\t\twidth: 33%;\n\t\t\t}\n\t\t\t#gallery-1 img {\n\t\t\t\tborder: 2px solid #cfcfcf;\n\t\t\t}\n\t\t\t#gallery-1 .gallery-caption {\n\t\t\t\tmargin-left: 0;\n\t\t\t}\n\t\t\t\/* see gallery_shortcode() in wp-includes\/media.php *\/\n\t\t<\/style>\n\t\t<div id='gallery-1' class='gallery galleryid-27480 gallery-columns-3 gallery-size-thumbnail'><dl class='gallery-item'>\n\t\t\t<dt class='gallery-icon landscape'>\n\t\t\t\t<a href='https:\/\/turysta2.pttk.pl\/?attachment_id=27481'><img loading=\"lazy\" decoding=\"async\" width=\"150\" height=\"150\" src=\"https:\/\/turysta2.pttk.pl\/wp-content\/uploads\/2022\/09\/Logo-25-lecie-150x150.jpg\" class=\"attachment-thumbnail size-thumbnail\" alt=\"\" srcset=\"https:\/\/turysta2.pttk.pl\/wp-content\/uploads\/2022\/09\/Logo-25-lecie-150x150.jpg 150w, https:\/\/turysta2.pttk.pl\/wp-content\/uploads\/2022\/09\/Logo-25-lecie-300x300.jpg 300w, https:\/\/turysta2.pttk.pl\/wp-content\/uploads\/2022\/09\/Logo-25-lecie-1024x1024.jpg 1024w, https:\/\/turysta2.pttk.pl\/wp-content\/uploads\/2022\/09\/Logo-25-lecie-768x768.jpg 768w, https:\/\/turysta2.pttk.pl\/wp-content\/uploads\/2022\/09\/Logo-25-lecie-1536x1536.jpg 1536w, https:\/\/turysta2.pttk.pl\/wp-content\/uploads\/2022\/09\/Logo-25-lecie-2048x2048.jpg 2048w\" sizes=\"auto, (max-width: 150px) 100vw, 150px\" \/><\/a>\n\t\t\t<\/dt><\/dl><dl class='gallery-item'>\n\t\t\t<dt class='gallery-icon landscape'>\n\t\t\t\t<a href='https:\/\/turysta2.pttk.pl\/?attachment_id=27482'><img loading=\"lazy\" decoding=\"async\" width=\"150\" height=\"150\" src=\"https:\/\/turysta2.pttk.pl\/wp-content\/uploads\/2022\/09\/Uczestnicy-jubileuszu-fot.-ze-zbiorow-archiwum-Oddzialu-PTTK-w-Zarnowie-150x150.jpg\" class=\"attachment-thumbnail size-thumbnail\" alt=\"\" \/><\/a>\n\t\t\t<\/dt><\/dl>\n\t\t\t<br style='clear: both' \/>\n\t\t<\/div>\n\n","protected":false},"excerpt":{"rendered":"15 stycznia 2022 roku w Domu Kultury w \u017barnowie miejscowy Oddzia\u0142 PTTK obchodzi\u0142 25-lecie istnienia. Cz\u0142onk\u00f3w i sympatyk\u00f3w oddzia\u0142u ucieszy\u0142 fakt, \u017ce na to wa\u017cne dla nich wydarzenie przybyli przedstawiciele najwy\u017cszych w\u0142adz Towarzystwa, m.in: prezes Zarz\u0105du G\u0142\u00f3wnego PTTK \u2013 Jerzy Kap\u0142on, Sekretarz Generalny ZG \u2013 Adam J\u0119dras oraz przewodnicz\u0105cy Komisji \u015arodowiskowej ZG PTTK \u2013 Ryszard Kunce. Wojew\u00f3dzkie struktury Towarzystwa reprezentowa\u0142&nbsp;<a href=\"https:\/\/turysta2.pttk.pl\/?p=27480\" class=\"read-more\">Continue Reading<\/a>","protected":false},"author":4,"featured_media":27481,"comment_status":"closed","ping_status":"closed","sticky":false,"template":"","format":"standard","meta":{"footnotes":""},"categories":[73,41],"tags":[],"class_list":["post-27480","post","type-post","status-publish","format-standard","has-post-thumbnail","hentry","category-turystyka-srodowiskowa","category-turystyka-pttk","cat-73-id","cat-41-id"],"aioseo_notices":[],"_links":{"self":[{"href":"https:\/\/turysta2.pttk.pl\/index.php?rest_route=\/wp\/v2\/posts\/27480","targetHints":{"allow":["GET"]}}],"collection":[{"href":"https:\/\/turysta2.pttk.pl\/index.php?rest_route=\/wp\/v2\/posts"}],"about":[{"href":"https:\/\/turysta2.pttk.pl\/index.php?rest_route=\/wp\/v2\/types\/post"}],"author":[{"embeddable":true,"href":"https:\/\/turysta2.pttk.pl\/index.php?rest_route=\/wp\/v2\/users\/4"}],"replies":[{"embeddable":true,"href":"https:\/\/turysta2.pttk.pl\/index.php?rest_route=%2Fwp%2Fv2%2Fcomments&post=27480"}],"version-history":[{"count":1,"href":"https:\/\/turysta2.pttk.pl\/index.php?rest_route=\/wp\/v2\/posts\/27480\/revisions"}],"predecessor-version":[{"id":27483,"href":"https:\/\/turysta2.pttk.pl\/index.php?rest_route=\/wp\/v2\/posts\/27480\/revisions\/27483"}],"wp:featuredmedia":[{"embeddable":true,"href":"https:\/\/turysta2.pttk.pl\/index.php?rest_route=\/wp\/v2\/media\/27481"}],"wp:attachment":[{"href":"https:\/\/turysta2.pttk.pl\/index.php?rest_route=%2Fwp%2Fv2%2Fmedia&parent=27480"}],"wp:term":[{"taxonomy":"category","embeddable":true,"href":"https:\/\/turysta2.pttk.pl\/index.php?rest_route=%2Fwp%2Fv2%2Fcategories&post=27480"},{"taxonomy":"post_tag","embeddable":true,"href":"https:\/\/turysta2.pttk.pl\/index.php?rest_route=%2Fwp%2Fv2%2Ftags&post=27480"}],"curies":[{"name":"wp","href":"https:\/\/api.w.org\/{rel}","templated":true}]}}