{"id":27467,"date":"2022-09-12T18:10:23","date_gmt":"2022-09-12T16:10:23","guid":{"rendered":"https:\/\/turysta2.pttk.pl\/?p=27467"},"modified":"2023-03-27T11:37:43","modified_gmt":"2023-03-27T09:37:43","slug":"superpiechur","status":"publish","type":"post","link":"https:\/\/turysta2.pttk.pl\/?p=27467","title":{"rendered":"Superpiechur"},"content":{"rendered":"<p>\u201e<strong>Superpiechur \u015awi\u0119tokrzyski<\/strong>\u201d<strong> po raz pi\u0119tnasty!<\/strong><\/p>\n<p><strong>\u00a0<\/strong><\/p>\n<p><strong>Pomimo wielu utrudnie\u0144 zwi\u0105zanych z pandemi\u0105 uda\u0142o si\u0119 przeprowadzi\u0107 15. ju\u017c edycj\u0119 \u201eSuperpiechura \u015awi\u0119tokrzyskiego\u201d \u2013 honorowego tytu\u0142u przyznawanego corocznie za pokonanie okre\u015blonej regulaminem liczby kilometr\u00f3w podczas wybranych maraton\u00f3w i rajd\u00f3w pieszych na kielecczy\u017anie.<\/strong><\/p>\n<p>W 2007 roku dzia\u0142acze koneckiego oddzia\u0142u PTTK w porozumieniu z innymi organizatorami spi\u0119li klamr\u0105 kilka znacz\u0105cych w regionie d\u0142ugodystansowych, pieszych imprez turystycznych. Przyj\u0119\u0142a si\u0119 formu\u0142a i zasady przyznawania tytu\u0142u. Z roku na rok ro\u015bnie jego ranga. W 2021 roku nale\u017ca\u0142o pokona\u0107 podczas 11 rajd\u00f3w minimum 320 kilometr\u00f3w. Sztuki przej\u015bcia maksymalnego dystansu 597 km dokona\u0142y trzy osoby: Ada D\u0119bowska z Ko\u0144skich oraz S\u0142awomir O\u0142ub i Sylwester \u015awitek ze Skar\u017cyska Kamiennej.<\/p>\n<p>&nbsp;<\/p>\n<p>W sk\u0142ad ubieg\u0142orocznej edycji \u201eSuperpiechura \u015awi\u0119tokrzyskiego\u201d wchodzi\u0142o 11 imprez:<\/p>\n<ul>\n<li>Zimowy Marsz na 25 km w Ko\u0144skich,<\/li>\n<li>Zim\u00f3wka Opoczy\u0144ska na 30 km,<\/li>\n<li>Piekielny Maraton Pieszy na 50 km,<\/li>\n<li>Skar\u017cyski Maraton Pieszy nad Kamienn\u0105 na 50 km,<\/li>\n<li>Twardziel \u015awi\u0119tokrzyski na 100 km,<\/li>\n<li>Cross Maraton \u201ePrzez Piek\u0142o do Nieba\u201d na 42,195 km,<\/li>\n<li>Konecki Maraton Pieszy na 50 km,<\/li>\n<li>Maraton Pieszy po Ziemi Opoczy\u0144skiej i Okolicach na 50 km,<\/li>\n<li>Supermaraton Pieszy na 100 km \u201eKonecka Setka\u201d na 100 km,<\/li>\n<li>Marsz po Medal na 50 km,<\/li>\n<li>Maraton Dinozaura na 50 km.<\/li>\n<\/ul>\n<p>&nbsp;<\/p>\n<p>Pierwszy raz zabrak\u0142o w tym zestawieniu du\u017cych i uznanych w \u015brodowisku turystycznym rajd\u00f3w Oddzia\u0142u \u015awi\u0119tokrzyskiego PTTK w Kielcach, gdy\u017c w obawie o bezpiecze\u0144stwo uczestnik\u00f3w nie zosta\u0142y one przeprowadzone.<\/p>\n<p>Przewodnicz\u0105cym kapitu\u0142y przyznaj\u0105cej tytu\u0142 jest z urz\u0119du dyrektor departamentu odpowiedzialnego za turystyk\u0119 w Urz\u0119dzie Marsza\u0142kowskim w Kielcach. Kapitu\u0142\u0119 stanowili: Piotr Kisiel \u2013 przewodnicz\u0105cy, Wojciech Pasek \u2013 sekretarz oraz cz\u0142onkowie \u2013 Andrzej \u017bele\u017anikow, Krzysztof Niewadzi, Grzegorz Kowalski i Rafa\u0142 Pa\u0142gan. Obs\u0142ug\u0105 i koordynacj\u0105 wszelkich dzia\u0142a\u0144 tytu\u0142u zajmowali si\u0119 dzia\u0142acze PTTK Ko\u0144skie: Zbigniew Gontek, Magdalena Weber i Ada D\u0119bowska.<\/p>\n<p>Kapitu\u0142a wy\u0142oni\u0142a 87 laureat\u00f3w pochodz\u0105cych nie tylko z wojew\u00f3dztwa \u015bwi\u0119tokrzyskiego, a tak\u017ce z odleg\u0142ych miejsc w kraju, jak Warszawa, \u0141\u00f3d\u017a, Katowice, Olsztyn czy Krak\u00f3w. W gronie laureat\u00f3w znalaz\u0142o si\u0119 39 debiutant\u00f3w i 37 kobiet. Cieszy szczeg\u00f3lnie coraz wi\u0119ksze zainteresowanie kobiet d\u0142ugimi i ekstremalnymi w\u0119dr\u00f3wkami. Bez wzgl\u0119du na wiek ju\u017c dawno przesta\u0142y ust\u0119powa\u0107 m\u0119\u017cczyznom wytrzyma\u0142o\u015bci\u0105 i psychiczn\u0105 odporno\u015bci\u0105. Dotychczas przyznano 916 tytu\u0142\u00f3w 378 osobom. Czterech twardzieli odbiera\u0142o statuetki i okoliczno\u015bciowe certyfikaty po raz pi\u0119tnasty. Najwytrwalszy z nich pokona\u0142 podczas 152 rajd\u00f3w pieszych 6994 kilometr\u00f3w, co \u015brednio daje 46 km na jedn\u0105 imprez\u0119.<\/p>\n<p>Gala wr\u0119czenia statuetek i okoliczno\u015bciowych certyfikat\u00f3w potwierdzaj\u0105cych uzyskanie tytu\u0142u odby\u0142a si\u0119 w Sali Bankietowej \u201eAstoria\u201d w Ko\u0144skich. Wydarzenie to odby\u0142o si\u0119 pod honorowym patronatem Marsza\u0142ka Wojew\u00f3dztwa \u015awi\u0119tokrzyskiego Andrzeja B\u0119tkowskiego. Uroczysto\u015b\u0107 prowadzi\u0142 prezes koneckiego oddzia\u0142u PTTK, a trofea laureatom wr\u0119cza\u0142 zast\u0119pca Burmistrza Miasta i Gminy Ko\u0144skie Krzysztof Jasi\u0144ski, kt\u00f3remu towarzyszyli cz\u0142onkowie kapitu\u0142y wyr\u00f3\u017cnienia.<\/p>\n<p>&nbsp;<\/p>\n<p>Wojciech Pasek<\/p>\n<p>Sekretarz Kapitu\u0142y Honorowego Tytu\u0142u \u201eSuperpiechur \u015awi\u0119tokrzyski\u201d<\/p>\n<p>&nbsp;<\/p>\n\n\t\t<style type=\"text\/css\">\n\t\t\t#gallery-1 {\n\t\t\t\tmargin: auto;\n\t\t\t}\n\t\t\t#gallery-1 .gallery-item {\n\t\t\t\tfloat: left;\n\t\t\t\tmargin-top: 10px;\n\t\t\t\ttext-align: center;\n\t\t\t\twidth: 33%;\n\t\t\t}\n\t\t\t#gallery-1 img {\n\t\t\t\tborder: 2px solid #cfcfcf;\n\t\t\t}\n\t\t\t#gallery-1 .gallery-caption {\n\t\t\t\tmargin-left: 0;\n\t\t\t}\n\t\t\t\/* see gallery_shortcode() in wp-includes\/media.php *\/\n\t\t<\/style>\n\t\t<div id='gallery-1' class='gallery galleryid-27467 gallery-columns-3 gallery-size-thumbnail'><dl class='gallery-item'>\n\t\t\t<dt class='gallery-icon landscape'>\n\t\t\t\t<a href='https:\/\/turysta2.pttk.pl\/?attachment_id=27468'><img loading=\"lazy\" decoding=\"async\" width=\"150\" height=\"150\" src=\"https:\/\/turysta2.pttk.pl\/wp-content\/uploads\/2022\/09\/DSC8779-150x150.jpg\" class=\"attachment-thumbnail size-thumbnail\" alt=\"\" \/><\/a>\n\t\t\t<\/dt><\/dl><dl class='gallery-item'>\n\t\t\t<dt class='gallery-icon landscape'>\n\t\t\t\t<a href='https:\/\/turysta2.pttk.pl\/?attachment_id=27469'><img loading=\"lazy\" decoding=\"async\" width=\"150\" height=\"150\" src=\"https:\/\/turysta2.pttk.pl\/wp-content\/uploads\/2022\/09\/DSC8875-150x150.jpg\" class=\"attachment-thumbnail size-thumbnail\" alt=\"\" \/><\/a>\n\t\t\t<\/dt><\/dl><dl class='gallery-item'>\n\t\t\t<dt class='gallery-icon landscape'>\n\t\t\t\t<a href='https:\/\/turysta2.pttk.pl\/?attachment_id=27470'><img loading=\"lazy\" decoding=\"async\" width=\"150\" height=\"150\" src=\"https:\/\/turysta2.pttk.pl\/wp-content\/uploads\/2022\/09\/DSC8886-150x150.jpg\" class=\"attachment-thumbnail size-thumbnail\" alt=\"\" \/><\/a>\n\t\t\t<\/dt><\/dl><br style=\"clear: both\" \/><dl class='gallery-item'>\n\t\t\t<dt class='gallery-icon landscape'>\n\t\t\t\t<a href='https:\/\/turysta2.pttk.pl\/?attachment_id=27471'><img loading=\"lazy\" decoding=\"async\" width=\"150\" height=\"150\" src=\"https:\/\/turysta2.pttk.pl\/wp-content\/uploads\/2022\/09\/Nie-wiadomo-czyje-foto-150x150.jpg\" class=\"attachment-thumbnail size-thumbnail\" alt=\"\" \/><\/a>\n\t\t\t<\/dt><\/dl>\n\t\t\t<br style='clear: both' \/>\n\t\t<\/div>\n\n","protected":false},"excerpt":{"rendered":"\u201eSuperpiechur \u015awi\u0119tokrzyski\u201d po raz pi\u0119tnasty! \u00a0 Pomimo wielu utrudnie\u0144 zwi\u0105zanych z pandemi\u0105 uda\u0142o si\u0119 przeprowadzi\u0107 15. ju\u017c edycj\u0119 \u201eSuperpiechura \u015awi\u0119tokrzyskiego\u201d \u2013 honorowego tytu\u0142u przyznawanego corocznie za pokonanie okre\u015blonej regulaminem liczby kilometr\u00f3w podczas wybranych maraton\u00f3w i rajd\u00f3w pieszych na kielecczy\u017anie. W 2007 roku dzia\u0142acze koneckiego oddzia\u0142u PTTK w porozumieniu z innymi organizatorami spi\u0119li klamr\u0105 kilka znacz\u0105cych w regionie d\u0142ugodystansowych, pieszych imprez&nbsp;<a href=\"https:\/\/turysta2.pttk.pl\/?p=27467\" class=\"read-more\">Continue Reading<\/a>","protected":false},"author":4,"featured_media":0,"comment_status":"closed","ping_status":"closed","sticky":false,"template":"","format":"gallery","meta":{"footnotes":""},"categories":[68,41],"tags":[],"class_list":["post-27467","post","type-post","status-publish","format-gallery","hentry","category-turystyka-piesza","category-turystyka-pttk","post_format-post-format-gallery","cat-68-id","cat-41-id"],"aioseo_notices":[],"_links":{"self":[{"href":"https:\/\/turysta2.pttk.pl\/index.php?rest_route=\/wp\/v2\/posts\/27467","targetHints":{"allow":["GET"]}}],"collection":[{"href":"https:\/\/turysta2.pttk.pl\/index.php?rest_route=\/wp\/v2\/posts"}],"about":[{"href":"https:\/\/turysta2.pttk.pl\/index.php?rest_route=\/wp\/v2\/types\/post"}],"author":[{"embeddable":true,"href":"https:\/\/turysta2.pttk.pl\/index.php?rest_route=\/wp\/v2\/users\/4"}],"replies":[{"embeddable":true,"href":"https:\/\/turysta2.pttk.pl\/index.php?rest_route=%2Fwp%2Fv2%2Fcomments&post=27467"}],"version-history":[{"count":1,"href":"https:\/\/turysta2.pttk.pl\/index.php?rest_route=\/wp\/v2\/posts\/27467\/revisions"}],"predecessor-version":[{"id":27472,"href":"https:\/\/turysta2.pttk.pl\/index.php?rest_route=\/wp\/v2\/posts\/27467\/revisions\/27472"}],"wp:attachment":[{"href":"https:\/\/turysta2.pttk.pl\/index.php?rest_route=%2Fwp%2Fv2%2Fmedia&parent=27467"}],"wp:term":[{"taxonomy":"category","embeddable":true,"href":"https:\/\/turysta2.pttk.pl\/index.php?rest_route=%2Fwp%2Fv2%2Fcategories&post=27467"},{"taxonomy":"post_tag","embeddable":true,"href":"https:\/\/turysta2.pttk.pl\/index.php?rest_route=%2Fwp%2Fv2%2Ftags&post=27467"}],"curies":[{"name":"wp","href":"https:\/\/api.w.org\/{rel}","templated":true}]}}