{"id":27446,"date":"2022-09-12T17:15:23","date_gmt":"2022-09-12T15:15:23","guid":{"rendered":"https:\/\/turysta2.pttk.pl\/?p=27446"},"modified":"2023-03-27T11:37:43","modified_gmt":"2023-03-27T09:37:43","slug":"inwestycja-proekologiczna-pttk-w-tatrach","status":"publish","type":"post","link":"https:\/\/turysta2.pttk.pl\/?p=27446","title":{"rendered":"Inwestycja proekologiczna PTTK w Tatrach"},"content":{"rendered":"<p><b>Pod koniec 2021 roku PTTK uko\u0144czy\u0142o kolejn\u0105 proekologiczn\u0105 inwestycj\u0119 w Tatrach. Obecny budynek schroniska na Hali Kondratowej zosta\u0142 wybudowany przez Polskie Towarzystwo Tatrza\u0144skie w 1948 roku.<\/b><span style=\"font-weight: 400;\">\u00a0<\/span><\/p>\n<p>&nbsp;<\/p>\n<p><span style=\"font-weight: 400;\">W roku 1950 powi\u0119kszono go o dodatkowe skrzyd\u0142o. Obecnie jest to najmniejsze w polskich Tatrach schronisko o powierzchni oko\u0142o 250 mkw. Dysponuje ono 20 miejscami noclegowymi. Mie\u015bci w sobie ma\u0142\u0105, ale bardzo klimatyczn\u0105 jadalni\u0119, kuchni\u0119, sanitariaty, pomieszczenia gospodarcze i techniczne, posiada tak\u017ce taras widokowy. Obiekt stanowi w\u0142asno\u015b\u0107 PTTK.<\/span><\/p>\n<p><span style=\"font-weight: 400;\">Z uwagi na wiek oraz po\u0142o\u017cenie, pomimo modernizacji, remont\u00f3w oraz bie\u017c\u0105cej konserwacji i budowy infrastruktury technicznej s\u0142u\u017c\u0105cej ochronie \u015brodowiska, funkcjonowanie schroniskowej oczyszczalni \u015bciek\u00f3w w tej lokalizacji przysporzy\u0142o sporo problem\u00f3w. Rozwa\u017cana budowa kolektora odprowadzaj\u0105cego \u015bcieki z obszaru chronionego Tatrza\u0144skiego Parku Narodowego o d\u0142ugo\u015bci przekraczaj\u0105cej dwa kilometry uwarunkowana by\u0142a jednak budow\u0105 doziemnej linii energetycznej SN o mocy 15 kW wraz z ulokowan\u0105 w budynku schroniska stacj\u0105 transformatorow\u0105. Te urz\u0105dzenia i\u00a0 instalacje s\u0105 niezb\u0119dne do prawid\u0142owego funkcjonowania systemu kanalizacji ci\u015bnieniowej poprzez sta\u0142e zasilanie pomp. W za\u0142o\u017ceniach ma to\u00a0 zapewni\u0107 wyposa\u017cenie schroniska w urz\u0105dzenia zmniejszaj\u0105ce punktow\u0105 emisj\u0119 gaz\u00f3w i py\u0142\u00f3w, tj. elektryczne podgrzewacze wody, p\u0142yty grzejne oraz ogrzewanie schroniska. Stabilne zasilanie energetyczne jest tak\u017ce warunkiem pomy\u015blnej realizacji projektu zwi\u0105zanego z uzgodnion\u0105 i konieczn\u0105 przebudow\u0105 tego obiektu. Przyczyni si\u0119 do poprawy bezpiecze\u0144stwa turyst\u00f3w poprzez sta\u0142e zasilanie stacji bazowej telefonii kom\u00f3rkowej.\u00a0<\/span><\/p>\n<p><span style=\"font-weight: 400;\">Wykonanie tej inwestycji wpisuje si\u0119 w plan ochrony Tatrza\u0144skiego Parku Narodowego. To r\u00f3wnocze\u015bnie pierwsza, pilota\u017cowa inwestycja, kt\u00f3ra pocz\u0105tkuje planowane przez TPN, a realizowane z udzia\u0142em PTTK, kompleksowe kanalizowanie obiekt\u00f3w po\u0142o\u017conych na terenie Parku. Wybudowana sie\u0107 przygotowana jest tak\u017ce do ewentualnego przyj\u0119cia \u015bciek\u00f3w z obiekt\u00f3w PKL na Hali Goryczkowej.\u00a0 Dotychczasowa napowietrzna linia energetyczna NN, przestarza\u0142a i bardzo awaryjna w g\u00f3rach, zosta\u0142a zlikwidowana. Schronisko odprowadza ju\u017c \u015bcieki do kanalizacji miejskiej Zakopanego.<\/span><\/p>\n<p><span style=\"font-weight: 400;\">\u0141\u0105czny koszt tych prac zamkn\u0105\u0142 si\u0119 kwot\u0105 2,5 mln z\u0142otych. Pomocy finansowej w budowie kanalizacji w postaci preferencyjnego kredytu udzieli\u0142 Sp\u00f3\u0142ce PTTK \u201eKarpaty\u201d Wojew\u00f3dzki Fundusz Ochrony \u015arodowiska i Gospodarki Wodnej w Krakowie. Wykonanie planowanych inwestycji zabezpiecza dzia\u0142alno\u015b\u0107 na terenie chronionym bardzo popularnego tatrza\u0144skiego schroniska, wie\u0144cz\u0105c r\u00f3wnocze\u015bnie wieloletnie o to starania.<\/span><\/p>\n<p>&nbsp;<\/p>\n<p><span style=\"font-weight: 400;\">Schroniska i Hotele PTTK \u201eKarpaty\u201d sp. z o.o.<\/span><\/p>\n<p>&nbsp;<\/p>\n\n\t\t<style type=\"text\/css\">\n\t\t\t#gallery-1 {\n\t\t\t\tmargin: auto;\n\t\t\t}\n\t\t\t#gallery-1 .gallery-item {\n\t\t\t\tfloat: left;\n\t\t\t\tmargin-top: 10px;\n\t\t\t\ttext-align: center;\n\t\t\t\twidth: 33%;\n\t\t\t}\n\t\t\t#gallery-1 img {\n\t\t\t\tborder: 2px solid #cfcfcf;\n\t\t\t}\n\t\t\t#gallery-1 .gallery-caption {\n\t\t\t\tmargin-left: 0;\n\t\t\t}\n\t\t\t\/* see gallery_shortcode() in wp-includes\/media.php *\/\n\t\t<\/style>\n\t\t<div id='gallery-1' class='gallery galleryid-27446 gallery-columns-3 gallery-size-thumbnail'><dl class='gallery-item'>\n\t\t\t<dt class='gallery-icon landscape'>\n\t\t\t\t<a href='https:\/\/turysta2.pttk.pl\/?attachment_id=27447'><img loading=\"lazy\" decoding=\"async\" width=\"150\" height=\"150\" src=\"https:\/\/turysta2.pttk.pl\/wp-content\/uploads\/2022\/09\/1_Hala-Kondratowa-150x150.jpg\" class=\"attachment-thumbnail size-thumbnail\" alt=\"\" \/><\/a>\n\t\t\t<\/dt><\/dl><dl class='gallery-item'>\n\t\t\t<dt class='gallery-icon landscape'>\n\t\t\t\t<a href='https:\/\/turysta2.pttk.pl\/?attachment_id=27448'><img loading=\"lazy\" decoding=\"async\" width=\"150\" height=\"150\" src=\"https:\/\/turysta2.pttk.pl\/wp-content\/uploads\/2022\/09\/2BF3600D-7E71-4330-B8D5-2E82908F99B6-150x150.jpg\" class=\"attachment-thumbnail size-thumbnail\" alt=\"\" \/><\/a>\n\t\t\t<\/dt><\/dl><dl class='gallery-item'>\n\t\t\t<dt class='gallery-icon landscape'>\n\t\t\t\t<a href='https:\/\/turysta2.pttk.pl\/?attachment_id=27449'><img loading=\"lazy\" decoding=\"async\" width=\"150\" height=\"150\" src=\"https:\/\/turysta2.pttk.pl\/wp-content\/uploads\/2022\/09\/182CF6F3-203C-450C-A42E-4FA3E40DB2AB-150x150.jpg\" class=\"attachment-thumbnail size-thumbnail\" alt=\"\" \/><\/a>\n\t\t\t<\/dt><\/dl><br style=\"clear: both\" \/>\n\t\t<\/div>\n\n","protected":false},"excerpt":{"rendered":"Pod koniec 2021 roku PTTK uko\u0144czy\u0142o kolejn\u0105 proekologiczn\u0105 inwestycj\u0119 w Tatrach. Obecny budynek schroniska na Hali Kondratowej zosta\u0142 wybudowany przez Polskie Towarzystwo Tatrza\u0144skie w 1948 roku.\u00a0 &nbsp; W roku 1950 powi\u0119kszono go o dodatkowe skrzyd\u0142o. Obecnie jest to najmniejsze w polskich Tatrach schronisko o powierzchni oko\u0142o 250 mkw. Dysponuje ono 20 miejscami noclegowymi. Mie\u015bci w sobie ma\u0142\u0105, ale bardzo klimatyczn\u0105&nbsp;<a href=\"https:\/\/turysta2.pttk.pl\/?p=27446\" class=\"read-more\">Continue Reading<\/a>","protected":false},"author":4,"featured_media":0,"comment_status":"closed","ping_status":"closed","sticky":false,"template":"","format":"gallery","meta":{"footnotes":""},"categories":[71,41],"tags":[],"class_list":["post-27446","post","type-post","status-publish","format-gallery","hentry","category-turystyka-gorska","category-turystyka-pttk","post_format-post-format-gallery","cat-71-id","cat-41-id"],"aioseo_notices":[],"_links":{"self":[{"href":"https:\/\/turysta2.pttk.pl\/index.php?rest_route=\/wp\/v2\/posts\/27446","targetHints":{"allow":["GET"]}}],"collection":[{"href":"https:\/\/turysta2.pttk.pl\/index.php?rest_route=\/wp\/v2\/posts"}],"about":[{"href":"https:\/\/turysta2.pttk.pl\/index.php?rest_route=\/wp\/v2\/types\/post"}],"author":[{"embeddable":true,"href":"https:\/\/turysta2.pttk.pl\/index.php?rest_route=\/wp\/v2\/users\/4"}],"replies":[{"embeddable":true,"href":"https:\/\/turysta2.pttk.pl\/index.php?rest_route=%2Fwp%2Fv2%2Fcomments&post=27446"}],"version-history":[{"count":1,"href":"https:\/\/turysta2.pttk.pl\/index.php?rest_route=\/wp\/v2\/posts\/27446\/revisions"}],"predecessor-version":[{"id":27450,"href":"https:\/\/turysta2.pttk.pl\/index.php?rest_route=\/wp\/v2\/posts\/27446\/revisions\/27450"}],"wp:attachment":[{"href":"https:\/\/turysta2.pttk.pl\/index.php?rest_route=%2Fwp%2Fv2%2Fmedia&parent=27446"}],"wp:term":[{"taxonomy":"category","embeddable":true,"href":"https:\/\/turysta2.pttk.pl\/index.php?rest_route=%2Fwp%2Fv2%2Fcategories&post=27446"},{"taxonomy":"post_tag","embeddable":true,"href":"https:\/\/turysta2.pttk.pl\/index.php?rest_route=%2Fwp%2Fv2%2Ftags&post=27446"}],"curies":[{"name":"wp","href":"https:\/\/api.w.org\/{rel}","templated":true}]}}