{"id":27422,"date":"2022-09-12T16:53:35","date_gmt":"2022-09-12T14:53:35","guid":{"rendered":"https:\/\/turysta2.pttk.pl\/?p=27422"},"modified":"2023-03-27T11:37:44","modified_gmt":"2023-03-27T09:37:44","slug":"gorzowski-grobowiec-megalityczny","status":"publish","type":"post","link":"https:\/\/turysta2.pttk.pl\/?p=27422","title":{"rendered":"Gorzowski grobowiec megalityczny"},"content":{"rendered":"<p><span style=\"font-weight: 400;\">Je\u015bli kt\u00f3regokolwiek z gorzowian zapytamy, jaki zabytek architektury w ich mie\u015bcie jest najstarszy, odpowie bez wahania: katedra. Przyjmuj\u0105c, \u017ce grobowce te\u017c s\u0105 architektur\u0105, nie jest to prawd\u0105. Mamy bowiem w Gorzowie grobowiec z epoki kultury amfor kulistych, licz\u0105cy sobie blisko 4500 lat. Nietrudno go odszuka\u0107, bo stoi zrekonstruowany w parku Muzeum Lubuskiego przy ulicy Warszawskiej. Tworz\u0105 go \u0142upane p\u0142yty kamienne, kt\u00f3rych ci\u0119\u017car dochodzi nawet do trzech ton. Na nich wspiera\u0142y si\u0119 pierwotnie d\u0119bowe bale przysypane ziemi\u0105. Wewn\u0105trz grobowca pochowano szcz\u0105tki 17 ludzi, najprawdopodobniej pochodz\u0105cych z jednego rodu. Zmar\u0142ych wyposa\u017cono na drog\u0119 w za\u015bwiaty w siekierki, d\u0142uta kamienne, toporki, ozdoby bursztynowe, k\u0142y ody\u0144ca i niewielki pucharek \u2013 by\u0107 mo\u017ce wype\u0142niony alkoholem. Dziwne, \u017ce w\u015br\u00f3d przedmiot\u00f3w, kt\u00f3re odkryto wewn\u0105trz, brakowa\u0142o charakterystycznych dla tego okresu garnk\u00f3w z symbolami Dobra i S\u0142o\u0144ca, czyli swastyki. <\/span><span style=\"font-weight: 400;\">\u00a0\u00a0<\/span><span style=\"font-weight: 400;\">Kiedy 90 lat temu archeolog i historyk niemiecki Fritz Buchholz odkry\u0142 megalit w Lasku Z\u0142otego Potoku, czyli dzisiejszym Parku Czech\u00f3wek, by\u0142a to nie lada sensacja. Zrekonstruowany zabytek pierwotnie postawiono ko\u0142o dzisiejszej restauracji \u201eAgata\u201d, gdzie sta\u0142 do 1960 roku. Wtedy to, w zwi\u0105zku z budow\u0105 postoju taks\u00f3wek, przeniesiono go do parku krajobrazowego obok willi landsberskiego przemys\u0142owca Gustawa Schroedera \u2013 obecnie siedziby Muzeum Lubuskiego.<\/span><\/p>\n<p><span style=\"font-weight: 400;\">Tekst i zdj\u0119cia: Zbigniew Rudzi\u0144ski<\/span><\/p>\n\n\t\t<style type=\"text\/css\">\n\t\t\t#gallery-1 {\n\t\t\t\tmargin: auto;\n\t\t\t}\n\t\t\t#gallery-1 .gallery-item {\n\t\t\t\tfloat: left;\n\t\t\t\tmargin-top: 10px;\n\t\t\t\ttext-align: center;\n\t\t\t\twidth: 33%;\n\t\t\t}\n\t\t\t#gallery-1 img {\n\t\t\t\tborder: 2px solid #cfcfcf;\n\t\t\t}\n\t\t\t#gallery-1 .gallery-caption {\n\t\t\t\tmargin-left: 0;\n\t\t\t}\n\t\t\t\/* see gallery_shortcode() in wp-includes\/media.php *\/\n\t\t<\/style>\n\t\t<div id='gallery-1' class='gallery galleryid-27422 gallery-columns-3 gallery-size-thumbnail'><dl class='gallery-item'>\n\t\t\t<dt class='gallery-icon landscape'>\n\t\t\t\t<a href='https:\/\/turysta2.pttk.pl\/?attachment_id=27423'><img loading=\"lazy\" decoding=\"async\" width=\"150\" height=\"150\" src=\"https:\/\/turysta2.pttk.pl\/wp-content\/uploads\/2022\/09\/Grobowiec-megalityczny-fot.-Zbigniew-Rudzinski.jpg-150x150.jpg\" class=\"attachment-thumbnail size-thumbnail\" alt=\"\" aria-describedby=\"gallery-1-27423\" \/><\/a>\n\t\t\t<\/dt>\n\t\t\t\t<dd class='wp-caption-text gallery-caption' id='gallery-1-27423'>\n\t\t\t\tOLYMPUS DIGITAL CAMERA\n\t\t\t\t<\/dd><\/dl><dl class='gallery-item'>\n\t\t\t<dt class='gallery-icon landscape'>\n\t\t\t\t<a href='https:\/\/turysta2.pttk.pl\/?attachment_id=27424'><img loading=\"lazy\" decoding=\"async\" width=\"150\" height=\"150\" src=\"https:\/\/turysta2.pttk.pl\/wp-content\/uploads\/2022\/09\/Willa-150x150.jpg\" class=\"attachment-thumbnail size-thumbnail\" alt=\"\" \/><\/a>\n\t\t\t<\/dt><\/dl>\n\t\t\t<br style='clear: both' \/>\n\t\t<\/div>\n\n","protected":false},"excerpt":{"rendered":"Je\u015bli kt\u00f3regokolwiek z gorzowian zapytamy, jaki zabytek architektury w ich mie\u015bcie jest najstarszy, odpowie bez wahania: katedra. Przyjmuj\u0105c, \u017ce grobowce te\u017c s\u0105 architektur\u0105, nie jest to prawd\u0105. Mamy bowiem w Gorzowie grobowiec z epoki kultury amfor kulistych, licz\u0105cy sobie blisko 4500 lat. Nietrudno go odszuka\u0107, bo stoi zrekonstruowany w parku Muzeum Lubuskiego przy ulicy Warszawskiej. Tworz\u0105 go \u0142upane p\u0142yty kamienne,&nbsp;<a href=\"https:\/\/turysta2.pttk.pl\/?p=27422\" class=\"read-more\">Continue Reading<\/a>","protected":false},"author":4,"featured_media":0,"comment_status":"closed","ping_status":"closed","sticky":false,"template":"","format":"gallery","meta":{"footnotes":""},"categories":[113,95],"tags":[],"class_list":["post-27422","post","type-post","status-publish","format-gallery","hentry","category-alfabet-krajoznawcy","category-musisz-zobaczyc","post_format-post-format-gallery","cat-113-id","cat-95-id"],"aioseo_notices":[],"_links":{"self":[{"href":"https:\/\/turysta2.pttk.pl\/index.php?rest_route=\/wp\/v2\/posts\/27422","targetHints":{"allow":["GET"]}}],"collection":[{"href":"https:\/\/turysta2.pttk.pl\/index.php?rest_route=\/wp\/v2\/posts"}],"about":[{"href":"https:\/\/turysta2.pttk.pl\/index.php?rest_route=\/wp\/v2\/types\/post"}],"author":[{"embeddable":true,"href":"https:\/\/turysta2.pttk.pl\/index.php?rest_route=\/wp\/v2\/users\/4"}],"replies":[{"embeddable":true,"href":"https:\/\/turysta2.pttk.pl\/index.php?rest_route=%2Fwp%2Fv2%2Fcomments&post=27422"}],"version-history":[{"count":1,"href":"https:\/\/turysta2.pttk.pl\/index.php?rest_route=\/wp\/v2\/posts\/27422\/revisions"}],"predecessor-version":[{"id":27425,"href":"https:\/\/turysta2.pttk.pl\/index.php?rest_route=\/wp\/v2\/posts\/27422\/revisions\/27425"}],"wp:attachment":[{"href":"https:\/\/turysta2.pttk.pl\/index.php?rest_route=%2Fwp%2Fv2%2Fmedia&parent=27422"}],"wp:term":[{"taxonomy":"category","embeddable":true,"href":"https:\/\/turysta2.pttk.pl\/index.php?rest_route=%2Fwp%2Fv2%2Fcategories&post=27422"},{"taxonomy":"post_tag","embeddable":true,"href":"https:\/\/turysta2.pttk.pl\/index.php?rest_route=%2Fwp%2Fv2%2Ftags&post=27422"}],"curies":[{"name":"wp","href":"https:\/\/api.w.org\/{rel}","templated":true}]}}