{"id":27409,"date":"2022-09-12T15:13:17","date_gmt":"2022-09-12T13:13:17","guid":{"rendered":"https:\/\/turysta2.pttk.pl\/?p=27409"},"modified":"2023-03-27T11:37:44","modified_gmt":"2023-03-27T09:37:44","slug":"forum-przewodnikow-pttk","status":"publish","type":"post","link":"https:\/\/turysta2.pttk.pl\/?p=27409","title":{"rendered":"Forum przewodnik\u00f3w PTTK"},"content":{"rendered":"<p><b>W Krakowie od 11 do 13 lutego 2022 roku pod has\u0142em \u201eTeatralny Krak\u00f3w\u201d obradowa\u0142o Forum Przewodnik\u00f3w Turystycznych PTTK. Organizatorem przedsi\u0119wzi\u0119cia by\u0142 krakowski Oddzia\u0142 PTTK im. ks. Karola Wojty\u0142y, miejscem obrad \u2013 sala konferencyjna po\u0142o\u017conego przy Plantach Domu Turysty PTTK (Hotel Wyspia\u0144ski).<\/b><\/p>\n<p>&nbsp;<\/p>\n<p><span style=\"font-weight: 400;\">Otwarcie forum zaszczycili obecno\u015bci\u0105 m.in. sekretarz stanu w Ministerstwie Sportu i Turystyki Andrzej Gut-Mostowy, zast\u0119pca prezydenta Krakowa Anna Korfel-Jasi\u0144ska oraz przedstawiciele w\u0142adz naczelnych PTTK. Warto podkre\u015bli\u0107, i\u017c minister A. Gut-Mostowy zapowiedzia\u0142 dzia\u0142ania maj\u0105ce na celu uporz\u0105dkowanie prawne przewodnictwa we wsp\u00f3\u0142pracy <\/span><span style=\"font-weight: 400;\"><br \/>\n<\/span><span style=\"font-weight: 400;\">z samorz\u0105dami, co spotka\u0142o si\u0119 z aplauzem zgromadzonych przewodnik\u00f3w.<\/span><\/p>\n<p><span style=\"font-weight: 400;\">Po cz\u0119\u015bci oficjalnej uczestnicy udali si\u0119 do Ko\u015bcio\u0142a Mariackiego, by zapozna\u0107 si\u0119 z dziejami i przebiegiem konserwacji \u015bwi\u0105tyni oraz s\u0142ynnego o\u0142tarza Wita Stwosza. W godzinach przedpo\u0142udniowych, jeszcze przed oficjalnym otwarciem spotkania, obradowa\u0142 Krajowy Samorz\u0105d Przewodnik\u00f3w Turystycznych.<\/span><\/p>\n<p><span style=\"font-weight: 400;\">Drugiego dnia (12 lutego) program forum obejmowa\u0142 zwiedzanie Rydl\u00f3wki (Oddzia\u0142u Muzeum Historycznego Miasta Krakowa), b\u0105d\u017a fakultatywnie teatru im. Juliusza S\u0142owackiego i Teatru Groteska. Po po\u0142udniu odby\u0142y si\u0119 warsztaty z wykorzystania technik teatralnych w przewodnictwie oraz spotkania dyskusyjne o przysz\u0142o\u015bci przewodnictwa w PTTK. Wieczorem uczestnicy udali si\u0119 do Teatru Ludowego (Scena pod Ratuszem) i Teatru Groteska.<\/span><\/p>\n<p><span style=\"font-weight: 400;\">Ostatniego dnia program przewidywa\u0142 zwiedzanie Starego Miasta w Krakowie, w tym Muzeum Szopek Krakowskich.<\/span><\/p>\n<p><span style=\"font-weight: 400;\">W niepewnych czasach (impreza w Krakowie odby\u0142a si\u0119 z rocznym op\u00f3\u017anieniem z powodu pandemii) trudno jest jeszcze dok\u0142adnie okre\u015bli\u0107 czas i miejsce nast\u0119pnego forum.\u00a0 Planowane ono jest na Dolnym \u015al\u0105sku w Legnicy.\u00a0 Miejmy nadziej\u0119, \u017ce odb\u0119dzie si\u0119 bez przeszk\u00f3d.<\/span><\/p>\n\n\t\t<style type=\"text\/css\">\n\t\t\t#gallery-1 {\n\t\t\t\tmargin: auto;\n\t\t\t}\n\t\t\t#gallery-1 .gallery-item {\n\t\t\t\tfloat: left;\n\t\t\t\tmargin-top: 10px;\n\t\t\t\ttext-align: center;\n\t\t\t\twidth: 33%;\n\t\t\t}\n\t\t\t#gallery-1 img {\n\t\t\t\tborder: 2px solid #cfcfcf;\n\t\t\t}\n\t\t\t#gallery-1 .gallery-caption {\n\t\t\t\tmargin-left: 0;\n\t\t\t}\n\t\t\t\/* see gallery_shortcode() in wp-includes\/media.php *\/\n\t\t<\/style>\n\t\t<div id='gallery-1' class='gallery galleryid-27409 gallery-columns-3 gallery-size-thumbnail'><dl class='gallery-item'>\n\t\t\t<dt class='gallery-icon landscape'>\n\t\t\t\t<a href='https:\/\/turysta2.pttk.pl\/?attachment_id=27410'><img loading=\"lazy\" decoding=\"async\" width=\"150\" height=\"150\" src=\"https:\/\/turysta2.pttk.pl\/wp-content\/uploads\/2022\/09\/fot.Marcin-Szumny-1-150x150.jpg\" class=\"attachment-thumbnail size-thumbnail\" alt=\"\" \/><\/a>\n\t\t\t<\/dt><\/dl><dl class='gallery-item'>\n\t\t\t<dt class='gallery-icon landscape'>\n\t\t\t\t<a href='https:\/\/turysta2.pttk.pl\/?attachment_id=27411'><img loading=\"lazy\" decoding=\"async\" width=\"150\" height=\"150\" src=\"https:\/\/turysta2.pttk.pl\/wp-content\/uploads\/2022\/09\/fot.Marcin-Szumny-150x150.jpg\" class=\"attachment-thumbnail size-thumbnail\" alt=\"\" \/><\/a>\n\t\t\t<\/dt><\/dl><dl class='gallery-item'>\n\t\t\t<dt class='gallery-icon landscape'>\n\t\t\t\t<a href='https:\/\/turysta2.pttk.pl\/?attachment_id=27412'><img loading=\"lazy\" decoding=\"async\" width=\"150\" height=\"150\" src=\"https:\/\/turysta2.pttk.pl\/wp-content\/uploads\/2022\/09\/Uczestnicy-forum-przewodnickiego-fot.Marcin-Szumny-150x150.jpg\" class=\"attachment-thumbnail size-thumbnail\" alt=\"\" \/><\/a>\n\t\t\t<\/dt><\/dl><br style=\"clear: both\" \/><dl class='gallery-item'>\n\t\t\t<dt class='gallery-icon landscape'>\n\t\t\t\t<a href='https:\/\/turysta2.pttk.pl\/?attachment_id=27413'><img loading=\"lazy\" decoding=\"async\" width=\"150\" height=\"150\" src=\"https:\/\/turysta2.pttk.pl\/wp-content\/uploads\/2022\/09\/Wystapienie-Podsekretarza-Stanu-w-Ministerstwie-Sportu-i-Turystyki-Andrzeja-Gut-Mostowego-fot.-Marcin-Szumny--150x150.jpg\" class=\"attachment-thumbnail size-thumbnail\" alt=\"\" \/><\/a>\n\t\t\t<\/dt><\/dl>\n\t\t\t<br style='clear: both' \/>\n\t\t<\/div>\n\n<p>&nbsp;<\/p>\n<p><span style=\"font-weight: 400;\">Tekst Marian Jurak<\/span><\/p>\n<p><span style=\"font-weight: 400;\">Zdj\u0119cia Marcin Szumny<\/span><\/p>\n","protected":false},"excerpt":{"rendered":"W Krakowie od 11 do 13 lutego 2022 roku pod has\u0142em \u201eTeatralny Krak\u00f3w\u201d obradowa\u0142o Forum Przewodnik\u00f3w Turystycznych PTTK. Organizatorem przedsi\u0119wzi\u0119cia by\u0142 krakowski Oddzia\u0142 PTTK im. ks. Karola Wojty\u0142y, miejscem obrad \u2013 sala konferencyjna po\u0142o\u017conego przy Plantach Domu Turysty PTTK (Hotel Wyspia\u0144ski). &nbsp; Otwarcie forum zaszczycili obecno\u015bci\u0105 m.in. sekretarz stanu w Ministerstwie Sportu i Turystyki Andrzej Gut-Mostowy, zast\u0119pca prezydenta Krakowa Anna&nbsp;<a href=\"https:\/\/turysta2.pttk.pl\/?p=27409\" class=\"read-more\">Continue Reading<\/a>","protected":false},"author":4,"featured_media":0,"comment_status":"closed","ping_status":"closed","sticky":false,"template":"","format":"gallery","meta":{"footnotes":""},"categories":[75,41],"tags":[],"class_list":["post-27409","post","type-post","status-publish","format-gallery","hentry","category-przewodnictwo-i-pilotaz","category-turystyka-pttk","post_format-post-format-gallery","cat-75-id","cat-41-id"],"aioseo_notices":[],"_links":{"self":[{"href":"https:\/\/turysta2.pttk.pl\/index.php?rest_route=\/wp\/v2\/posts\/27409","targetHints":{"allow":["GET"]}}],"collection":[{"href":"https:\/\/turysta2.pttk.pl\/index.php?rest_route=\/wp\/v2\/posts"}],"about":[{"href":"https:\/\/turysta2.pttk.pl\/index.php?rest_route=\/wp\/v2\/types\/post"}],"author":[{"embeddable":true,"href":"https:\/\/turysta2.pttk.pl\/index.php?rest_route=\/wp\/v2\/users\/4"}],"replies":[{"embeddable":true,"href":"https:\/\/turysta2.pttk.pl\/index.php?rest_route=%2Fwp%2Fv2%2Fcomments&post=27409"}],"version-history":[{"count":1,"href":"https:\/\/turysta2.pttk.pl\/index.php?rest_route=\/wp\/v2\/posts\/27409\/revisions"}],"predecessor-version":[{"id":27414,"href":"https:\/\/turysta2.pttk.pl\/index.php?rest_route=\/wp\/v2\/posts\/27409\/revisions\/27414"}],"wp:attachment":[{"href":"https:\/\/turysta2.pttk.pl\/index.php?rest_route=%2Fwp%2Fv2%2Fmedia&parent=27409"}],"wp:term":[{"taxonomy":"category","embeddable":true,"href":"https:\/\/turysta2.pttk.pl\/index.php?rest_route=%2Fwp%2Fv2%2Fcategories&post=27409"},{"taxonomy":"post_tag","embeddable":true,"href":"https:\/\/turysta2.pttk.pl\/index.php?rest_route=%2Fwp%2Fv2%2Ftags&post=27409"}],"curies":[{"name":"wp","href":"https:\/\/api.w.org\/{rel}","templated":true}]}}