{"id":27344,"date":"2022-09-12T14:06:11","date_gmt":"2022-09-12T12:06:11","guid":{"rendered":"https:\/\/turysta2.pttk.pl\/?p=27344"},"modified":"2023-03-27T11:38:03","modified_gmt":"2023-03-27T09:38:03","slug":"znam-gdynski-modernizm","status":"publish","type":"post","link":"https:\/\/turysta2.pttk.pl\/?p=27344","title":{"rendered":"Znam Gdy\u0144ski Modernizm"},"content":{"rendered":"<p style=\"text-align: center;\"><b>Odznaka krajoznawcza PTTK \u201eZnam gdy\u0144ski modernizm\u201d<\/b><\/p>\n<p>&nbsp;<\/p>\n<p><b>W 2021 roku bogata oferta odznak krajoznawczych PTTK rozszerzy\u0142a si\u0119 o kolejn\u0105, tym razem dedykowan\u0105 dziedzictwu modernistycznemu Gdyni<\/b><span style=\"font-weight: 400;\">.\u00a0<\/span><\/p>\n<p>&nbsp;<\/p>\n<p><span style=\"font-weight: 400;\">Idea, kt\u00f3ra przy\u015bwieca\u0142a pomys\u0142odawcy odznaki \u2013 kol. Jaros\u0142awowi Kaczmarczykowi z Oddzia\u0142u PTTK Marynarki Wojennej w Gdyni, to propagowanie dziedzictwa modernistycznej architektury Gdyni, powsta\u0142ej w pierwszej po\u0142owie XX wieku oraz zach\u0119canie do jej systematycznego poznawania. Regionalna odznaka krajoznawcza PTTK pn. \u201eZnam gdy\u0144ski modernizm\u201d (w stopniu I i II) zosta\u0142a zaprojektowana przez Tomasza Akackiego.\u00a0<\/span><\/p>\n<p><span style=\"font-weight: 400;\">Warunkiem zdobycia odznaki zar\u00f3wno I, jak i II stopnia jest odbycie w dowolnej formie wycieczek krajoznawczych, obejmuj\u0105cych zwiedzanie obiekt\u00f3w wymienionych w regulaminie odznaki. Budynki te s\u0105 cennymi przyk\u0142adami architektury modernistycznej (powsta\u0142ymi na r\u00f3\u017cnych etapach budowy miasta) zlokalizowanymi w \u015br\u00f3dmie\u015bciu Gdyni, a w przypadku odznaki II stopnia r\u00f3wnie\u017c w innych dzielnicach miasta. S\u0105 to kamienice, np. budynek mieszkalny Funduszu Emerytalnego Banku Gospodarstwa Krajowego wzniesiony w latach 1935\u20131939 z przestronnymi mieszkaniami i du\u017cymi loggiami, nowoczesnymi windami, gara\u017cem w piwnicy, pralni\u0105, a nawet schronem przeciwlotniczym. Innym przyk\u0142adem tego typu obiekt\u00f3w jest kamienica Juliusza i Heleny Hundsdorff\u00f3w wybudowana w latach 1932\u20131935 z charakterystycznym zaokr\u0105glonym naro\u017cnikiem.\u00a0<\/span><\/p>\n<p><span style=\"font-weight: 400;\">Odkrywaj\u0105c architektur\u0119 modernistyczn\u0105 Gdyni, mo\u017cna te\u017c pozna\u0107 bli\u017cej obiekty biurowe, jak chocia\u017cby dawny biurowiec Zak\u0142adu Ubezpiecze\u0144 Spo\u0142ecznych, a obecnie Urz\u0105d Miasta Gdyni. Jest to jeden z ikonicznych budynk\u00f3w modernistycznych w Gdyni, kt\u00f3ry poprzez swoj\u0105 op\u0142ywow\u0105 bry\u0142\u0119 przywo\u0142uje skojarzenia z liniowcem pasa\u017cerskim. S\u0105 te\u017c obiekty u\u017cyteczno\u015bci publicznej, na przyk\u0142ad budynek z 1936 roku obecnie mieszcz\u0105cy S\u0105d Rejonowy, czy wzniesiony w 1939 roku Dom \u017beglarza Polskiego, kt\u00f3ry mia\u0142 by\u0107 cz\u0119\u015bci\u0105 niezrealizowanego projektu Forum Morskiego. Dzi\u015b mie\u015bci on Wydzia\u0142 Nawigacyjny Uniwersytetu Morskiego w Gdyni i tym samym bezpo\u015brednio nawi\u0105zuje do swojej pierwotnej funkcji. Poznaj\u0105c architektur\u0119 modernistyczn\u0105 Gdyni, nale\u017cy koniecznie zobaczy\u0107 obiekty portowe, jak cho\u0107by Dworzec Morski zaprojektowany do obs\u0142ugi pasa\u017cerskiej floty transatlantyckiej, a obecnie mieszcz\u0105cy Muzeum Emigracji prezentuj\u0105ce histori\u0119 polskiej emigracji, czy pochodz\u0105cy z 1937 roku budynek dzisiejszego Zarz\u0105du Morskiego Portu Gdynia.\u00a0<\/span><\/p>\n<p><span style=\"font-weight: 400;\">Podejmuj\u0105c trud zdobycia odznaki, warto te\u017c odwiedzi\u0107 obiekty handlowe, w tym ikoniczny zesp\u00f3\u0142 Miejskich Hali Targowych zaprojektowany przez Jerzego M\u00fcllera i Stefana Reychmana. Fascynuje on swoj\u0105 konstrukcj\u0105 no\u015bn\u0105 sk\u0142adaj\u0105c\u0105 si\u0119 z \u017celbetowych \u0142uk\u00f3w. Kanon gdy\u0144skich obiekt\u00f3w modernistycznych zach\u0119ca, szczeg\u00f3lnie osoby zainteresowane zdobyciem odznaki II stopnia, do poznania kolejnych budynk\u00f3w, mo\u017ce mniej znanych, ale r\u00f3wnie ciekawych, w tym sakralnych, znajduj\u0105cych si\u0119 w innych dzielnicach Gdyni.<\/span><\/p>\n<p><span style=\"font-weight: 400;\">Przygody i satysfakcji ze zdobywania odznak mo\u017ce do\u015bwiadczy\u0107 ka\u017cdy, kto uko\u0144czy\u0142 osiem lat, a wi\u0119c jest to opcja idealna zar\u00f3wno dla krajoznawc\u00f3w indywidualnych, jak r\u00f3wnie\u017c ca\u0142ych rodzin. Czas na realizacj\u0119 tego wyzwania jest nieograniczony z zastrze\u017ceniem, \u017ce w jednym roku kalendarzowym mo\u017cna zdoby\u0107 tylko jeden stopie\u0144 odznaki oraz \u017ce nale\u017cy zachowa\u0107 kolejno\u015b\u0107 ich zdobywania. Ca\u0142y proces nale\u017cy udokumentowa\u0107 poprzez prowadzenie zapis\u00f3w (piecz\u0105tka, zdj\u0119cie na tle obiektu, podpis przewodnika) w specjalnie przygotowanej ksi\u0105\u017ceczce \u201eRegionalna Odznaka Krajoznawcza \u2013 Znam Gdy\u0144ski Modernizm\u201d o bardzo atrakcyjnej szacie graficznej.\u00a0<\/span><\/p>\n<p><a href=\"https:\/\/turysta2.pttk.pl\/wp-content\/uploads\/2022\/09\/ZNAM-GDYNSKI-MODERNIZM-022.png\"><img loading=\"lazy\" decoding=\"async\" class=\"wp-image-27346 aligncenter\" src=\"https:\/\/turysta2.pttk.pl\/wp-content\/uploads\/2022\/09\/ZNAM-GDYNSKI-MODERNIZM-022-840x1024.png\" alt=\"\" width=\"362\" height=\"441\" srcset=\"https:\/\/turysta2.pttk.pl\/wp-content\/uploads\/2022\/09\/ZNAM-GDYNSKI-MODERNIZM-022-840x1024.png 840w, https:\/\/turysta2.pttk.pl\/wp-content\/uploads\/2022\/09\/ZNAM-GDYNSKI-MODERNIZM-022-246x300.png 246w, https:\/\/turysta2.pttk.pl\/wp-content\/uploads\/2022\/09\/ZNAM-GDYNSKI-MODERNIZM-022-768x936.png 768w, https:\/\/turysta2.pttk.pl\/wp-content\/uploads\/2022\/09\/ZNAM-GDYNSKI-MODERNIZM-022.png 1017w\" sizes=\"auto, (max-width: 362px) 100vw, 362px\" \/><\/a><a href=\"https:\/\/turysta2.pttk.pl\/wp-content\/uploads\/2022\/09\/ZNAM-GDYNSKI-MODERNIZM1.png\"><img loading=\"lazy\" decoding=\"async\" class=\"size-full wp-image-27345 alignleft\" src=\"https:\/\/turysta2.pttk.pl\/wp-content\/uploads\/2022\/09\/ZNAM-GDYNSKI-MODERNIZM1.png\" alt=\"\" width=\"1024\" height=\"634\" srcset=\"https:\/\/turysta2.pttk.pl\/wp-content\/uploads\/2022\/09\/ZNAM-GDYNSKI-MODERNIZM1.png 1024w, https:\/\/turysta2.pttk.pl\/wp-content\/uploads\/2022\/09\/ZNAM-GDYNSKI-MODERNIZM1-300x186.png 300w, https:\/\/turysta2.pttk.pl\/wp-content\/uploads\/2022\/09\/ZNAM-GDYNSKI-MODERNIZM1-768x476.png 768w\" sizes=\"auto, (max-width: 1024px) 100vw, 1024px\" \/><\/a><\/p>\n<p><b>Szczeg\u00f3\u0142owe informacje o odznace mo\u017cna znale\u017a\u0107 na stronie <\/b><a href=\"http:\/\/www.pttk-omwgdynia.pl\/\"><b>www.pttk-omwgdynia.pl<\/b><\/a><\/p>\n<p><b>Zapraszamy do spacer\u00f3w i zdobywania odznaki!<\/b><\/p>\n<p>&nbsp;<\/p>\n<p><span style=\"font-weight: 400;\">\u00a0Joanna Leman<\/span><\/p>\n","protected":false},"excerpt":{"rendered":"Odznaka krajoznawcza PTTK \u201eZnam gdy\u0144ski modernizm\u201d &nbsp; W 2021 roku bogata oferta odznak krajoznawczych PTTK rozszerzy\u0142a si\u0119 o kolejn\u0105, tym razem dedykowan\u0105 dziedzictwu modernistycznemu Gdyni.\u00a0 &nbsp; Idea, kt\u00f3ra przy\u015bwieca\u0142a pomys\u0142odawcy odznaki \u2013 kol. Jaros\u0142awowi Kaczmarczykowi z Oddzia\u0142u PTTK Marynarki Wojennej w Gdyni, to propagowanie dziedzictwa modernistycznej architektury Gdyni, powsta\u0142ej w pierwszej po\u0142owie XX wieku oraz zach\u0119canie do jej systematycznego poznawania.&nbsp;<a href=\"https:\/\/turysta2.pttk.pl\/?p=27344\" class=\"read-more\">Continue Reading<\/a>","protected":false},"author":4,"featured_media":0,"comment_status":"closed","ping_status":"closed","sticky":false,"template":"","format":"image","meta":{"footnotes":""},"categories":[93,9],"tags":[],"class_list":["post-27344","post","type-post","status-publish","format-image","hentry","category-aktualnosci","category-warto-wiedziec","post_format-post-format-image","cat-93-id","cat-9-id"],"aioseo_notices":[],"_links":{"self":[{"href":"https:\/\/turysta2.pttk.pl\/index.php?rest_route=\/wp\/v2\/posts\/27344","targetHints":{"allow":["GET"]}}],"collection":[{"href":"https:\/\/turysta2.pttk.pl\/index.php?rest_route=\/wp\/v2\/posts"}],"about":[{"href":"https:\/\/turysta2.pttk.pl\/index.php?rest_route=\/wp\/v2\/types\/post"}],"author":[{"embeddable":true,"href":"https:\/\/turysta2.pttk.pl\/index.php?rest_route=\/wp\/v2\/users\/4"}],"replies":[{"embeddable":true,"href":"https:\/\/turysta2.pttk.pl\/index.php?rest_route=%2Fwp%2Fv2%2Fcomments&post=27344"}],"version-history":[{"count":4,"href":"https:\/\/turysta2.pttk.pl\/index.php?rest_route=\/wp\/v2\/posts\/27344\/revisions"}],"predecessor-version":[{"id":27421,"href":"https:\/\/turysta2.pttk.pl\/index.php?rest_route=\/wp\/v2\/posts\/27344\/revisions\/27421"}],"wp:attachment":[{"href":"https:\/\/turysta2.pttk.pl\/index.php?rest_route=%2Fwp%2Fv2%2Fmedia&parent=27344"}],"wp:term":[{"taxonomy":"category","embeddable":true,"href":"https:\/\/turysta2.pttk.pl\/index.php?rest_route=%2Fwp%2Fv2%2Fcategories&post=27344"},{"taxonomy":"post_tag","embeddable":true,"href":"https:\/\/turysta2.pttk.pl\/index.php?rest_route=%2Fwp%2Fv2%2Ftags&post=27344"}],"curies":[{"name":"wp","href":"https:\/\/api.w.org\/{rel}","templated":true}]}}