{"id":27341,"date":"2022-09-12T14:01:32","date_gmt":"2022-09-12T12:01:32","guid":{"rendered":"https:\/\/turysta2.pttk.pl\/?p=27341"},"modified":"2023-03-27T11:38:03","modified_gmt":"2023-03-27T09:38:03","slug":"sprawny-na-szlaku","status":"publish","type":"post","link":"https:\/\/turysta2.pttk.pl\/?p=27341","title":{"rendered":"Sprawny na szlaku"},"content":{"rendered":"<p>&nbsp;<\/p>\n<p style=\"text-align: center;\"><b>Odznaka Turystyczna PTTK <\/b><span style=\"font-weight: 400;\">\u201e<\/span><b>Sprawny na Szlaku\"<\/b><\/p>\n<p><a href=\"https:\/\/turysta2.pttk.pl\/wp-content\/uploads\/2022\/09\/3.jpg\"><img loading=\"lazy\" decoding=\"async\" class=\"aligncenter size-large wp-image-27342\" src=\"https:\/\/turysta2.pttk.pl\/wp-content\/uploads\/2022\/09\/3-1024x979.jpg\" alt=\"\" width=\"604\" height=\"577\" srcset=\"https:\/\/turysta2.pttk.pl\/wp-content\/uploads\/2022\/09\/3-1024x979.jpg 1024w, https:\/\/turysta2.pttk.pl\/wp-content\/uploads\/2022\/09\/3-300x287.jpg 300w, https:\/\/turysta2.pttk.pl\/wp-content\/uploads\/2022\/09\/3-768x734.jpg 768w, https:\/\/turysta2.pttk.pl\/wp-content\/uploads\/2022\/09\/3-1536x1469.jpg 1536w, https:\/\/turysta2.pttk.pl\/wp-content\/uploads\/2022\/09\/3-2048x1958.jpg 2048w\" sizes=\"auto, (max-width: 604px) 100vw, 604px\" \/><\/a><\/p>\n<p>&nbsp;<\/p>\n<p><span style=\"font-weight: 400;\">Na wniosek Rady ds. Turystyki Os\u00f3b Niepe\u0142nosprawnych Zarz\u0105du G\u0142\u00f3wnego PTTK Prezydium Zarz\u0105du G\u0142\u00f3wnego PTTK uchwa\u0142\u0105 nr 142\/XIX\/2021 z dnia 22 marca 2021 r. ustanowi\u0142o Odznak\u0119 Turystyczn\u0105 PTTK \u201eSprawny na Szlaku\u201d. Odznaka ma cztery stopnie: br\u0105zowy, srebrny, z\u0142oty i \u201eZa wytrwa\u0142o\u015b\u0107\u201d, a jej wzory okre\u015bla za\u0142\u0105cznik do regulaminu. Mo\u017ce j\u0105 zdobywa\u0107 ka\u017cda osoba, tak\u017ce nieb\u0119d\u0105ca cz\u0142onkiem PTTK, posiadaj\u0105ca orzeczenie o niepe\u0142nosprawno\u015bci (w tym osoby z przyznan\u0105 grup\u0105 inwalidzk\u0105) oraz osoby przezwyci\u0119\u017caj\u0105ce utrudnienia zwi\u0105zane z wiekiem. Mo\u017cna j\u0105 zdobywa\u0107 od 6. roku \u017cycia. Weryfikacja odznaki nast\u0119puje na podstawie ksi\u0105\u017ceczki wycieczek prowadzonej przez osob\u0119 zdobywaj\u0105c\u0105 w dowolnej formie (r\u00f3wnie\u017c elektronicznej).<\/span><\/p>\n","protected":false},"excerpt":{"rendered":"&nbsp; Odznaka Turystyczna PTTK \u201eSprawny na Szlaku\" &nbsp; Na wniosek Rady ds. Turystyki Os\u00f3b Niepe\u0142nosprawnych Zarz\u0105du G\u0142\u00f3wnego PTTK Prezydium Zarz\u0105du G\u0142\u00f3wnego PTTK uchwa\u0142\u0105 nr 142\/XIX\/2021 z dnia 22 marca 2021 r. ustanowi\u0142o Odznak\u0119 Turystyczn\u0105 PTTK \u201eSprawny na Szlaku\u201d. Odznaka ma cztery stopnie: br\u0105zowy, srebrny, z\u0142oty i \u201eZa wytrwa\u0142o\u015b\u0107\u201d, a jej wzory okre\u015bla za\u0142\u0105cznik do regulaminu. Mo\u017ce j\u0105 zdobywa\u0107 ka\u017cda osoba,&nbsp;<a href=\"https:\/\/turysta2.pttk.pl\/?p=27341\" class=\"read-more\">Continue Reading<\/a>","protected":false},"author":4,"featured_media":0,"comment_status":"closed","ping_status":"closed","sticky":false,"template":"","format":"image","meta":{"footnotes":""},"categories":[93,9],"tags":[],"class_list":["post-27341","post","type-post","status-publish","format-image","hentry","category-aktualnosci","category-warto-wiedziec","post_format-post-format-image","cat-93-id","cat-9-id"],"aioseo_notices":[],"_links":{"self":[{"href":"https:\/\/turysta2.pttk.pl\/index.php?rest_route=\/wp\/v2\/posts\/27341","targetHints":{"allow":["GET"]}}],"collection":[{"href":"https:\/\/turysta2.pttk.pl\/index.php?rest_route=\/wp\/v2\/posts"}],"about":[{"href":"https:\/\/turysta2.pttk.pl\/index.php?rest_route=\/wp\/v2\/types\/post"}],"author":[{"embeddable":true,"href":"https:\/\/turysta2.pttk.pl\/index.php?rest_route=\/wp\/v2\/users\/4"}],"replies":[{"embeddable":true,"href":"https:\/\/turysta2.pttk.pl\/index.php?rest_route=%2Fwp%2Fv2%2Fcomments&post=27341"}],"version-history":[{"count":1,"href":"https:\/\/turysta2.pttk.pl\/index.php?rest_route=\/wp\/v2\/posts\/27341\/revisions"}],"predecessor-version":[{"id":27343,"href":"https:\/\/turysta2.pttk.pl\/index.php?rest_route=\/wp\/v2\/posts\/27341\/revisions\/27343"}],"wp:attachment":[{"href":"https:\/\/turysta2.pttk.pl\/index.php?rest_route=%2Fwp%2Fv2%2Fmedia&parent=27341"}],"wp:term":[{"taxonomy":"category","embeddable":true,"href":"https:\/\/turysta2.pttk.pl\/index.php?rest_route=%2Fwp%2Fv2%2Fcategories&post=27341"},{"taxonomy":"post_tag","embeddable":true,"href":"https:\/\/turysta2.pttk.pl\/index.php?rest_route=%2Fwp%2Fv2%2Ftags&post=27341"}],"curies":[{"name":"wp","href":"https:\/\/api.w.org\/{rel}","templated":true}]}}