{"id":27336,"date":"2022-09-12T13:57:03","date_gmt":"2022-09-12T11:57:03","guid":{"rendered":"https:\/\/turysta2.pttk.pl\/?p=27336"},"modified":"2023-03-27T11:38:03","modified_gmt":"2023-03-27T09:38:03","slug":"prezes-zg-pttk-wsrod-najbardziej-wplywowych-osob-w-polskiej-turystyce","status":"publish","type":"post","link":"https:\/\/turysta2.pttk.pl\/?p=27336","title":{"rendered":"Prezes ZG PTTK w\u015br\u00f3d najbardziej wp\u0142ywowych os\u00f3b w polskiej turystyce"},"content":{"rendered":"\n<p class=\"has-text-align-center\">Prezes ZG PTTK w\u015br\u00f3d najbardziej wp\u0142ywowych os\u00f3b w polskiej turystyce<\/p>\n\n\n<div class=\"wp-block-image is-style-default\">\n<figure class=\"aligncenter size-large is-resized\"><a href=\"https:\/\/turysta2.pttk.pl\/wp-content\/uploads\/2022\/09\/01-scaled.jpg\"><img loading=\"lazy\" decoding=\"async\" src=\"https:\/\/turysta2.pttk.pl\/wp-content\/uploads\/2022\/09\/01-785x1024.jpg\" alt=\"\" class=\"wp-image-27339\" width=\"434\" height=\"566\" srcset=\"https:\/\/turysta2.pttk.pl\/wp-content\/uploads\/2022\/09\/01-785x1024.jpg 785w, https:\/\/turysta2.pttk.pl\/wp-content\/uploads\/2022\/09\/01-230x300.jpg 230w, https:\/\/turysta2.pttk.pl\/wp-content\/uploads\/2022\/09\/01-768x1002.jpg 768w, https:\/\/turysta2.pttk.pl\/wp-content\/uploads\/2022\/09\/01-1177x1536.jpg 1177w, https:\/\/turysta2.pttk.pl\/wp-content\/uploads\/2022\/09\/01-1570x2048.jpg 1570w, https:\/\/turysta2.pttk.pl\/wp-content\/uploads\/2022\/09\/01-scaled.jpg 1962w\" sizes=\"auto, (max-width: 434px) 100vw, 434px\" \/><\/a><\/figure>\n<\/div>\n\n<div class=\"wp-block-image\">\n<figure class=\"aligncenter size-large is-resized\"><a href=\"https:\/\/turysta2.pttk.pl\/wp-content\/uploads\/2022\/09\/Prezes-Kaplon-fot.-Justyna-Trojanowska-scaled.jpg\"><img loading=\"lazy\" decoding=\"async\" src=\"https:\/\/turysta2.pttk.pl\/wp-content\/uploads\/2022\/09\/Prezes-Kaplon-fot.-Justyna-Trojanowska-583x1024.jpg\" alt=\"\" class=\"wp-image-27337\" width=\"420\" height=\"738\" srcset=\"https:\/\/turysta2.pttk.pl\/wp-content\/uploads\/2022\/09\/Prezes-Kaplon-fot.-Justyna-Trojanowska-583x1024.jpg 583w, https:\/\/turysta2.pttk.pl\/wp-content\/uploads\/2022\/09\/Prezes-Kaplon-fot.-Justyna-Trojanowska-171x300.jpg 171w, https:\/\/turysta2.pttk.pl\/wp-content\/uploads\/2022\/09\/Prezes-Kaplon-fot.-Justyna-Trojanowska-768x1349.jpg 768w, https:\/\/turysta2.pttk.pl\/wp-content\/uploads\/2022\/09\/Prezes-Kaplon-fot.-Justyna-Trojanowska-875x1536.jpg 875w, https:\/\/turysta2.pttk.pl\/wp-content\/uploads\/2022\/09\/Prezes-Kaplon-fot.-Justyna-Trojanowska-1166x2048.jpg 1166w, https:\/\/turysta2.pttk.pl\/wp-content\/uploads\/2022\/09\/Prezes-Kaplon-fot.-Justyna-Trojanowska-scaled.jpg 1458w\" sizes=\"auto, (max-width: 420px) 100vw, 420px\" \/><\/a><\/figure>\n<\/div>\n\n\n<p><\/p>\n\n\n\n<p>Pod koniec grudnia 2021 roku ukaza\u0142 si\u0119 kolejny numer magazynu \u201eWasza Turystyka\u201d, a w nim \u2013 sz\u00f3sta edycja Listy 100 najbardziej wp\u0142ywowych os\u00f3b w polskiej turystyce 2021.<br>S\u0105 w\u015br\u00f3d nich hotelarze, przedstawiciele biur podr\u00f3\u017cy, turystycznych izb gospodarczych, dzia\u0142acze samorz\u0105d\u00f3w turystycznych, regionalnych i lokalnych organizacji turystycznych, urz\u0119dnicy odpowiedzialni za bran\u017c\u0119 oraz naukowcy.<br>W tym zestawieniu ludzi turystyki polskiej znalaz\u0142 si\u0119 Jerzy Kap\u0142on \u2013 prezes Zarz\u0105du G\u0142\u00f3wnego PTTK. W Polskim Towarzystwie Turystyczno-Krajoznawczym dzia\u0142a od 1976 roku, przez kilka lat pe\u0142ni\u0142 funkcj\u0119 skarbnika Stowarzyszenia. Od 2003 roku pe\u0142ni funkcj\u0119 dyrektora Centralnego O\u015brodka Turystyki G\u00f3rskiej w Krakowie. Autor licznych publikacji dotycz\u0105cych historii turystyki g\u00f3rskiej, zw\u0142aszcza oddzia\u0142\u00f3w Polskiego Towarzystwa Tatrza\u0144skiego. Przewodnik beskidzki i mi\u0119dzynarodowy, pilot wycieczek, stra\u017cnik ochrony przyrody oraz instruktor krajoznawstwa regionu.<br>Od 2019 roku Jerzy Kap\u0142on kieruje Polskim Towarzystwem Turystyczno-Krajoznawczym, organizacj\u0105 zrzeszaj\u0105c\u0105 niemal 80 tysi\u0119cy mi\u0142o\u015bnik\u00f3w turystyki i zarz\u0105dzaj\u0105c\u0105 oko\u0142o 160 obiektami wspieraj\u0105cymi zwiedzanie Polski. W dobie pandemii PTTK promuje turystyk\u0119 spo\u0142eczn\u0105.<br>Mi\u0142o nam, \u017ce osoba Prezesa Towarzystwa znalaz\u0142a si\u0119 w tak presti\u017cowym gronie ludzi zas\u0142u\u017conych dla turystyki polskiej. Gratulujemy!<\/p>\n\n\n\n<p>Redakcja<br>Zdj\u0119cie: Joanna Trojanowska<\/p>\n","protected":false},"excerpt":{"rendered":"Prezes ZG PTTK w\u015br\u00f3d najbardziej wp\u0142ywowych os\u00f3b w polskiej turystyce Pod koniec grudnia 2021 roku ukaza\u0142 si\u0119 kolejny numer magazynu \u201eWasza Turystyka\u201d, a w nim \u2013 sz\u00f3sta edycja Listy 100 najbardziej wp\u0142ywowych os\u00f3b w polskiej turystyce 2021.S\u0105 w\u015br\u00f3d nich hotelarze, przedstawiciele biur podr\u00f3\u017cy, turystycznych izb gospodarczych, dzia\u0142acze samorz\u0105d\u00f3w turystycznych, regionalnych i lokalnych organizacji turystycznych, urz\u0119dnicy odpowiedzialni za bran\u017c\u0119 oraz naukowcy.W&nbsp;<a href=\"https:\/\/turysta2.pttk.pl\/?p=27336\" class=\"read-more\">Continue Reading<\/a>","protected":false},"author":4,"featured_media":27339,"comment_status":"closed","ping_status":"closed","sticky":false,"template":"","format":"standard","meta":{"footnotes":""},"categories":[93,9],"tags":[],"class_list":["post-27336","post","type-post","status-publish","format-standard","has-post-thumbnail","hentry","category-aktualnosci","category-warto-wiedziec","cat-93-id","cat-9-id"],"aioseo_notices":[],"_links":{"self":[{"href":"https:\/\/turysta2.pttk.pl\/index.php?rest_route=\/wp\/v2\/posts\/27336","targetHints":{"allow":["GET"]}}],"collection":[{"href":"https:\/\/turysta2.pttk.pl\/index.php?rest_route=\/wp\/v2\/posts"}],"about":[{"href":"https:\/\/turysta2.pttk.pl\/index.php?rest_route=\/wp\/v2\/types\/post"}],"author":[{"embeddable":true,"href":"https:\/\/turysta2.pttk.pl\/index.php?rest_route=\/wp\/v2\/users\/4"}],"replies":[{"embeddable":true,"href":"https:\/\/turysta2.pttk.pl\/index.php?rest_route=%2Fwp%2Fv2%2Fcomments&post=27336"}],"version-history":[{"count":10,"href":"https:\/\/turysta2.pttk.pl\/index.php?rest_route=\/wp\/v2\/posts\/27336\/revisions"}],"predecessor-version":[{"id":27356,"href":"https:\/\/turysta2.pttk.pl\/index.php?rest_route=\/wp\/v2\/posts\/27336\/revisions\/27356"}],"wp:featuredmedia":[{"embeddable":true,"href":"https:\/\/turysta2.pttk.pl\/index.php?rest_route=\/wp\/v2\/media\/27339"}],"wp:attachment":[{"href":"https:\/\/turysta2.pttk.pl\/index.php?rest_route=%2Fwp%2Fv2%2Fmedia&parent=27336"}],"wp:term":[{"taxonomy":"category","embeddable":true,"href":"https:\/\/turysta2.pttk.pl\/index.php?rest_route=%2Fwp%2Fv2%2Fcategories&post=27336"},{"taxonomy":"post_tag","embeddable":true,"href":"https:\/\/turysta2.pttk.pl\/index.php?rest_route=%2Fwp%2Fv2%2Ftags&post=27336"}],"curies":[{"name":"wp","href":"https:\/\/api.w.org\/{rel}","templated":true}]}}