{"id":27313,"date":"2022-08-30T15:09:18","date_gmt":"2022-08-30T13:09:18","guid":{"rendered":"https:\/\/turysta2.pttk.pl\/?p=27313"},"modified":"2022-08-30T18:00:42","modified_gmt":"2022-08-30T16:00:42","slug":"litwa-i-lotwa-raj-dla-piechurow-i-rowerzystow","status":"publish","type":"post","link":"https:\/\/turysta2.pttk.pl\/?p=27313","title":{"rendered":"Litwa i \u0141otwa &#8211; raj dla piechur\u00f3w i rowerzyst\u00f3w"},"content":{"rendered":"<p><strong>Je\u017celi kto\u015b szuka <\/strong><strong>interesuj\u0105cego miejsca na uprawianie turystyki pieszej czy rowerowej, powinien odwiedzi\u0107 Litw\u0119 i \u0141otw\u0119. W\u0119drowa\u0142em tu niedawno po ciekawych szlakach, mog\u0119 wi\u0119c podzieli\u0107 si\u0119 wra\u017ceniami.<\/strong><\/p>\n<p>Przez oba kraje przebiega mi\u0119dzynarodowy szlak pieszy E9, kt\u00f3ry zaczyna si\u0119 od granicy z Rosj\u0105 na wyj\u0105tkowo uroczej Mierzei Kuro\u0144skiej. Biegnie on wzd\u0142u\u017c Ba\u0142tyku a\u017c do Tallina. Czasem wiedzie po oznakowanych \u015bcie\u017ckach, drogach i ulicach, czasem po szerokich, i co dla nas jest wielk\u0105 niespodziank\u0105, niemal pustych pla\u017cach. Po drodze mamy godne uwagi miejscowo\u015bci: Nid\u0119, K\u0142ajped\u0119, Po\u0142\u0105g\u0119 (lit. <em>Palanga<\/em>), Lepaj\u0119. Dobrym celem d\u0142ugodystansowej w\u0119dr\u00f3wki mo\u017ce by\u0107 stolica \u0141otwy Ryga. To wyj\u0105tkowe miasto w Europie, cudem unikn\u0119\u0142o wi\u0119kszych strat wojennych. Mo\u017cna tu przekona\u0107 si\u0119, jak wygl\u0105da\u0142y miasta naszego kontynentu w pierwszej po\u0142owie XX wieku.<\/p>\n<p>Ale wr\u00f3\u0107my do w\u0119drowania przez niemal nietkni\u0119te r\u0119k\u0105 cz\u0142owieka tereny. Wielka wydma ko\u0142o Neringi i panorama z jej szczytu pozostawiaj\u0105 niezapomniane wra\u017cenia. Je\u015bli kto\u015b dotrze w okolice Zalewu Kuro\u0144skiego, to zej\u015bcie ze szlaku E9 na dzie\u0144 lub dwa i wizyta w delcie Niemna s\u0105 dobrym wyborem. Delt\u0119 tej pot\u0119\u017cnej rzeki warto ogl\u0105da\u0107 z pok\u0142adu statku p\u0142yn\u0105cego jej ramionami.<\/p>\n<p>W\u0119drowanie brzegiem Ba\u0142tyku kr\u00f3tkimi dwudziestokilometrowymi odcinkami z noclegami w gospodarstwach agroturystycznych wi\u0105\u017ce si\u0119 z jeszcze jedn\u0105 niespotykan\u0105 gdzie indziej atrakcj\u0105. Co wiecz\u00f3r (je\u015bli dopisze &nbsp;pogoda) mo\u017cna podziwia\u0107 zachodz\u0105ce s\u0142o\u0144ce, znikaj\u0105ce w &nbsp;morskich falach.<\/p>\n<p>Kilka ciekawostek znajd\u0105 te\u017c na tym szlaku mi\u0142o\u015bnicy militari\u00f3w, wystarczy wspomnie\u0107 twierdz\u0119 w K\u0142ajpedzie, bunkry i schrony w okolicach Po\u0142\u0105gi czy resztki zabudowa\u0144 militarnych poch\u0142anianych przez morze na pla\u017cy w \u0142otewskim mie\u015bcie Lepaja.<\/p>\n<p>Jestem mi\u0142o\u015bnikiem turystyki rowerowej, nie mog\u0119 wi\u0119c nie podzieli\u0107 si\u0119 obserwacjami wa\u017cnymi dla rowerzyst\u00f3w. Trasa wzd\u0142u\u017c Ba\u0142tyku mo\u017ce w cz\u0119\u015bci pokrywa\u0107 si\u0119 z tras\u0105 dla pieszych (np. na Mierzei Kuro\u0144skiej). Drogi asfaltowe dobrej jako\u015bci biegn\u0105 w wielu miejscach blisko klifowego wybrze\u017ca obu kraj\u00f3w, a ruch samochodowy poza miastami jest minimalny. Widzia\u0142em licznych rowerzyst\u00f3w jad\u0105cych drog\u0105 oznaczon\u0105 symbolem A11, kt\u00f3ra cz\u0119\u015bciowo biegnie w pobli\u017cu wybrze\u017ca.<\/p>\n<p>R\u00f3wnie\u017c w innych cz\u0119\u015bciach obu kraj\u00f3w tury\u015bci znajd\u0105 mn\u00f3stwo ciekawych miejsc. Bardzo dobre wra\u017cenie zrobi\u0142y na mnie trasy piesze i mo\u017cliwo\u015b\u0107 wycieczki rowerem w litewskim parku \u017bemaitijos obejmuj\u0105cym jezioro P\u0142otele (lit. <em>Plateli\u0173<\/em>). Baz\u0105 wypadow\u0105 mo\u017ce si\u0119 sta\u0107 miasteczko P\u0142\u00f3tele (lit. <em>Plateliai<\/em>). Warto w nim zobaczy\u0107 muzeum przyrodnicze w budynku dyrekcji parku. Je\u015bli kto\u015b chcia\u0142y tylko czasowo zamieni\u0107 piesze w\u0119drowanie na rower, to mo\u017ce skorzysta\u0107 z wypo\u017cyczalni po\u0142o\u017conej naprzeciw muzeum. Krajobraz i pochodzenie obszaru podobne jest do naszych las\u00f3w i jezior na p\u00f3\u0142nocy Polski. Na Litwie i \u0141otwie mamy typowy krajobraz polodowcowy. To, co tu zaskakuje, to&nbsp; cisza i\u2026 niewielu turyst\u00f3w. Mo\u017cna wybra\u0107 si\u0119 na ca\u0142odniow\u0105 wycieczk\u0119 i nie spotka\u0107 niemal nikogo, nie s\u0142ysze\u0107 ha\u0142asu motor\u00f3wek i aut. I cho\u0107by tylko z tego powodu wspomniany park, ale i inne obszary Litwy i \u0141otwy, s\u0105 wyj\u0105tkowe.<\/p>\n<p>Wra\u017ce\u0144 dostarczy w\u0119dr\u00f3wka szlakiem pieszym w dolinie rzeki Dubisa (cho\u0107 przyznam szczerze, \u017ce my\u015bla\u0142em o sp\u0142yni\u0119ciu t\u0105 rzek\u0105 kajakiem do Niemna).&nbsp; Warto te\u017c dotrze\u0107 do uroczego, zadbanego miasteczka \u0142otewskiego Kuldiga i zobaczy\u0107 tam pi\u0119kny park, ciekawe stare miasto oraz Ventas Rumba \u2013 najszerszy wodospad w Europie na rzece Windawie. S\u0105 \u015bmia\u0142kowie, kt\u00f3rzy krok po kroku przemierzaj\u0105 ten wodospad z jednej strony na drug\u0105. Ten pr\u00f3g wodny nie jest wprawdzie wysoki, liczy tylko 2,5 metra&nbsp; wysoko\u015bci, ale \u0107wier\u0107 kilometra po \u015bliskiej skale, by dotrze\u0107 do przeciwnego brzegu, to spory wyczyn.<\/p>\n<p>Mi\u0142o\u015bnik\u00f3w wina zaskoczy pewnie fakt, \u017ce w pobliskim mie\u015bcie Sabile jest najbardziej na p\u00f3\u0142noc po\u0142o\u017cona winnica w Europie, a okoliczne pag\u00f3rki zach\u0119caj\u0105 do w\u0119dr\u00f3wki i podziwiania krajobraz\u00f3w. W tym miasteczku mo\u017cna te\u017c sp\u0142yn\u0105\u0107 kajakiem rzek\u0105 Abava. Piesz\u0105 tras\u0119 od Kuldigi przez Sabile, Kandav\u0119, Tukumus a\u017c do Zatoki Ryskiej polecam tak\u017ce rowerzystom. Niewielki ruch aut, doskona\u0142a asfaltowa nawierzchnia i krajobrazy wr\u0119cz zach\u0119caj\u0105 do jazdy rowerem.<\/p>\n<p>To by\u0142a kr\u00f3tka, nie pierwsza i pewnie nie ostatnia moja wizyta na Litwie i \u0141otwie. Bez w\u0105tpienia jest tu prawdziwy raj dla piechur\u00f3w i rowerzyst\u00f3w \u2013 w ciszy i spokoju mo\u017cna podziwia\u0107 pi\u0119kno krajobrazu. A towarzysz\u0105 temu dobra informacja turystyczna w miastach, znakowane szlaki turystyczne (cho\u0107 w tej sprawie ch\u0119tnie podzielimy si\u0119 z naszymi s\u0105siadami do\u015bwiadczeniem), miejsca noclegowe, zwykle kameralne, cz\u0119sto s\u0105 to gospodarstwa agroturystyczne. I puste szosy pozwalaj\u0105ce na spokojn\u0105 jazd\u0119 rowerem.<\/p>\n<p>Litwa i \u0141otwa to dobry cel podr\u00f3\u017cy.<\/p>\n<p><strong>Marian Jurak<\/strong><\/p>\n<p><strong><a href=\"https:\/\/turysta2.pttk.pl\/wp-content\/uploads\/2022\/08\/Wysoki-poziom-wody-w-rzece-Dubysa-sprawil-niespodzianki-na-szlaku-pieszym.jpg\"><img loading=\"lazy\" decoding=\"async\" class=\"alignnone size-medium wp-image-27314\" src=\"https:\/\/turysta2.pttk.pl\/wp-content\/uploads\/2022\/08\/Wysoki-poziom-wody-w-rzece-Dubysa-sprawil-niespodzianki-na-szlaku-pieszym-300x225.jpg\" alt=\"\" width=\"300\" height=\"225\" srcset=\"https:\/\/turysta2.pttk.pl\/wp-content\/uploads\/2022\/08\/Wysoki-poziom-wody-w-rzece-Dubysa-sprawil-niespodzianki-na-szlaku-pieszym-300x225.jpg 300w, https:\/\/turysta2.pttk.pl\/wp-content\/uploads\/2022\/08\/Wysoki-poziom-wody-w-rzece-Dubysa-sprawil-niespodzianki-na-szlaku-pieszym-1024x768.jpg 1024w, https:\/\/turysta2.pttk.pl\/wp-content\/uploads\/2022\/08\/Wysoki-poziom-wody-w-rzece-Dubysa-sprawil-niespodzianki-na-szlaku-pieszym-768x576.jpg 768w, https:\/\/turysta2.pttk.pl\/wp-content\/uploads\/2022\/08\/Wysoki-poziom-wody-w-rzece-Dubysa-sprawil-niespodzianki-na-szlaku-pieszym-1536x1152.jpg 1536w, https:\/\/turysta2.pttk.pl\/wp-content\/uploads\/2022\/08\/Wysoki-poziom-wody-w-rzece-Dubysa-sprawil-niespodzianki-na-szlaku-pieszym-200x150.jpg 200w, https:\/\/turysta2.pttk.pl\/wp-content\/uploads\/2022\/08\/Wysoki-poziom-wody-w-rzece-Dubysa-sprawil-niespodzianki-na-szlaku-pieszym.jpg 2016w\" sizes=\"auto, (max-width: 300px) 100vw, 300px\" \/><\/a> <a href=\"https:\/\/turysta2.pttk.pl\/wp-content\/uploads\/2022\/08\/W-delcie-Niemna-spalismy-w-klimatycznym-gospodarstwie-agroturystycznym-scaled.jpg\"><img loading=\"lazy\" decoding=\"async\" class=\"alignnone size-medium wp-image-27315\" src=\"https:\/\/turysta2.pttk.pl\/wp-content\/uploads\/2022\/08\/W-delcie-Niemna-spalismy-w-klimatycznym-gospodarstwie-agroturystycznym-300x225.jpg\" alt=\"\" width=\"300\" height=\"225\" srcset=\"https:\/\/turysta2.pttk.pl\/wp-content\/uploads\/2022\/08\/W-delcie-Niemna-spalismy-w-klimatycznym-gospodarstwie-agroturystycznym-300x225.jpg 300w, https:\/\/turysta2.pttk.pl\/wp-content\/uploads\/2022\/08\/W-delcie-Niemna-spalismy-w-klimatycznym-gospodarstwie-agroturystycznym-1024x768.jpg 1024w, https:\/\/turysta2.pttk.pl\/wp-content\/uploads\/2022\/08\/W-delcie-Niemna-spalismy-w-klimatycznym-gospodarstwie-agroturystycznym-768x576.jpg 768w, https:\/\/turysta2.pttk.pl\/wp-content\/uploads\/2022\/08\/W-delcie-Niemna-spalismy-w-klimatycznym-gospodarstwie-agroturystycznym-1536x1152.jpg 1536w, https:\/\/turysta2.pttk.pl\/wp-content\/uploads\/2022\/08\/W-delcie-Niemna-spalismy-w-klimatycznym-gospodarstwie-agroturystycznym-2048x1536.jpg 2048w, https:\/\/turysta2.pttk.pl\/wp-content\/uploads\/2022\/08\/W-delcie-Niemna-spalismy-w-klimatycznym-gospodarstwie-agroturystycznym-200x150.jpg 200w\" sizes=\"auto, (max-width: 300px) 100vw, 300px\" \/><\/a> <a href=\"https:\/\/turysta2.pttk.pl\/wp-content\/uploads\/2022\/08\/Urocze-miejsce-noclegowe-nad-jez.Plateliu-scaled.jpg\"><img loading=\"lazy\" decoding=\"async\" class=\"alignnone size-medium wp-image-27316\" src=\"https:\/\/turysta2.pttk.pl\/wp-content\/uploads\/2022\/08\/Urocze-miejsce-noclegowe-nad-jez.Plateliu-300x225.jpg\" alt=\"\" width=\"300\" height=\"225\" srcset=\"https:\/\/turysta2.pttk.pl\/wp-content\/uploads\/2022\/08\/Urocze-miejsce-noclegowe-nad-jez.Plateliu-300x225.jpg 300w, https:\/\/turysta2.pttk.pl\/wp-content\/uploads\/2022\/08\/Urocze-miejsce-noclegowe-nad-jez.Plateliu-1024x768.jpg 1024w, https:\/\/turysta2.pttk.pl\/wp-content\/uploads\/2022\/08\/Urocze-miejsce-noclegowe-nad-jez.Plateliu-768x576.jpg 768w, https:\/\/turysta2.pttk.pl\/wp-content\/uploads\/2022\/08\/Urocze-miejsce-noclegowe-nad-jez.Plateliu-1536x1152.jpg 1536w, https:\/\/turysta2.pttk.pl\/wp-content\/uploads\/2022\/08\/Urocze-miejsce-noclegowe-nad-jez.Plateliu-2048x1536.jpg 2048w, https:\/\/turysta2.pttk.pl\/wp-content\/uploads\/2022\/08\/Urocze-miejsce-noclegowe-nad-jez.Plateliu-200x150.jpg 200w\" sizes=\"auto, (max-width: 300px) 100vw, 300px\" \/><\/a> <a href=\"https:\/\/turysta2.pttk.pl\/wp-content\/uploads\/2022\/08\/Sabile.-Na-wzgorzach-widac-winnice-polozone-najbardziej-na-polnoc-w-Europie--scaled.jpg\"><img loading=\"lazy\" decoding=\"async\" class=\"alignnone size-medium wp-image-27317\" src=\"https:\/\/turysta2.pttk.pl\/wp-content\/uploads\/2022\/08\/Sabile.-Na-wzgorzach-widac-winnice-polozone-najbardziej-na-polnoc-w-Europie--300x225.jpg\" alt=\"\" width=\"300\" height=\"225\" srcset=\"https:\/\/turysta2.pttk.pl\/wp-content\/uploads\/2022\/08\/Sabile.-Na-wzgorzach-widac-winnice-polozone-najbardziej-na-polnoc-w-Europie--300x225.jpg 300w, https:\/\/turysta2.pttk.pl\/wp-content\/uploads\/2022\/08\/Sabile.-Na-wzgorzach-widac-winnice-polozone-najbardziej-na-polnoc-w-Europie--1024x768.jpg 1024w, https:\/\/turysta2.pttk.pl\/wp-content\/uploads\/2022\/08\/Sabile.-Na-wzgorzach-widac-winnice-polozone-najbardziej-na-polnoc-w-Europie--768x576.jpg 768w, https:\/\/turysta2.pttk.pl\/wp-content\/uploads\/2022\/08\/Sabile.-Na-wzgorzach-widac-winnice-polozone-najbardziej-na-polnoc-w-Europie--1536x1152.jpg 1536w, https:\/\/turysta2.pttk.pl\/wp-content\/uploads\/2022\/08\/Sabile.-Na-wzgorzach-widac-winnice-polozone-najbardziej-na-polnoc-w-Europie--2048x1536.jpg 2048w, https:\/\/turysta2.pttk.pl\/wp-content\/uploads\/2022\/08\/Sabile.-Na-wzgorzach-widac-winnice-polozone-najbardziej-na-polnoc-w-Europie--200x150.jpg 200w\" sizes=\"auto, (max-width: 300px) 100vw, 300px\" \/><\/a> <a href=\"https:\/\/turysta2.pttk.pl\/wp-content\/uploads\/2022\/08\/Sabile.-Dawna-synagoga-pelni-dzis-funkcje-centrum-informacji-turystycznej.-scaled.jpg\"><img loading=\"lazy\" decoding=\"async\" class=\"alignnone size-medium wp-image-27318\" src=\"https:\/\/turysta2.pttk.pl\/wp-content\/uploads\/2022\/08\/Sabile.-Dawna-synagoga-pelni-dzis-funkcje-centrum-informacji-turystycznej.-300x225.jpg\" alt=\"\" width=\"300\" height=\"225\" srcset=\"https:\/\/turysta2.pttk.pl\/wp-content\/uploads\/2022\/08\/Sabile.-Dawna-synagoga-pelni-dzis-funkcje-centrum-informacji-turystycznej.-300x225.jpg 300w, https:\/\/turysta2.pttk.pl\/wp-content\/uploads\/2022\/08\/Sabile.-Dawna-synagoga-pelni-dzis-funkcje-centrum-informacji-turystycznej.-1024x768.jpg 1024w, https:\/\/turysta2.pttk.pl\/wp-content\/uploads\/2022\/08\/Sabile.-Dawna-synagoga-pelni-dzis-funkcje-centrum-informacji-turystycznej.-768x576.jpg 768w, https:\/\/turysta2.pttk.pl\/wp-content\/uploads\/2022\/08\/Sabile.-Dawna-synagoga-pelni-dzis-funkcje-centrum-informacji-turystycznej.-1536x1152.jpg 1536w, https:\/\/turysta2.pttk.pl\/wp-content\/uploads\/2022\/08\/Sabile.-Dawna-synagoga-pelni-dzis-funkcje-centrum-informacji-turystycznej.-2048x1536.jpg 2048w, https:\/\/turysta2.pttk.pl\/wp-content\/uploads\/2022\/08\/Sabile.-Dawna-synagoga-pelni-dzis-funkcje-centrum-informacji-turystycznej.-200x150.jpg 200w\" sizes=\"auto, (max-width: 300px) 100vw, 300px\" \/><\/a> <a href=\"https:\/\/turysta2.pttk.pl\/wp-content\/uploads\/2022\/08\/Rejs-delta-Niemna-jest-interesujacym-uzupelnieniem-wedrowki-pieszej-scaled.jpg\"><img loading=\"lazy\" decoding=\"async\" class=\"alignnone size-medium wp-image-27319\" src=\"https:\/\/turysta2.pttk.pl\/wp-content\/uploads\/2022\/08\/Rejs-delta-Niemna-jest-interesujacym-uzupelnieniem-wedrowki-pieszej-300x225.jpg\" alt=\"\" width=\"300\" height=\"225\" srcset=\"https:\/\/turysta2.pttk.pl\/wp-content\/uploads\/2022\/08\/Rejs-delta-Niemna-jest-interesujacym-uzupelnieniem-wedrowki-pieszej-300x225.jpg 300w, https:\/\/turysta2.pttk.pl\/wp-content\/uploads\/2022\/08\/Rejs-delta-Niemna-jest-interesujacym-uzupelnieniem-wedrowki-pieszej-1024x768.jpg 1024w, https:\/\/turysta2.pttk.pl\/wp-content\/uploads\/2022\/08\/Rejs-delta-Niemna-jest-interesujacym-uzupelnieniem-wedrowki-pieszej-768x576.jpg 768w, https:\/\/turysta2.pttk.pl\/wp-content\/uploads\/2022\/08\/Rejs-delta-Niemna-jest-interesujacym-uzupelnieniem-wedrowki-pieszej-1536x1152.jpg 1536w, https:\/\/turysta2.pttk.pl\/wp-content\/uploads\/2022\/08\/Rejs-delta-Niemna-jest-interesujacym-uzupelnieniem-wedrowki-pieszej-2048x1536.jpg 2048w, https:\/\/turysta2.pttk.pl\/wp-content\/uploads\/2022\/08\/Rejs-delta-Niemna-jest-interesujacym-uzupelnieniem-wedrowki-pieszej-200x150.jpg 200w\" sizes=\"auto, (max-width: 300px) 100vw, 300px\" \/><\/a> <a href=\"https:\/\/turysta2.pttk.pl\/wp-content\/uploads\/2022\/08\/Panorama-jez.-Plateliu-w-Parku-Narodowym-Zemaitijos-scaled.jpg\"><img loading=\"lazy\" decoding=\"async\" class=\"alignnone size-medium wp-image-27320\" src=\"https:\/\/turysta2.pttk.pl\/wp-content\/uploads\/2022\/08\/Panorama-jez.-Plateliu-w-Parku-Narodowym-Zemaitijos-300x225.jpg\" alt=\"\" width=\"300\" height=\"225\" srcset=\"https:\/\/turysta2.pttk.pl\/wp-content\/uploads\/2022\/08\/Panorama-jez.-Plateliu-w-Parku-Narodowym-Zemaitijos-300x225.jpg 300w, https:\/\/turysta2.pttk.pl\/wp-content\/uploads\/2022\/08\/Panorama-jez.-Plateliu-w-Parku-Narodowym-Zemaitijos-1024x768.jpg 1024w, https:\/\/turysta2.pttk.pl\/wp-content\/uploads\/2022\/08\/Panorama-jez.-Plateliu-w-Parku-Narodowym-Zemaitijos-768x576.jpg 768w, https:\/\/turysta2.pttk.pl\/wp-content\/uploads\/2022\/08\/Panorama-jez.-Plateliu-w-Parku-Narodowym-Zemaitijos-1536x1152.jpg 1536w, https:\/\/turysta2.pttk.pl\/wp-content\/uploads\/2022\/08\/Panorama-jez.-Plateliu-w-Parku-Narodowym-Zemaitijos-2048x1536.jpg 2048w, https:\/\/turysta2.pttk.pl\/wp-content\/uploads\/2022\/08\/Panorama-jez.-Plateliu-w-Parku-Narodowym-Zemaitijos-200x150.jpg 200w\" sizes=\"auto, (max-width: 300px) 100vw, 300px\" \/><\/a> <a href=\"https:\/\/turysta2.pttk.pl\/wp-content\/uploads\/2022\/08\/Oznakowanie-szlakow-czesto-jest-takie-jak-w-Polsce.-scaled.jpg\"><img loading=\"lazy\" decoding=\"async\" class=\"alignnone size-medium wp-image-27321\" src=\"https:\/\/turysta2.pttk.pl\/wp-content\/uploads\/2022\/08\/Oznakowanie-szlakow-czesto-jest-takie-jak-w-Polsce.-225x300.jpg\" alt=\"\" width=\"225\" height=\"300\" srcset=\"https:\/\/turysta2.pttk.pl\/wp-content\/uploads\/2022\/08\/Oznakowanie-szlakow-czesto-jest-takie-jak-w-Polsce.-225x300.jpg 225w, https:\/\/turysta2.pttk.pl\/wp-content\/uploads\/2022\/08\/Oznakowanie-szlakow-czesto-jest-takie-jak-w-Polsce.-768x1024.jpg 768w, https:\/\/turysta2.pttk.pl\/wp-content\/uploads\/2022\/08\/Oznakowanie-szlakow-czesto-jest-takie-jak-w-Polsce.-1152x1536.jpg 1152w, https:\/\/turysta2.pttk.pl\/wp-content\/uploads\/2022\/08\/Oznakowanie-szlakow-czesto-jest-takie-jak-w-Polsce.-1536x2048.jpg 1536w, https:\/\/turysta2.pttk.pl\/wp-content\/uploads\/2022\/08\/Oznakowanie-szlakow-czesto-jest-takie-jak-w-Polsce.-scaled.jpg 1920w\" sizes=\"auto, (max-width: 225px) 100vw, 225px\" \/><\/a> <a href=\"https:\/\/turysta2.pttk.pl\/wp-content\/uploads\/2022\/08\/Oznakowanie-szlakow-czesto-jest-podobne-do-polskiego-scaled.jpg\"><img loading=\"lazy\" decoding=\"async\" class=\"alignnone size-medium wp-image-27322\" src=\"https:\/\/turysta2.pttk.pl\/wp-content\/uploads\/2022\/08\/Oznakowanie-szlakow-czesto-jest-podobne-do-polskiego-225x300.jpg\" alt=\"\" width=\"225\" height=\"300\" srcset=\"https:\/\/turysta2.pttk.pl\/wp-content\/uploads\/2022\/08\/Oznakowanie-szlakow-czesto-jest-podobne-do-polskiego-225x300.jpg 225w, https:\/\/turysta2.pttk.pl\/wp-content\/uploads\/2022\/08\/Oznakowanie-szlakow-czesto-jest-podobne-do-polskiego-768x1024.jpg 768w, https:\/\/turysta2.pttk.pl\/wp-content\/uploads\/2022\/08\/Oznakowanie-szlakow-czesto-jest-podobne-do-polskiego-1152x1536.jpg 1152w, https:\/\/turysta2.pttk.pl\/wp-content\/uploads\/2022\/08\/Oznakowanie-szlakow-czesto-jest-podobne-do-polskiego-1536x2048.jpg 1536w, https:\/\/turysta2.pttk.pl\/wp-content\/uploads\/2022\/08\/Oznakowanie-szlakow-czesto-jest-podobne-do-polskiego-scaled.jpg 1920w\" sizes=\"auto, (max-width: 225px) 100vw, 225px\" \/><\/a> <a href=\"https:\/\/turysta2.pttk.pl\/wp-content\/uploads\/2022\/08\/Most-na-szlaku-nad-Dubisa-robi-wrazenie-scaled.jpg\"><img loading=\"lazy\" decoding=\"async\" class=\"alignnone size-medium wp-image-27324\" src=\"https:\/\/turysta2.pttk.pl\/wp-content\/uploads\/2022\/08\/Most-na-szlaku-nad-Dubisa-robi-wrazenie-300x200.jpg\" alt=\"\" width=\"300\" height=\"200\" srcset=\"https:\/\/turysta2.pttk.pl\/wp-content\/uploads\/2022\/08\/Most-na-szlaku-nad-Dubisa-robi-wrazenie-300x200.jpg 300w, https:\/\/turysta2.pttk.pl\/wp-content\/uploads\/2022\/08\/Most-na-szlaku-nad-Dubisa-robi-wrazenie-1024x681.jpg 1024w, https:\/\/turysta2.pttk.pl\/wp-content\/uploads\/2022\/08\/Most-na-szlaku-nad-Dubisa-robi-wrazenie-768x511.jpg 768w, https:\/\/turysta2.pttk.pl\/wp-content\/uploads\/2022\/08\/Most-na-szlaku-nad-Dubisa-robi-wrazenie-1536x1022.jpg 1536w, https:\/\/turysta2.pttk.pl\/wp-content\/uploads\/2022\/08\/Most-na-szlaku-nad-Dubisa-robi-wrazenie-2048x1363.jpg 2048w\" sizes=\"auto, (max-width: 300px) 100vw, 300px\" \/><\/a> <a href=\"https:\/\/turysta2.pttk.pl\/wp-content\/uploads\/2022\/08\/Infrastruktura-turystyczna-na-nadmorskim-szlaku-zaskoczyla-nas-bardzo-pozytywnie-scaled.jpg\"><img loading=\"lazy\" decoding=\"async\" class=\"alignnone size-medium wp-image-27325\" src=\"https:\/\/turysta2.pttk.pl\/wp-content\/uploads\/2022\/08\/Infrastruktura-turystyczna-na-nadmorskim-szlaku-zaskoczyla-nas-bardzo-pozytywnie-300x225.jpg\" alt=\"\" width=\"300\" height=\"225\" srcset=\"https:\/\/turysta2.pttk.pl\/wp-content\/uploads\/2022\/08\/Infrastruktura-turystyczna-na-nadmorskim-szlaku-zaskoczyla-nas-bardzo-pozytywnie-300x225.jpg 300w, https:\/\/turysta2.pttk.pl\/wp-content\/uploads\/2022\/08\/Infrastruktura-turystyczna-na-nadmorskim-szlaku-zaskoczyla-nas-bardzo-pozytywnie-1024x768.jpg 1024w, https:\/\/turysta2.pttk.pl\/wp-content\/uploads\/2022\/08\/Infrastruktura-turystyczna-na-nadmorskim-szlaku-zaskoczyla-nas-bardzo-pozytywnie-768x576.jpg 768w, https:\/\/turysta2.pttk.pl\/wp-content\/uploads\/2022\/08\/Infrastruktura-turystyczna-na-nadmorskim-szlaku-zaskoczyla-nas-bardzo-pozytywnie-1536x1152.jpg 1536w, https:\/\/turysta2.pttk.pl\/wp-content\/uploads\/2022\/08\/Infrastruktura-turystyczna-na-nadmorskim-szlaku-zaskoczyla-nas-bardzo-pozytywnie-2048x1536.jpg 2048w, https:\/\/turysta2.pttk.pl\/wp-content\/uploads\/2022\/08\/Infrastruktura-turystyczna-na-nadmorskim-szlaku-zaskoczyla-nas-bardzo-pozytywnie-200x150.jpg 200w\" sizes=\"auto, (max-width: 300px) 100vw, 300px\" \/><\/a><\/strong><\/p>\n<p><strong>&nbsp;<\/strong><\/p>\n","protected":false},"excerpt":{"rendered":"Je\u017celi kto\u015b szuka interesuj\u0105cego miejsca na uprawianie turystyki pieszej czy rowerowej, powinien odwiedzi\u0107 Litw\u0119 i \u0141otw\u0119. W\u0119drowa\u0142em tu niedawno po ciekawych szlakach, mog\u0119 wi\u0119c podzieli\u0107 si\u0119 wra\u017ceniami. Przez oba kraje przebiega mi\u0119dzynarodowy szlak pieszy E9, kt\u00f3ry zaczyna si\u0119 od granicy z Rosj\u0105 na wyj\u0105tkowo uroczej Mierzei Kuro\u0144skiej. Biegnie on wzd\u0142u\u017c Ba\u0142tyku a\u017c do Tallina. Czasem wiedzie po oznakowanych \u015bcie\u017ckach, drogach&nbsp;<a href=\"https:\/\/turysta2.pttk.pl\/?p=27313\" class=\"read-more\">Continue Reading<\/a>","protected":false},"author":4,"featured_media":27316,"comment_status":"closed","ping_status":"closed","sticky":false,"template":"","format":"gallery","meta":{"footnotes":""},"categories":[92,84,11],"tags":[],"class_list":["post-27313","post","type-post","status-publish","format-gallery","has-post-thumbnail","hentry","category-polecamy","category-poznajemy-szlaki","category-turysta-poleca","post_format-post-format-gallery","cat-92-id","cat-84-id","cat-11-id"],"aioseo_notices":[],"_links":{"self":[{"href":"https:\/\/turysta2.pttk.pl\/index.php?rest_route=\/wp\/v2\/posts\/27313","targetHints":{"allow":["GET"]}}],"collection":[{"href":"https:\/\/turysta2.pttk.pl\/index.php?rest_route=\/wp\/v2\/posts"}],"about":[{"href":"https:\/\/turysta2.pttk.pl\/index.php?rest_route=\/wp\/v2\/types\/post"}],"author":[{"embeddable":true,"href":"https:\/\/turysta2.pttk.pl\/index.php?rest_route=\/wp\/v2\/users\/4"}],"replies":[{"embeddable":true,"href":"https:\/\/turysta2.pttk.pl\/index.php?rest_route=%2Fwp%2Fv2%2Fcomments&post=27313"}],"version-history":[{"count":4,"href":"https:\/\/turysta2.pttk.pl\/index.php?rest_route=\/wp\/v2\/posts\/27313\/revisions"}],"predecessor-version":[{"id":27331,"href":"https:\/\/turysta2.pttk.pl\/index.php?rest_route=\/wp\/v2\/posts\/27313\/revisions\/27331"}],"wp:featuredmedia":[{"embeddable":true,"href":"https:\/\/turysta2.pttk.pl\/index.php?rest_route=\/wp\/v2\/media\/27316"}],"wp:attachment":[{"href":"https:\/\/turysta2.pttk.pl\/index.php?rest_route=%2Fwp%2Fv2%2Fmedia&parent=27313"}],"wp:term":[{"taxonomy":"category","embeddable":true,"href":"https:\/\/turysta2.pttk.pl\/index.php?rest_route=%2Fwp%2Fv2%2Fcategories&post=27313"},{"taxonomy":"post_tag","embeddable":true,"href":"https:\/\/turysta2.pttk.pl\/index.php?rest_route=%2Fwp%2Fv2%2Ftags&post=27313"}],"curies":[{"name":"wp","href":"https:\/\/api.w.org\/{rel}","templated":true}]}}