{"id":27269,"date":"2022-04-29T12:42:07","date_gmt":"2022-04-29T10:42:07","guid":{"rendered":"https:\/\/turysta2.pttk.pl\/?p=27269"},"modified":"2022-08-30T17:59:14","modified_gmt":"2022-08-30T15:59:14","slug":"27269-2","status":"publish","type":"post","link":"https:\/\/turysta2.pttk.pl\/?p=27269","title":{"rendered":"&#8220;Przewodnik Czeka&#8221;"},"content":{"rendered":"<p><strong>\"Przewodnik czeka\" to cykl wycieczek skierowanych do mieszka\u0144c\u00f3w miasta i ich go\u015bci. W Olsztynie odbywaj\u0105 si\u0119 ju\u017c od 2007 roku. Po dwuletniej przerwie spowodowanej przeci\u0105gaj\u0105c\u0105 si\u0119 epidemi\u0105, lokalni przewodnicy PTTK wracaj\u0105 do lubianej i popularnej tradycji sobotnich spacer\u00f3w, podczas kt\u00f3rych wyszukuj\u0105 nowe tematy, zagadnienia i niespodzianki dla ch\u0119tnych.<\/strong><\/p>\n<p>Has\u0142o b\u0119d\u0105ce nazw\u0105 wydarzenia ma swa tradycj\u0119 si\u0119gaj\u0105c\u0105 czas\u00f3w po II wojnie \u015bwiatowej. Miejscowi przewodnicy pokazywali miasto nowo przyby\u0142ym przesiedle\u0144com, a lokalna redakcja Polskiego Radia namawia\u0142a do udzia\u0142u w spacerach.<\/p>\n<p>Dalecy jeste\u015bmy od twierdzenia, ze historia zatoczy\u0142a ko\u0142o, ale jednak, maj\u0105c w polskich miastach nowych mieszka\u0144c\u00f3w, cho\u0107by i tymczasowo, mo\u017ce warto opowiedzie\u0107 im o miejscach, w kt\u00f3rych przychodzi im sp\u0119dza\u0107 czas? Do takiego wniosku dosz\u0142a olszty\u0144ska przewodniczka pos\u0142uguj\u0105ca si\u0119 j\u0119zykiem rosyjskim i zaproponowa\u0142a wycieczk\u0119 dla go\u015bci<br \/>\nz Ukrainy. Og\u0142oszenie o terminie i miejscu spotkania umieszczone zosta\u0142o w mediach spo\u0142eczno\u015bciowych oraz przekazane do o\u015brodk\u00f3w, w kt\u00f3rych przebywaj\u0105 ukrai\u0144skie rodziny. Tym samym po raz pierwszy w historii cyklu Przewodnik Czeka wycieczka zosta\u0142a przeprowadzona w j\u0119zyku innym ni\u017c polski!<\/p>\n<p>Mimo, i\u017c za ka\u017cdym razem na takie spacery po mie\u015bcie ch\u0119tni przychodz\u0105 spontanicznie, bez wcze\u015bniejszych zapis\u00f3w, przewodnicy maj\u0105 \u015bwiadomo\u015b\u0107, \u017ce s\u0105 one ju\u017c na tyle zakorzenione w\u015br\u00f3d mieszka\u0144c\u00f3w, \u017ce zawsze mo\u017cna liczy\u0107 na sta\u0142a ekip\u0119 pasjonat\u00f3w historii i mi\u0142o\u015bnik\u00f3w miasta oraz na osoby zainteresowane konkretnym tematem wycieczki. Tym razem by\u0142o nieco inaczej \u2013 nie mieli\u015bmy poj\u0119cia, czy pomys\u0142 spodoba si\u0119 go\u015bciom, czy zechc\u0105 pojawi\u0107 si\u0119 spontanicznie w wyznaczonym miejscu, zw\u0142aszcza,&nbsp; \u017ce termin przypad\u0142 na Wielk\u0105 Sobot\u0119 w obrz\u0105dku wschodnim\u2026<\/p>\n<p>Na szcz\u0119\u015bcie obawy okaza\u0142y si\u0119 p\u0142onne. W sobot\u0119, 23 kwietnia, pod Wysok\u0105 Bram\u0105 pojawi\u0142o si\u0119 ponad dwadzie\u015bcia os\u00f3b w r\u00f3\u017cnym wieku \u2013 g\u0142\u00f3wnie mam i bab\u0107 z dzie\u0107mi i wnukami, kt\u00f3re, jak si\u0119 okaza\u0142o, przyby\u0142y do Polski z bardzo r\u00f3\u017cnych region\u00f3w ogarni\u0119tej wojn\u0105 Ukrainy. W ramach wst\u0119pu do historii Olsztyna trasa wycieczki wiod\u0142a przez Stare Miasto, z uwzgl\u0119dnieniem najwa\u017cniejszych zabytk\u00f3w, jak Zamek kapitu\u0142y Warmi\u0144skiej, Wysoka Brama, Stary Ratusz i Konkatedra p.w. \u015aw. Jakuba.<\/p>\n<p>Uczestnicy byli bardzo zaciekawieni opowie\u015bciami przewodniczki. Zadawali pytania, dodawali w\u0142asne komentarze i ju\u017c w trakcie spaceru dopytywali czy b\u0119d\u0105 kolejne. W\u0119dr\u00f3wka trwa\u0142a blisko dwie godziny i zako\u0144czy\u0142a si\u0119 we wspania\u0142ej atmosferze u\u015bmiech\u00f3w, wymiany kontakt\u00f3w i sk\u0142adania wielkanocnych \u017cycze\u0144. Najm\u0142odsi otrzymali czekoladowe pisanki!<\/p>\n<p>Mamy nadziej\u0119, \u017ce tak jak Olsztyn odbudowano po zniszczeniach spowodowanych przez Armi\u0119 Czerwon\u0105, tak i miasta Ukrainy wkr\u00f3tce podnios\u0105 si\u0119 z gruz\u00f3w, a pobyt w Polsce i tego typu spotkania nasi ukrai\u0144scy przyjaciele b\u0119d\u0105 wspomina\u0107 z sympati\u0105.<\/p>\n<p>Tekst: Marta Kruk<\/p>\n<p>Zdj\u0119cia: Aleks Nestivka<\/p>\n<p>&nbsp;<\/p>\n<p>&nbsp;<\/p>\n","protected":false},"excerpt":{"rendered":"\"Przewodnik czeka\" to cykl wycieczek skierowanych do mieszka\u0144c\u00f3w miasta i ich go\u015bci. W Olsztynie odbywaj\u0105 si\u0119 ju\u017c od 2007 roku. Po dwuletniej przerwie spowodowanej przeci\u0105gaj\u0105c\u0105 si\u0119 epidemi\u0105, lokalni przewodnicy PTTK wracaj\u0105 do lubianej i popularnej tradycji sobotnich spacer\u00f3w, podczas kt\u00f3rych wyszukuj\u0105 nowe tematy, zagadnienia i niespodzianki dla ch\u0119tnych. Has\u0142o b\u0119d\u0105ce nazw\u0105 wydarzenia ma swa tradycj\u0119 si\u0119gaj\u0105c\u0105 czas\u00f3w po II wojnie&nbsp;<a href=\"https:\/\/turysta2.pttk.pl\/?p=27269\" class=\"read-more\">Continue Reading<\/a>","protected":false},"author":5,"featured_media":0,"comment_status":"closed","ping_status":"closed","sticky":false,"template":"","format":"gallery","meta":{"footnotes":""},"categories":[75],"tags":[],"class_list":["post-27269","post","type-post","status-publish","format-gallery","hentry","category-przewodnictwo-i-pilotaz","post_format-post-format-gallery","cat-75-id"],"aioseo_notices":[],"_links":{"self":[{"href":"https:\/\/turysta2.pttk.pl\/index.php?rest_route=\/wp\/v2\/posts\/27269","targetHints":{"allow":["GET"]}}],"collection":[{"href":"https:\/\/turysta2.pttk.pl\/index.php?rest_route=\/wp\/v2\/posts"}],"about":[{"href":"https:\/\/turysta2.pttk.pl\/index.php?rest_route=\/wp\/v2\/types\/post"}],"author":[{"embeddable":true,"href":"https:\/\/turysta2.pttk.pl\/index.php?rest_route=\/wp\/v2\/users\/5"}],"replies":[{"embeddable":true,"href":"https:\/\/turysta2.pttk.pl\/index.php?rest_route=%2Fwp%2Fv2%2Fcomments&post=27269"}],"version-history":[{"count":13,"href":"https:\/\/turysta2.pttk.pl\/index.php?rest_route=\/wp\/v2\/posts\/27269\/revisions"}],"predecessor-version":[{"id":27330,"href":"https:\/\/turysta2.pttk.pl\/index.php?rest_route=\/wp\/v2\/posts\/27269\/revisions\/27330"}],"wp:attachment":[{"href":"https:\/\/turysta2.pttk.pl\/index.php?rest_route=%2Fwp%2Fv2%2Fmedia&parent=27269"}],"wp:term":[{"taxonomy":"category","embeddable":true,"href":"https:\/\/turysta2.pttk.pl\/index.php?rest_route=%2Fwp%2Fv2%2Fcategories&post=27269"},{"taxonomy":"post_tag","embeddable":true,"href":"https:\/\/turysta2.pttk.pl\/index.php?rest_route=%2Fwp%2Fv2%2Ftags&post=27269"}],"curies":[{"name":"wp","href":"https:\/\/api.w.org\/{rel}","templated":true}]}}