{"id":27146,"date":"2021-12-16T19:38:55","date_gmt":"2021-12-16T17:38:55","guid":{"rendered":"https:\/\/turysta2.pttk.pl\/?p=27146"},"modified":"2021-12-16T19:39:35","modified_gmt":"2021-12-16T17:39:35","slug":"krasnoludki-sa-na-swiecie","status":"publish","type":"post","link":"https:\/\/turysta2.pttk.pl\/?p=27146","title":{"rendered":"Krasnoludki s\u0105 na \u015bwiecie"},"content":{"rendered":"<p><i><span style=\"font-weight: 400;\">Czy to bajka, czy nie bajka,<\/span><\/i><\/p>\n<p><i><span style=\"font-weight: 400;\">My\u015blcie sobie, jak tam chcecie,<\/span><\/i><\/p>\n<p><i><span style=\"font-weight: 400;\">A ja przecie\u017c wam powiadam:<\/span><\/i><\/p>\n<p><i><span style=\"font-weight: 400;\">Krasnoludki s\u0105 na \u015bwiecie\u2026<\/span><\/i><\/p>\n<p><span style=\"font-weight: 400;\">Maria Konopnicka<\/span><\/p>\n<p>&nbsp;<\/p>\n<p><b>Tak, tak, we Wroc\u0142awiu te\u017c jest ich bardzo du\u017co. Sk\u0105d si\u0119 wzi\u0119\u0142y? Stare dzieje...<\/b><\/p>\n<p><span style=\"font-weight: 400;\">Dawno, dawno temu miasto otacza\u0142y mury obronne i fosa pe\u0142na wody, domy by\u0142y drewniane, a mieszka\u0144cy wiedli pracowite \u017cycie. Wszystko trzeba by\u0142o robi\u0107 r\u0119cznie: budowa\u0107 domy, r\u0105ba\u0107 drwa, nosi\u0107 wod\u0119, mieli\u0107 zbo\u017ce, ku\u0107 konie, sprz\u0105ta\u0107 domostwa, place i ulice itp.\u00a0<\/span><\/p>\n<p><span style=\"font-weight: 400;\">W tym znoju, skrycie, pod os\u0142on\u0105 nocy stara\u0142y si\u0119 pomaga\u0107 ludziom ma\u0142e skrzaty \u2013 krasnoludki, kt\u00f3re \u017cy\u0142y w swoim kr\u00f3lestwie \u2013 w podziemiach miasta. Mija\u0142y wieki, nasta\u0142a era post\u0119pu, wynalazk\u00f3w i elektryczno\u015bci. Ludzi, kt\u00f3rzy zamieszkali w swoich wysokich domach, zacz\u0119\u0142y wyr\u0119cza\u0107 maszyny... i odt\u0105d pracowite krasnoludki snu\u0142y si\u0119 po nocach smutne, niepotrzebne nikomu.\u00a0<\/span><\/p>\n<p><span style=\"font-weight: 400;\">Przysz\u0142y z\u0142e czasy XX wieku. I i II wojna \u015bwiatowa, kt\u00f3ra zniszczy\u0142a Wroc\u0142aw, miasto leg\u0142o w gruzach. Przera\u017cone krasnoludki ukry\u0142y si\u0119 w swoich podziemiach na d\u0142ugie, d\u0142ugie lata\u2026 A\u017c nasta\u0142 wiek XXI i ciekawskie skrzaty wyczu\u0142y, \u017ce co\u015b w mie\u015bcie si\u0119 zmieni\u0142o. Zw\u0142aszcza w Rynku s\u0142ycha\u0107 by\u0142o przyjazne, tolerancyjne, wieloj\u0119zyczne g\u0142osy, czasami muzyk\u0119, \u015bpiew i \u015bmiech. Skrzaty zacz\u0119\u0142y si\u0119 wymyka\u0107 w nocy z podziemi bramk\u0105 ko\u0142o ko\u015bcio\u0142a \u015bw. El\u017cbiety. Nawet stra\u017cnik \u015apioch nie m\u00f3g\u0142 ich upilnowa\u0107. Krasnoludki zachwyci\u0142y si\u0119 miastem, jego odbudowanymi zabytkami, nowymi domami, ulicami, placami i parkami. W tej euforii zapomina\u0142y, \u017ce powinny wraca\u0107 do podziemnego kr\u00f3lestwa rankiem, przed wschodem s\u0142o\u0144ca. Tak ju\u017c jest w krasnoludkowym \u015bwiecie, \u017ce pierwszy promyk zamienia je w spi\u017cowe figurki. Jednak krasnoludki przesta\u0142y si\u0119 tego obawia\u0107. Te, kt\u00f3rym nie udaje si\u0119 zd\u0105\u017cy\u0107 do podziemi przed \u015bwitem, nawet si\u0119 z tego ciesz\u0105, bo zostaj\u0105 na powierzchni ku rado\u015bci doros\u0142ych wroc\u0142awian i turyst\u00f3w, <\/span><span style=\"font-weight: 400;\"><br \/>\n<\/span><span style=\"font-weight: 400;\">a przede wszystkim dzieci.<\/span><\/p>\n<p><span style=\"font-weight: 400;\">Ten bajkowy \u015bwiat splata si\u0119 z rzeczywisto\u015bci\u0105. Skrzaty w swoim zachwycie zatrzyma\u0142y si\u0119 w wielu miejscach, s\u0105 przed reprezentacyjnymi gmachami, np. Dworcem G\u0142\u00f3wnym, Panoram\u0105 Rac\u0142awick\u0105, Hal\u0105 Stulecia, Narodowym Forum Muzyki, a tak\u017ce w zoo i Ogrodzie Botanicznym, przywo\u0142uj\u0105 wydarzenia z historii miasta, prezentuj\u0105 znane wroc\u0142awskie firmy i przedsi\u0119biorstwa, uosabiaj\u0105 s\u0142awne postaci zwi\u0105zanie z Wroc\u0142awiem, np. profesora Jana Miodka, himalaistk\u0119 Wand\u0119 Rutkiewicz, muzyka W\u0142odzimierza Szoma\u0144skiego czy pisarza Marka Krajewskiego. Nie spos\u00f3b wszystkich wymieni\u0107.\u00a0 Figurki krasnali sta\u0142y si\u0119 ciekawymi elementami przestrzeni miejskiej, maj\u0105cymi swoich sponsor\u00f3w i opiekun\u00f3w po\u015br\u00f3d instytucji publicznych, os\u00f3b prywatnych i firm.<\/span><\/p>\n<p><span style=\"font-weight: 400;\">Pocz\u0105tku zdarze\u0144 zwi\u0105zanych z krasnalami mo\u017cna upatrywa\u0107 w ruchu happeningowym \u201ePomara\u0144czowa Alternatywa\u201d, kt\u00f3rego uczestnicy zbierali si\u0119 przy skrzy\u017cowaniu ulic \u015awidnickiej <\/span><span style=\"font-weight: 400;\"><br \/>\n<\/span><span style=\"font-weight: 400;\"> i Kazimierza Wielkiego w latach 1986\u20131990. 1 czerwca 2001 roku w miejscu tych spotka\u0144 stan\u0105\u0142 spi\u017cowy pomnik krasnala, symbolu \u201ePomara\u0144czowej Alternatywy\u201d, z czasem nazwanym Pap\u0105 Krasnalem jako najwi\u0119kszym i najdostojniejszym ze wszystkich wroc\u0142awskich krasnali. W sierpniu 2005 roku pojawi\u0142y si\u0119 pierwsze krasnoludki: Pracz Odrza\u0144ski, Szermierz, Syzyfki i Rze\u017anik, autorstwa Tomasza Moczka, ufundowane przez Urz\u0105d Miasta Wroc\u0142awia.\u00a0 8 pa\u017adziernika 2007 roku pierwszy komercyjny krasnal Piero\u017cnik usiad\u0142 przy nieistniej\u0105cym ju\u017c barze STP (SmacznieTanioPr\u0119dko) i zacz\u0119\u0142o si\u0119\u2026 Ka\u017cdego roku w ca\u0142ym mie\u015bcie wci\u0105\u017c przybywa\u0142o krasnali.\u00a0<\/span><\/p>\n<p><span style=\"font-weight: 400;\">W 2018 roku Wroc\u0142awskie Wydawnictwo EMKA wyda\u0142o \u201eLeksykon wroc\u0142awskich krasnali\u201d autorstwa Agnieszki Malczewskiej i J\u00f3zefa Peszki z opisem 517 krasnali. Dost\u0119pne s\u0105 mapki, ksi\u0105\u017ceczki i bajki z krasnalami. Wroc\u0142awscy przewodnicy oprowadzaj\u0105 wycieczki szlakami krasnoludk\u00f3w, a ka\u017cdy ma swoj\u0105 wersj\u0119 ich historii!\u00a0<\/span><\/p>\n<p><span style=\"font-weight: 400;\">Obecnie trudno ju\u017c si\u0119 doliczy\u0107, ile jest krasnali we Wroc\u0142awiu. Miasto si\u0119 rozrasta, powstaj\u0105 nowe osiedla, przedszkola, szko\u0142y, nowe firmy, rewitalizowane s\u0105 kolejne ulice <\/span><span style=\"font-weight: 400;\"><br \/>\n<\/span><span style=\"font-weight: 400;\">z przedwojenn\u0105 zabudow\u0105, a krasnoludkowe spo\u0142ecze\u0144stwo z zaanga\u017cowaniem temu towarzyszy...<\/span><\/p>\n<p>&nbsp;<\/p>\n<p><span style=\"font-weight: 400;\">Autor tekstu i zdj\u0119\u0107: Anna Rotko<\/span><\/p>\n<p><a href=\"https:\/\/turysta2.pttk.pl\/wp-content\/uploads\/2021\/12\/Wroclovek-z-herbem-Wroclawia-w-sercu-na-dloni-scaled.jpg\"><img loading=\"lazy\" decoding=\"async\" class=\"alignnone size-medium wp-image-27147\" src=\"https:\/\/turysta2.pttk.pl\/wp-content\/uploads\/2021\/12\/Wroclovek-z-herbem-Wroclawia-w-sercu-na-dloni-225x300.jpg\" alt=\"\" width=\"225\" height=\"300\" srcset=\"https:\/\/turysta2.pttk.pl\/wp-content\/uploads\/2021\/12\/Wroclovek-z-herbem-Wroclawia-w-sercu-na-dloni-225x300.jpg 225w, https:\/\/turysta2.pttk.pl\/wp-content\/uploads\/2021\/12\/Wroclovek-z-herbem-Wroclawia-w-sercu-na-dloni-768x1024.jpg 768w, https:\/\/turysta2.pttk.pl\/wp-content\/uploads\/2021\/12\/Wroclovek-z-herbem-Wroclawia-w-sercu-na-dloni-1152x1536.jpg 1152w, https:\/\/turysta2.pttk.pl\/wp-content\/uploads\/2021\/12\/Wroclovek-z-herbem-Wroclawia-w-sercu-na-dloni-1536x2048.jpg 1536w, https:\/\/turysta2.pttk.pl\/wp-content\/uploads\/2021\/12\/Wroclovek-z-herbem-Wroclawia-w-sercu-na-dloni-scaled.jpg 1920w\" sizes=\"auto, (max-width: 225px) 100vw, 225px\" \/><\/a> <a href=\"https:\/\/turysta2.pttk.pl\/wp-content\/uploads\/2021\/12\/Papa-Krasnal-\u2013-pilnuje-zeby-krasnale-nie-rozbiegaly-sie-ale...-scaled.jpg\"><img loading=\"lazy\" decoding=\"async\" class=\"alignnone size-medium wp-image-27148\" src=\"https:\/\/turysta2.pttk.pl\/wp-content\/uploads\/2021\/12\/Papa-Krasnal-\u2013-pilnuje-zeby-krasnale-nie-rozbiegaly-sie-ale...-225x300.jpg\" alt=\"\" width=\"225\" height=\"300\" srcset=\"https:\/\/turysta2.pttk.pl\/wp-content\/uploads\/2021\/12\/Papa-Krasnal-\u2013-pilnuje-zeby-krasnale-nie-rozbiegaly-sie-ale...-225x300.jpg 225w, https:\/\/turysta2.pttk.pl\/wp-content\/uploads\/2021\/12\/Papa-Krasnal-\u2013-pilnuje-zeby-krasnale-nie-rozbiegaly-sie-ale...-768x1024.jpg 768w, https:\/\/turysta2.pttk.pl\/wp-content\/uploads\/2021\/12\/Papa-Krasnal-\u2013-pilnuje-zeby-krasnale-nie-rozbiegaly-sie-ale...-1152x1536.jpg 1152w, https:\/\/turysta2.pttk.pl\/wp-content\/uploads\/2021\/12\/Papa-Krasnal-\u2013-pilnuje-zeby-krasnale-nie-rozbiegaly-sie-ale...-1536x2048.jpg 1536w, https:\/\/turysta2.pttk.pl\/wp-content\/uploads\/2021\/12\/Papa-Krasnal-\u2013-pilnuje-zeby-krasnale-nie-rozbiegaly-sie-ale...-scaled.jpg 1920w\" sizes=\"auto, (max-width: 225px) 100vw, 225px\" \/><\/a> <a href=\"https:\/\/turysta2.pttk.pl\/wp-content\/uploads\/2021\/12\/Krasnal-z-biletem-na-pociag-\u2013-niby-sie-spieszyl-ale...-scaled.jpg\"><img loading=\"lazy\" decoding=\"async\" class=\"alignnone size-medium wp-image-27149\" src=\"https:\/\/turysta2.pttk.pl\/wp-content\/uploads\/2021\/12\/Krasnal-z-biletem-na-pociag-\u2013-niby-sie-spieszyl-ale...-225x300.jpg\" alt=\"\" width=\"225\" height=\"300\" srcset=\"https:\/\/turysta2.pttk.pl\/wp-content\/uploads\/2021\/12\/Krasnal-z-biletem-na-pociag-\u2013-niby-sie-spieszyl-ale...-225x300.jpg 225w, https:\/\/turysta2.pttk.pl\/wp-content\/uploads\/2021\/12\/Krasnal-z-biletem-na-pociag-\u2013-niby-sie-spieszyl-ale...-768x1024.jpg 768w, https:\/\/turysta2.pttk.pl\/wp-content\/uploads\/2021\/12\/Krasnal-z-biletem-na-pociag-\u2013-niby-sie-spieszyl-ale...-1152x1536.jpg 1152w, https:\/\/turysta2.pttk.pl\/wp-content\/uploads\/2021\/12\/Krasnal-z-biletem-na-pociag-\u2013-niby-sie-spieszyl-ale...-1536x2048.jpg 1536w, https:\/\/turysta2.pttk.pl\/wp-content\/uploads\/2021\/12\/Krasnal-z-biletem-na-pociag-\u2013-niby-sie-spieszyl-ale...-scaled.jpg 1920w\" sizes=\"auto, (max-width: 225px) 100vw, 225px\" \/><\/a> <a href=\"https:\/\/turysta2.pttk.pl\/wp-content\/uploads\/2021\/12\/Krasnal-z-biletem-na-pociag-\u2013-niby-sie-spieszyl-ale...-1-scaled.jpg\"><img loading=\"lazy\" decoding=\"async\" class=\"alignnone size-medium wp-image-27150\" src=\"https:\/\/turysta2.pttk.pl\/wp-content\/uploads\/2021\/12\/Krasnal-z-biletem-na-pociag-\u2013-niby-sie-spieszyl-ale...-1-225x300.jpg\" alt=\"\" width=\"225\" height=\"300\" srcset=\"https:\/\/turysta2.pttk.pl\/wp-content\/uploads\/2021\/12\/Krasnal-z-biletem-na-pociag-\u2013-niby-sie-spieszyl-ale...-1-225x300.jpg 225w, https:\/\/turysta2.pttk.pl\/wp-content\/uploads\/2021\/12\/Krasnal-z-biletem-na-pociag-\u2013-niby-sie-spieszyl-ale...-1-768x1024.jpg 768w, https:\/\/turysta2.pttk.pl\/wp-content\/uploads\/2021\/12\/Krasnal-z-biletem-na-pociag-\u2013-niby-sie-spieszyl-ale...-1-1152x1536.jpg 1152w, https:\/\/turysta2.pttk.pl\/wp-content\/uploads\/2021\/12\/Krasnal-z-biletem-na-pociag-\u2013-niby-sie-spieszyl-ale...-1-1536x2048.jpg 1536w, https:\/\/turysta2.pttk.pl\/wp-content\/uploads\/2021\/12\/Krasnal-z-biletem-na-pociag-\u2013-niby-sie-spieszyl-ale...-1-scaled.jpg 1920w\" sizes=\"auto, (max-width: 225px) 100vw, 225px\" \/><\/a> <a href=\"https:\/\/turysta2.pttk.pl\/wp-content\/uploads\/2021\/12\/IMG_20210617_163641-1-scaled.jpg\"><img loading=\"lazy\" decoding=\"async\" class=\"alignnone size-medium wp-image-27151\" src=\"https:\/\/turysta2.pttk.pl\/wp-content\/uploads\/2021\/12\/IMG_20210617_163641-1-225x300.jpg\" alt=\"\" width=\"225\" height=\"300\" srcset=\"https:\/\/turysta2.pttk.pl\/wp-content\/uploads\/2021\/12\/IMG_20210617_163641-1-225x300.jpg 225w, https:\/\/turysta2.pttk.pl\/wp-content\/uploads\/2021\/12\/IMG_20210617_163641-1-768x1024.jpg 768w, https:\/\/turysta2.pttk.pl\/wp-content\/uploads\/2021\/12\/IMG_20210617_163641-1-1152x1536.jpg 1152w, https:\/\/turysta2.pttk.pl\/wp-content\/uploads\/2021\/12\/IMG_20210617_163641-1-1536x2048.jpg 1536w, https:\/\/turysta2.pttk.pl\/wp-content\/uploads\/2021\/12\/IMG_20210617_163641-1-scaled.jpg 1920w\" sizes=\"auto, (max-width: 225px) 100vw, 225px\" \/><\/a> <a href=\"https:\/\/turysta2.pttk.pl\/wp-content\/uploads\/2021\/12\/\u2013-Krasnal-na-walizce-\u2013-wyjezdzac-z-Wroclawia-czy-nie...._-scaled.jpg\"><img loading=\"lazy\" decoding=\"async\" class=\"alignnone size-medium wp-image-27152\" src=\"https:\/\/turysta2.pttk.pl\/wp-content\/uploads\/2021\/12\/\u2013-Krasnal-na-walizce-\u2013-wyjezdzac-z-Wroclawia-czy-nie...._-300x225.jpg\" alt=\"\" width=\"300\" height=\"225\" srcset=\"https:\/\/turysta2.pttk.pl\/wp-content\/uploads\/2021\/12\/\u2013-Krasnal-na-walizce-\u2013-wyjezdzac-z-Wroclawia-czy-nie...._-300x225.jpg 300w, https:\/\/turysta2.pttk.pl\/wp-content\/uploads\/2021\/12\/\u2013-Krasnal-na-walizce-\u2013-wyjezdzac-z-Wroclawia-czy-nie...._-1024x768.jpg 1024w, https:\/\/turysta2.pttk.pl\/wp-content\/uploads\/2021\/12\/\u2013-Krasnal-na-walizce-\u2013-wyjezdzac-z-Wroclawia-czy-nie...._-768x576.jpg 768w, https:\/\/turysta2.pttk.pl\/wp-content\/uploads\/2021\/12\/\u2013-Krasnal-na-walizce-\u2013-wyjezdzac-z-Wroclawia-czy-nie...._-1536x1152.jpg 1536w, https:\/\/turysta2.pttk.pl\/wp-content\/uploads\/2021\/12\/\u2013-Krasnal-na-walizce-\u2013-wyjezdzac-z-Wroclawia-czy-nie...._-2048x1536.jpg 2048w, https:\/\/turysta2.pttk.pl\/wp-content\/uploads\/2021\/12\/\u2013-Krasnal-na-walizce-\u2013-wyjezdzac-z-Wroclawia-czy-nie...._-200x150.jpg 200w\" sizes=\"auto, (max-width: 300px) 100vw, 300px\" \/><\/a><\/p>\n","protected":false},"excerpt":{"rendered":"Czy to bajka, czy nie bajka, My\u015blcie sobie, jak tam chcecie, A ja przecie\u017c wam powiadam: Krasnoludki s\u0105 na \u015bwiecie\u2026 Maria Konopnicka &nbsp; Tak, tak, we Wroc\u0142awiu te\u017c jest ich bardzo du\u017co. Sk\u0105d si\u0119 wzi\u0119\u0142y? Stare dzieje... Dawno, dawno temu miasto otacza\u0142y mury obronne i fosa pe\u0142na wody, domy by\u0142y drewniane, a mieszka\u0144cy wiedli pracowite \u017cycie. Wszystko trzeba by\u0142o robi\u0107&nbsp;<a href=\"https:\/\/turysta2.pttk.pl\/?p=27146\" class=\"read-more\">Continue Reading<\/a>","protected":false},"author":5,"featured_media":0,"comment_status":"closed","ping_status":"closed","sticky":false,"template":"","format":"gallery","meta":{"footnotes":""},"categories":[93,95,9],"tags":[],"class_list":["post-27146","post","type-post","status-publish","format-gallery","hentry","category-aktualnosci","category-musisz-zobaczyc","category-warto-wiedziec","post_format-post-format-gallery","cat-93-id","cat-95-id","cat-9-id"],"aioseo_notices":[],"_links":{"self":[{"href":"https:\/\/turysta2.pttk.pl\/index.php?rest_route=\/wp\/v2\/posts\/27146","targetHints":{"allow":["GET"]}}],"collection":[{"href":"https:\/\/turysta2.pttk.pl\/index.php?rest_route=\/wp\/v2\/posts"}],"about":[{"href":"https:\/\/turysta2.pttk.pl\/index.php?rest_route=\/wp\/v2\/types\/post"}],"author":[{"embeddable":true,"href":"https:\/\/turysta2.pttk.pl\/index.php?rest_route=\/wp\/v2\/users\/5"}],"replies":[{"embeddable":true,"href":"https:\/\/turysta2.pttk.pl\/index.php?rest_route=%2Fwp%2Fv2%2Fcomments&post=27146"}],"version-history":[{"count":1,"href":"https:\/\/turysta2.pttk.pl\/index.php?rest_route=\/wp\/v2\/posts\/27146\/revisions"}],"predecessor-version":[{"id":27153,"href":"https:\/\/turysta2.pttk.pl\/index.php?rest_route=\/wp\/v2\/posts\/27146\/revisions\/27153"}],"wp:attachment":[{"href":"https:\/\/turysta2.pttk.pl\/index.php?rest_route=%2Fwp%2Fv2%2Fmedia&parent=27146"}],"wp:term":[{"taxonomy":"category","embeddable":true,"href":"https:\/\/turysta2.pttk.pl\/index.php?rest_route=%2Fwp%2Fv2%2Fcategories&post=27146"},{"taxonomy":"post_tag","embeddable":true,"href":"https:\/\/turysta2.pttk.pl\/index.php?rest_route=%2Fwp%2Fv2%2Ftags&post=27146"}],"curies":[{"name":"wp","href":"https:\/\/api.w.org\/{rel}","templated":true}]}}