{"id":27134,"date":"2021-12-16T19:14:11","date_gmt":"2021-12-16T17:14:11","guid":{"rendered":"https:\/\/turysta2.pttk.pl\/?p=27134"},"modified":"2021-12-16T20:10:26","modified_gmt":"2021-12-16T18:10:26","slug":"bitwa-nad-bzura-1939","status":"publish","type":"post","link":"https:\/\/turysta2.pttk.pl\/?p=27134","title":{"rendered":"\u201eBitwa nad Bzur\u0105 1939\u201d"},"content":{"rendered":"<p><span style=\"font-weight: 400;\">Ju\u017c po raz trzeci, dnia 18 wrze\u015bnia 2021 r., Wojskowe Ko\u0142o PTTK przy Klubie 25. Brygady Kawalerii Powietrznej z Tomaszowa Mazowieckiego, wsp\u00f3lnie z Oddzia\u0142em \u0141\u00f3dzkim PTTK im. Jana Czeraszkiewicza i 7. Batalionem Kawalerii Powietrznej ZORGANIZOWA\u0141Y Og\u00f3lnopolski Rajd Pieszy \u201eSzlakiem Bitwy nad Bzur\u0105 1939 im. gen. dyw. Tadeusza Kutrzeby. Patronat honorowy nad rajdem, tak jak w latach poprzednich, obj\u0119\u0142o Wielkopolskie Muzeum Niepodleg\u0142o\u015bci w Poznaniu oraz jego oddzia\u0142 Muzeum Armii \u201ePozna\u0144\u201d.<\/span><\/p>\n<p><span style=\"font-weight: 400;\">W tym roku trasa prowadzi\u0142a po ziemi \u0142owickiej, szlakiem bojowym 10. Pu\u0142ku Piechoty (10. pp) 26. Dywizji Piechoty Armii \u201ePozna\u0144\u201d. Rajd rozpocz\u0105\u0142 si\u0119 rano w strugach deszczu na kwaterze wojennej \u017co\u0142nierzy WP <\/span><span style=\"font-weight: 400;\">poleg\u0142ych we wrze\u015bniu 1939 roku, mieszcz\u0105cej si\u0119 na cmentarzu katedralnym w \u0141owiczu. Uczestnicy odwiedzili tam indywidualn\u0105 mogi\u0142\u0119 ppor. Jana Mioduszewskiego, \u017co\u0142nierza 10. pp, poleg\u0142ego 14 wrze\u015bnia 1939 roku w bitwie pod Bednarami. Nast\u0119pnie tury\u015bci udali si\u0119 do Zespo\u0142u Szk\u00f3\u0142 Ponadpodstawowych nr 1 im. 10. Pu\u0142ku Piechoty przy ul. Podrzecznej, gdzie spotkali si\u0119 z rekonstruktorami ze Stowarzyszenia Historycznego im. 10. Pu\u0142ku Piechoty. Zapoznali si\u0119 z histori\u0105 pu\u0142ku, umundurowaniem \u017co\u0142nierzy WP we wrze\u015bniu 1939 roku, wojskowym sprz\u0119tem \u0142\u0105czno\u015bci, zwiedzili Izb\u0119 Tradycji, a na koniec wybili pami\u0105tkow\u0105 monet\u0119 sp\u00f3\u0142dzielni wojskowej 10 pp z okresu mi\u0119dzywojennego.\u00a0<\/span><\/p>\n<p><span style=\"font-weight: 400;\">Dalej pieszo, ulicami centrum miasta, uczestnicy rajdu dotarli do Starego Rynku, gdzie przy pami\u0105tkowej tablicy, znajduj\u0105cej si\u0119 na budynku dawnej przychodni lekarskiej, poznali histori\u0119 naczelnego lekarza 10 pp p\u0142k. Stanis\u0142awa Rotstada, a przy tablicy umieszczonej przed budynkiem Ratusza Miejskiego \u2013 histori\u0119 II fazy bitwy nad Bzur\u0105, w tym bitwy o \u0141owicz. Zapoznali si\u0119 z tablic\u0105 ku pami\u0119ci ku czci 13 Polak\u00f3w rozstrzelanych na dziedzi\u0144cu Urz\u0119du Miasta we wrze\u015bniu 1939 roku. Na koniec udali si\u0119 do Muzeum w \u0141owiczu, gdzie obejrzeli wystaw\u0119 historyczn\u0105 po\u015bwi\u0119con\u0105 II wojnie \u015bwiatowej i 10 pp oraz Izb\u0119 Pami\u0119ci \u017byd\u00f3w \u0141owickich.<\/span><\/p>\n<p><span style=\"font-weight: 400;\">Po zako\u0144czeniu zwiedzania \u0141owicza planowana by\u0142a trasa piesza rajdu, prowadz\u0105ca od samodzielnego cmentarza <\/span><span style=\"font-weight: 400;\">\u017co\u0142nierzy WP poleg\u0142ych we wrze\u015bniu 1939 roku w Kompinie, wzd\u0142u\u017c rzeki Bzury do Bednar, jednak\u017ce z przyczyn niezale\u017cnych od organizator\u00f3w tury\u015bci nie wzi\u0119li w niej udzia\u0142u.<\/span><\/p>\n<p><span style=\"font-weight: 400;\">Rajd<\/span><span style=\"font-weight: 400;\"> uroczy\u015bcie zako\u0144czono\u00a0 na cmentarzu parafialnym \u015bw. Macieja Aposto\u0142a i \u015bw. Ma\u0142gorzaty w Bednarach na kwaterze wojennej \u017co\u0142nierzy WP poleg\u0142ych we wrze\u015bniu 1939 roku. Ze wzgl\u0119du na panuj\u0105ce tego dnia z\u0142e warunki atmosferyczne wr\u0119czenie zdobytych przez uczestnik\u00f3w kolejnych stopni Odznaki Turystyczno-Krajoznawczej PTTK \u201eSzlakiem bitwy nad Bzur\u0105 1939 im. gen. dyw. Tadeusza Kutrzeby\u201d oraz rozwi\u0105zanie konkursu o bitwie nad Bzur\u0105 1939 i wr\u0119czenie nagr\u00f3d odby\u0142o si\u0119 w Zagrodzie Bednarza w Bednarach.<\/span><\/p>\n<p><span style=\"font-weight: 400;\">Mamy nadziej\u0119, \u017ce za rok ponownie spotkamy si\u0119 z entuzjastami turystyki militarnej <\/span><span style=\"font-weight: 400;\"><br \/>\n<\/span><span style=\"font-weight: 400;\">i historycznej na kolejnym Og\u00f3lnopolskim Rajdzie Pieszym \u201eSzlakiem bitwy nad Bzur\u0105 1939 im. gen. dyw. Tadeusza Kutrzeby\u201d w okolicach Sochaczewa. Jego trasa b\u0119dzie po\u015bwi\u0119cona miejscom szlaku bojowego II batalionu 18. Pu\u0142ku Piechoty.<\/span><\/p>\n<p>&nbsp;<\/p>\n<p><span style=\"font-weight: 400;\">Tekst i foto: Marcin Reczycki<\/span><\/p>\n<p>&nbsp;<\/p>\n","protected":false},"excerpt":{"rendered":"Ju\u017c po raz trzeci, dnia 18 wrze\u015bnia 2021 r., Wojskowe Ko\u0142o PTTK przy Klubie 25. Brygady Kawalerii Powietrznej z Tomaszowa Mazowieckiego, wsp\u00f3lnie z Oddzia\u0142em \u0141\u00f3dzkim PTTK im. Jana Czeraszkiewicza i 7. Batalionem Kawalerii Powietrznej ZORGANIZOWA\u0141Y Og\u00f3lnopolski Rajd Pieszy \u201eSzlakiem Bitwy nad Bzur\u0105 1939 im. gen. dyw. Tadeusza Kutrzeby. Patronat honorowy nad rajdem, tak jak w latach poprzednich, obj\u0119\u0142o Wielkopolskie Muzeum&nbsp;<a href=\"https:\/\/turysta2.pttk.pl\/?p=27134\" class=\"read-more\">Continue Reading<\/a>","protected":false},"author":5,"featured_media":0,"comment_status":"closed","ping_status":"closed","sticky":false,"template":"","format":"gallery","meta":{"footnotes":""},"categories":[1,41],"tags":[],"class_list":["post-27134","post","type-post","status-publish","format-gallery","hentry","category-bez-kategorii","category-turystyka-pttk","post_format-post-format-gallery","cat-1-id","cat-41-id"],"aioseo_notices":[],"_links":{"self":[{"href":"https:\/\/turysta2.pttk.pl\/index.php?rest_route=\/wp\/v2\/posts\/27134","targetHints":{"allow":["GET"]}}],"collection":[{"href":"https:\/\/turysta2.pttk.pl\/index.php?rest_route=\/wp\/v2\/posts"}],"about":[{"href":"https:\/\/turysta2.pttk.pl\/index.php?rest_route=\/wp\/v2\/types\/post"}],"author":[{"embeddable":true,"href":"https:\/\/turysta2.pttk.pl\/index.php?rest_route=\/wp\/v2\/users\/5"}],"replies":[{"embeddable":true,"href":"https:\/\/turysta2.pttk.pl\/index.php?rest_route=%2Fwp%2Fv2%2Fcomments&post=27134"}],"version-history":[{"count":1,"href":"https:\/\/turysta2.pttk.pl\/index.php?rest_route=\/wp\/v2\/posts\/27134\/revisions"}],"predecessor-version":[{"id":27144,"href":"https:\/\/turysta2.pttk.pl\/index.php?rest_route=\/wp\/v2\/posts\/27134\/revisions\/27144"}],"wp:attachment":[{"href":"https:\/\/turysta2.pttk.pl\/index.php?rest_route=%2Fwp%2Fv2%2Fmedia&parent=27134"}],"wp:term":[{"taxonomy":"category","embeddable":true,"href":"https:\/\/turysta2.pttk.pl\/index.php?rest_route=%2Fwp%2Fv2%2Fcategories&post=27134"},{"taxonomy":"post_tag","embeddable":true,"href":"https:\/\/turysta2.pttk.pl\/index.php?rest_route=%2Fwp%2Fv2%2Ftags&post=27134"}],"curies":[{"name":"wp","href":"https:\/\/api.w.org\/{rel}","templated":true}]}}