{"id":27112,"date":"2021-12-15T15:33:39","date_gmt":"2021-12-15T13:33:39","guid":{"rendered":"https:\/\/turysta2.pttk.pl\/?p=27112"},"modified":"2021-12-16T19:22:27","modified_gmt":"2021-12-16T17:22:27","slug":"kolejowa-przygoda-wyniki-konkursu-plastycznego","status":"publish","type":"post","link":"https:\/\/turysta2.pttk.pl\/?p=27112","title":{"rendered":"Kolejowa przygoda &#8211; wyniki konkursu plastycznego"},"content":{"rendered":"<p><strong>Wyniki Og\u00f3lnopolskiego Konkursu Plastycznego dla Dzieci i\u00a0M\u0142odzie\u017cy<\/strong><\/p>\n<p><strong>KOLEJOWA PRZYGODA<\/strong><\/p>\n<p>&nbsp;<\/p>\n<p>W <a href=\"https:\/\/turysta2.pttk.pl\/wp-content\/uploads\/2021\/12\/00_2021-10-27_obrady-komisji-konkursowej_Kolejowa-przygoda.jpg\"><img loading=\"lazy\" decoding=\"async\" class=\"alignnone size-full wp-image-27113\" src=\"https:\/\/turysta2.pttk.pl\/wp-content\/uploads\/2021\/12\/00_2021-10-27_obrady-komisji-konkursowej_Kolejowa-przygoda.jpg\" alt=\"\" width=\"120\" height=\"91\" \/><\/a> <a href=\"https:\/\/turysta2.pttk.pl\/wp-content\/uploads\/2021\/12\/01_Szczegielniak-Maria_I-miejsce_kat-I.jpg\"><img loading=\"lazy\" decoding=\"async\" class=\"alignnone size-medium wp-image-27114\" src=\"https:\/\/turysta2.pttk.pl\/wp-content\/uploads\/2021\/12\/01_Szczegielniak-Maria_I-miejsce_kat-I.jpg\" alt=\"\" width=\"120\" height=\"91\" \/><\/a> <a href=\"https:\/\/turysta2.pttk.pl\/wp-content\/uploads\/2021\/12\/02_SurminskaPaulina_II-miejsce_kat-I.jpg\"><img loading=\"lazy\" decoding=\"async\" class=\"alignnone size-medium wp-image-27115\" src=\"https:\/\/turysta2.pttk.pl\/wp-content\/uploads\/2021\/12\/02_SurminskaPaulina_II-miejsce_kat-I.jpg\" alt=\"\" width=\"120\" height=\"91\" \/><\/a> <a href=\"https:\/\/turysta2.pttk.pl\/wp-content\/uploads\/2021\/12\/03_Kuszla-Amelia_III-miejsce_kat-I.jpg\"><img loading=\"lazy\" decoding=\"async\" class=\"alignnone size-medium wp-image-27116\" src=\"https:\/\/turysta2.pttk.pl\/wp-content\/uploads\/2021\/12\/03_Kuszla-Amelia_III-miejsce_kat-I.jpg\" alt=\"\" width=\"120\" height=\"91\" \/><\/a> <a href=\"https:\/\/turysta2.pttk.pl\/wp-content\/uploads\/2021\/12\/04_Czekanski-Szymon_wyroznienie_kat-I.jpg\"><img loading=\"lazy\" decoding=\"async\" class=\"alignnone size-full wp-image-27117\" src=\"https:\/\/turysta2.pttk.pl\/wp-content\/uploads\/2021\/12\/04_Czekanski-Szymon_wyroznienie_kat-I.jpg\" alt=\"\" width=\"120\" height=\"91\" \/><\/a> <a href=\"https:\/\/turysta2.pttk.pl\/wp-content\/uploads\/2021\/12\/09_Wojdyr-Magda_wyroznienie_kat-I.jpg\"><img loading=\"lazy\" decoding=\"async\" class=\"alignnone size-medium wp-image-27118\" src=\"https:\/\/turysta2.pttk.pl\/wp-content\/uploads\/2021\/12\/09_Wojdyr-Magda_wyroznienie_kat-I.jpg\" alt=\"\" width=\"120\" height=\"91\" \/><\/a> <a href=\"https:\/\/turysta2.pttk.pl\/wp-content\/uploads\/2021\/12\/08_Gibczynska-Gabriela_wyroznienie_kat-I.jpg\"><img loading=\"lazy\" decoding=\"async\" class=\"alignnone size-medium wp-image-27119\" src=\"https:\/\/turysta2.pttk.pl\/wp-content\/uploads\/2021\/12\/08_Gibczynska-Gabriela_wyroznienie_kat-I.jpg\" alt=\"\" width=\"120\" height=\"91\" \/><\/a> <a href=\"https:\/\/turysta2.pttk.pl\/wp-content\/uploads\/2021\/12\/07_Galas-Rafal_wyroznienie_kat-I.jpg\"><img loading=\"lazy\" decoding=\"async\" class=\"alignnone size-medium wp-image-27120\" src=\"https:\/\/turysta2.pttk.pl\/wp-content\/uploads\/2021\/12\/07_Galas-Rafal_wyroznienie_kat-I.jpg\" alt=\"\" width=\"120\" height=\"91\" \/><\/a> <a href=\"https:\/\/turysta2.pttk.pl\/wp-content\/uploads\/2021\/12\/06_Fajkis-Iga_wyroznienie_kat-I.jpg\"><img loading=\"lazy\" decoding=\"async\" class=\"alignnone size-medium wp-image-27121\" src=\"https:\/\/turysta2.pttk.pl\/wp-content\/uploads\/2021\/12\/06_Fajkis-Iga_wyroznienie_kat-I.jpg\" alt=\"\" width=\"120\" height=\"91\" \/><\/a> <a href=\"https:\/\/turysta2.pttk.pl\/wp-content\/uploads\/2021\/12\/05_Dabrowska-Alicja_wyroznienie_kat-I.jpg\"><img loading=\"lazy\" decoding=\"async\" class=\"alignnone size-medium wp-image-27122\" src=\"https:\/\/turysta2.pttk.pl\/wp-content\/uploads\/2021\/12\/05_Dabrowska-Alicja_wyroznienie_kat-I.jpg\" alt=\"\" width=\"120\" height=\"91\" \/><\/a> <a href=\"https:\/\/turysta2.pttk.pl\/wp-content\/uploads\/2021\/12\/14_Grzybek-Hanna_wyroznienie_kat-II.jpg\"><img loading=\"lazy\" decoding=\"async\" class=\"alignnone size-medium wp-image-27123\" src=\"https:\/\/turysta2.pttk.pl\/wp-content\/uploads\/2021\/12\/14_Grzybek-Hanna_wyroznienie_kat-II.jpg\" alt=\"\" width=\"120\" height=\"91\" \/><\/a> <a href=\"https:\/\/turysta2.pttk.pl\/wp-content\/uploads\/2021\/12\/13_Surma-Julia_III-miejsce_kat-II.jpg\"><img loading=\"lazy\" decoding=\"async\" class=\"alignnone size-medium wp-image-27124\" src=\"https:\/\/turysta2.pttk.pl\/wp-content\/uploads\/2021\/12\/13_Surma-Julia_III-miejsce_kat-II.jpg\" alt=\"\" width=\"120\" height=\"91\" \/><\/a> <a href=\"https:\/\/turysta2.pttk.pl\/wp-content\/uploads\/2021\/12\/12_Retkowska-Zuzanna_III-miejsce_kat-II.jpg\"><img loading=\"lazy\" decoding=\"async\" class=\"alignnone size-medium wp-image-27125\" src=\"https:\/\/turysta2.pttk.pl\/wp-content\/uploads\/2021\/12\/12_Retkowska-Zuzanna_III-miejsce_kat-II.jpg\" alt=\"\" width=\"120\" height=\"91\" \/><\/a> <a href=\"https:\/\/turysta2.pttk.pl\/wp-content\/uploads\/2021\/12\/11_Lesniak-Zofia_II-miejsce_kat-II.jpg\"><img loading=\"lazy\" decoding=\"async\" class=\"alignnone size-medium wp-image-27126\" src=\"https:\/\/turysta2.pttk.pl\/wp-content\/uploads\/2021\/12\/11_Lesniak-Zofia_II-miejsce_kat-II.jpg\" alt=\"\" width=\"120\" height=\"91\" \/><\/a> <a href=\"https:\/\/turysta2.pttk.pl\/wp-content\/uploads\/2021\/12\/10_Korab-Klaudia_I-miejsce_kat-II.jpg\"><img loading=\"lazy\" decoding=\"async\" class=\"alignnone size-medium wp-image-27127\" src=\"https:\/\/turysta2.pttk.pl\/wp-content\/uploads\/2021\/12\/10_Korab-Klaudia_I-miejsce_kat-II.jpg\" alt=\"\" width=\"120\" height=\"91\" \/><\/a> <a href=\"https:\/\/turysta2.pttk.pl\/wp-content\/uploads\/2021\/12\/17_Soszynska-Paulina_wyroznienie_kat-II.jpg\"><img loading=\"lazy\" decoding=\"async\" class=\"alignnone size-medium wp-image-27128\" src=\"https:\/\/turysta2.pttk.pl\/wp-content\/uploads\/2021\/12\/17_Soszynska-Paulina_wyroznienie_kat-II.jpg\" alt=\"\" width=\"120\" height=\"91\" \/><\/a> <a href=\"https:\/\/turysta2.pttk.pl\/wp-content\/uploads\/2021\/12\/16_Mycek-Paulina_wyroznienie_kat-II.jpg\"><img loading=\"lazy\" decoding=\"async\" class=\"alignnone size-medium wp-image-27129\" src=\"https:\/\/turysta2.pttk.pl\/wp-content\/uploads\/2021\/12\/16_Mycek-Paulina_wyroznienie_kat-II.jpg\" alt=\"\" width=\"120\" height=\"91\" \/><\/a> <a href=\"https:\/\/turysta2.pttk.pl\/wp-content\/uploads\/2021\/12\/15_Kasinska-Zuzanna_wyroznienie_kat-II.jpg\"><img loading=\"lazy\" decoding=\"async\" class=\"alignnone size-medium wp-image-27130\" src=\"https:\/\/turysta2.pttk.pl\/wp-content\/uploads\/2021\/12\/15_Kasinska-Zuzanna_wyroznienie_kat-II.jpg\" alt=\"\" width=\"120\" height=\"91\" \/><\/a>dniu 27 pa\u017adziernika 2021 r. w siedzibie Zarz\u0105du G\u0142\u00f3wnego PTTK w Warszawie przy ulicy Senatorskiej 11 odby\u0142o si\u0119 posiedzenie komisji konkursowej Og\u00f3lnopolskiego Konkursu Plastycznego dla Dzieci i M\u0142odzie\u017cy \u201eKolejowa przygoda\u201d.<\/p>\n<p>Konkurs przeprowadzony zosta\u0142 w\u00a0dw\u00f3ch kategoriach wiekowych:<\/p>\n<p>I.\u00a0dla uczni\u00f3w klas I\u2012IV szko\u0142y podstawowej,<br \/>\nII. dla uczni\u00f3w klas V\u2012VIII szko\u0142y podstawowej.<br \/>\nNa konkurs nades\u0142anych zosta\u0142o 163 prace z\u00a0ca\u0142ej Polski.<br \/>\nKomisja dokona\u0142a analizy prac konkursowych zgodnie z\u00a0przyj\u0119tymi w\u00a0regulaminie kryteriami.<br \/>\nDecyzj\u0105 komisji konkursowej w\u00a0ka\u017cdej kategorii wiekowej przyznano I,\u00a0II\u00a0i\u00a0III miejsce\u00a0oraz \u0142\u0105cznie 10 wyr\u00f3\u017cnie\u0144.<\/p>\n<p><strong>W\u00a0I\u00a0kategorii wiekowej (klasy I\u2012IV):<\/strong><br \/>\n<strong>I\u00a0miejsce\u00a0\u2013 Maria Szczegielniak<\/strong>\u00a0ze\u00a0Szko\u0142y Podstawowej im.\u00a0Juliana Bartoszewicza w\u00a0\u017barnowie\u00a0(woj. \u0142\u00f3dzkie) za\u00a0prac\u0119 \u201eZach\u00f3d s\u0142o\u0144ca nad morzem\u201d.<\/p>\n<p><strong>II\u00a0miejsce\u00a0\u2013 Paulina Surmi\u0144ska<\/strong>\u00a0z\u00a0Publicznej Szko\u0142y Podstawowej im.\u00a0Orl\u0105t Lwowskich\u00a0w Szybowicach (woj. opolskie) za\u00a0prac\u0119 \u201eKolejowa przygoda i\u00a0krajobrazy podczas\u00a0wakacyjnego wyjazdu w\u00a0g\u00f3ry\u201d.<\/p>\n<p><strong>III miejsce\u00a0\u2013 Amelia Kusz\u0142a<\/strong>\u00a0z\u00a0Publicznej Szko\u0142y Podstawowej im.\u00a0Orl\u0105t Lwowskich w\u00a0Szybowicach\u00a0(woj. opolskie).<\/p>\n<p><strong>Wyr\u00f3\u017cnienia:<\/strong><br \/>\n<strong>\u2013 Szymon Czeka\u0144ski<\/strong>\u00a0z\u00a0Publicznej Szko\u0142y Podstawowej im.\u00a0Orl\u0105t Lwowskich w\u00a0Szybowicach\u00a0(woj. opolskie).<br \/>\n<strong>\u2013 Alicja D\u0105browska<\/strong>\u00a0ze\u00a0Szko\u0142y Podstawowej nr\u00a022 im.\u00a0Janusza Korczaka we\u00a0W\u0142oc\u0142awku\u00a0(woj. kujawsko-pomorskie) za\u00a0prac\u0119 \u201eKolejowa przygoda z\u00a0przyrod\u0105 Polski\u201d.<br \/>\n<strong>\u2013 Iga Fajkis<\/strong>\u00a0ze\u00a0Szkolnego Ko\u0142a Krajoznawczo-Turystycznego PTTK \u201e\u015amia\u0142ki\u201d przy Zespole Szkolno--Przedszkolnym w\u00a0Pietrzykowicach (woj. \u015bl\u0105skie) za\u00a0prac\u0119 \u201eSzlak na\u00a0B\u0142atni\u0105\u201d.<br \/>\n<strong>\u2013 Rafa\u0142 Galas<\/strong>\u00a0z\u00a0Publicznej Szko\u0142y Podstawowej im.\u00a0Orl\u0105t Lwowskich w\u00a0Szybowicach (woj. opolskie)\u00a0za prac\u0119 \u201eKrajobraz wsi Szybowice podczas przeja\u017cd\u017cki poci\u0105giem\u201d.<br \/>\n<strong>\u2013 Gabriela Gibczy\u0144ska<\/strong>\u00a0ze\u00a0Szko\u0142y Podstawowej nr\u00a022 im.\u00a0Janusza Korczaka we\u00a0W\u0142oc\u0142awku\u00a0(woj. kujawsko-pomorskie) za\u00a0prac\u0119 \u201ePoci\u0105g do\u00a0g\u00f3r\u201d.<br \/>\n<strong>\u2013 Magda Wojdyr<\/strong>\u00a0z\u00a0Publicznej Szko\u0142y Podstawowej im.\u00a0Stefana Czarnieckiego w\u00a0Woli Chodkowskiej\u00a0(woj. mazowieckie).<\/p>\n<p><strong>W\u00a0II\u00a0kategorii wiekowej (klasy V\u2012VIII):<\/strong><\/p>\n<p><strong>I\u00a0miejsce \u2013 Klaudia Korab<\/strong>\u00a0ze\u00a0Szko\u0142y Podstawowej nr\u00a02 im.\u00a0b\u0142. ks. Jerzego Popie\u0142uszki w\u00a0Lutczy\u00a0(woj. podkarpackie) za\u00a0prac\u0119 \u201eKolej linowa\u201d.<\/p>\n<p><strong>II\u00a0miejsce \u2013 Zofia Le\u015bniak<\/strong>\u00a0z\u00a0Katolickiej Szko\u0142y Podstawowej im.\u00a0ks. Franciszka Blachnickiego\u00a0w Nowym S\u0105czu (woj. ma\u0142opolskie) za\u00a0prac\u0119 \u201ePoci\u0105g retro. Podr\u00f3\u017c z\u00a0u\u015bmiechem\u201d.<\/p>\n<p><strong>III miejsce<\/strong>\u00a0ex\u00a0aequo \u2013\u00a0<strong>Zuzanna Retkowska<\/strong>\u00a0ze\u00a0Szko\u0142y Podstawowej im.\u00a0Stanis\u0142awa Jachowicza\u00a0w Le\u015bmierzu (woj. \u0142\u00f3dzkie) za\u00a0prac\u0119 \u201eWidziane z\u00a0okien poci\u0105gu\u201d.<br \/>\n<strong>\u2013 Julia Surma<\/strong>\u00a0z\u00a0Publicznej Szko\u0142y Podstawowej im.\u00a0Orl\u0105t Lwowskich\u00a0w Szybowicach (woj. opolskie).<\/p>\n<p><strong>Wyr\u00f3\u017cnienia:<\/strong><br \/>\n<strong>\u2013 Hanna Grzybek<\/strong>\u00a0ze\u00a0Szko\u0142y Podstawowej w\u00a0Bia\u0142aczowie im.\u00a0Adama Mickiewicza (woj. \u0142\u00f3dzkie)\u00a0za prac\u0119 \u201eBieszczady jesieni\u0105 w\u00a0oknach poci\u0105gu\u201d.<br \/>\n<strong>\u2013 Zuzanna Kasi\u0144ska<\/strong>\u00a0ze\u00a0szko\u0142y podstawowej w\u00a0\u017barnowie (woj. \u0142\u00f3dzkie) za\u00a0prac\u0119 \u201eWspomnienie\u201d.<br \/>\n<strong>\u2013 Paulina Mycek<\/strong>\u00a0ze\u00a0Szko\u0142y Podstawowej nr\u00a09 z\u00a0Oddzia\u0142ami Mistrzostwa Sportowego im.\u00a0W\u0142adys\u0142awa\u00a0Jasi\u0144skiego \u201eJ\u0119drusia\u201d w\u00a0Mielcu (woj. podkarpackie) za\u00a0prac\u0119 \u201eW drodze do\u00a0Zakopanego\u201d.<br \/>\n<strong>\u2013 Paulina Soszy\u0144ska<\/strong>\u00a0ze\u00a0Szko\u0142y Podstawowej nr\u00a016 im.\u00a0Polskich Olimpijczyk\u00f3w w\u00a0Piotrkowie\u00a0Trybunalskim (woj. \u0142\u00f3dzkie) za\u00a0prac\u0119 \u201eWidok z\u00a0Sokolicy\u201d.<\/p>\n<p><em>Nagrody i\u00a0dyplomy zostan\u0105 wys\u0142ane poczt\u0105.<\/em><\/p>\n","protected":false},"excerpt":{"rendered":"Wyniki Og\u00f3lnopolskiego Konkursu Plastycznego dla Dzieci i\u00a0M\u0142odzie\u017cy KOLEJOWA PRZYGODA &nbsp; W dniu 27 pa\u017adziernika 2021 r. w siedzibie Zarz\u0105du G\u0142\u00f3wnego PTTK w Warszawie przy ulicy Senatorskiej 11 odby\u0142o si\u0119 posiedzenie komisji konkursowej Og\u00f3lnopolskiego Konkursu Plastycznego dla Dzieci i M\u0142odzie\u017cy \u201eKolejowa przygoda\u201d. Konkurs przeprowadzony zosta\u0142 w\u00a0dw\u00f3ch kategoriach wiekowych: I.\u00a0dla uczni\u00f3w klas I\u2012IV szko\u0142y podstawowej, II. dla uczni\u00f3w klas V\u2012VIII szko\u0142y podstawowej.&nbsp;<a href=\"https:\/\/turysta2.pttk.pl\/?p=27112\" class=\"read-more\">Continue Reading<\/a>","protected":false},"author":5,"featured_media":27126,"comment_status":"closed","ping_status":"closed","sticky":false,"template":"","format":"standard","meta":{"footnotes":""},"categories":[85],"tags":[],"class_list":["post-27112","post","type-post","status-publish","format-standard","has-post-thumbnail","hentry","category-konkursy","cat-85-id"],"aioseo_notices":[],"_links":{"self":[{"href":"https:\/\/turysta2.pttk.pl\/index.php?rest_route=\/wp\/v2\/posts\/27112","targetHints":{"allow":["GET"]}}],"collection":[{"href":"https:\/\/turysta2.pttk.pl\/index.php?rest_route=\/wp\/v2\/posts"}],"about":[{"href":"https:\/\/turysta2.pttk.pl\/index.php?rest_route=\/wp\/v2\/types\/post"}],"author":[{"embeddable":true,"href":"https:\/\/turysta2.pttk.pl\/index.php?rest_route=\/wp\/v2\/users\/5"}],"replies":[{"embeddable":true,"href":"https:\/\/turysta2.pttk.pl\/index.php?rest_route=%2Fwp%2Fv2%2Fcomments&post=27112"}],"version-history":[{"count":2,"href":"https:\/\/turysta2.pttk.pl\/index.php?rest_route=\/wp\/v2\/posts\/27112\/revisions"}],"predecessor-version":[{"id":27145,"href":"https:\/\/turysta2.pttk.pl\/index.php?rest_route=\/wp\/v2\/posts\/27112\/revisions\/27145"}],"wp:featuredmedia":[{"embeddable":true,"href":"https:\/\/turysta2.pttk.pl\/index.php?rest_route=\/wp\/v2\/media\/27126"}],"wp:attachment":[{"href":"https:\/\/turysta2.pttk.pl\/index.php?rest_route=%2Fwp%2Fv2%2Fmedia&parent=27112"}],"wp:term":[{"taxonomy":"category","embeddable":true,"href":"https:\/\/turysta2.pttk.pl\/index.php?rest_route=%2Fwp%2Fv2%2Fcategories&post=27112"},{"taxonomy":"post_tag","embeddable":true,"href":"https:\/\/turysta2.pttk.pl\/index.php?rest_route=%2Fwp%2Fv2%2Ftags&post=27112"}],"curies":[{"name":"wp","href":"https:\/\/api.w.org\/{rel}","templated":true}]}}