{"id":27110,"date":"2021-12-15T15:19:55","date_gmt":"2021-12-15T13:19:55","guid":{"rendered":"https:\/\/turysta2.pttk.pl\/?p=27110"},"modified":"2021-12-15T15:26:01","modified_gmt":"2021-12-15T13:26:01","slug":"cichy-memorial-wyjatkowa-galeria-sztuki-ulicznej-arkadiusza-andrejkowa","status":"publish","type":"post","link":"https:\/\/turysta2.pttk.pl\/?p=27110","title":{"rendered":"&#8220;Cichy Memoria\u0142&#8221; Wyj\u0105tkowa galeria sztuki ulicznej Arkadiusza Andrejkowa"},"content":{"rendered":"<p><a href=\"https:\/\/turysta2.pttk.pl\/wp-content\/uploads\/2021\/12\/P11334011k.jpg\"><img loading=\"lazy\" decoding=\"async\" class=\"alignnone size-medium wp-image-27103\" src=\"https:\/\/turysta2.pttk.pl\/wp-content\/uploads\/2021\/12\/P11334011k-240x300.jpg\" alt=\"\" width=\"240\" height=\"300\" srcset=\"https:\/\/turysta2.pttk.pl\/wp-content\/uploads\/2021\/12\/P11334011k-240x300.jpg 240w, https:\/\/turysta2.pttk.pl\/wp-content\/uploads\/2021\/12\/P11334011k-819x1024.jpg 819w, https:\/\/turysta2.pttk.pl\/wp-content\/uploads\/2021\/12\/P11334011k-768x960.jpg 768w, https:\/\/turysta2.pttk.pl\/wp-content\/uploads\/2021\/12\/P11334011k.jpg 1080w\" sizes=\"auto, (max-width: 240px) 100vw, 240px\" \/><\/a> <a href=\"https:\/\/turysta2.pttk.pl\/wp-content\/uploads\/2021\/12\/P11334101k.jpg\"><img loading=\"lazy\" decoding=\"async\" class=\"alignnone size-medium wp-image-27105\" src=\"https:\/\/turysta2.pttk.pl\/wp-content\/uploads\/2021\/12\/P11334101k-240x300.jpg\" alt=\"\" width=\"240\" height=\"300\" srcset=\"https:\/\/turysta2.pttk.pl\/wp-content\/uploads\/2021\/12\/P11334101k-240x300.jpg 240w, https:\/\/turysta2.pttk.pl\/wp-content\/uploads\/2021\/12\/P11334101k-819x1024.jpg 819w, https:\/\/turysta2.pttk.pl\/wp-content\/uploads\/2021\/12\/P11334101k-768x960.jpg 768w, https:\/\/turysta2.pttk.pl\/wp-content\/uploads\/2021\/12\/P11334101k.jpg 1080w\" sizes=\"auto, (max-width: 240px) 100vw, 240px\" \/><\/a> <a href=\"https:\/\/turysta2.pttk.pl\/wp-content\/uploads\/2021\/12\/P11334061k.jpg\"><img loading=\"lazy\" decoding=\"async\" class=\"alignnone size-medium wp-image-27104\" src=\"https:\/\/turysta2.pttk.pl\/wp-content\/uploads\/2021\/12\/P11334061k-240x300.jpg\" alt=\"\" width=\"240\" height=\"300\" srcset=\"https:\/\/turysta2.pttk.pl\/wp-content\/uploads\/2021\/12\/P11334061k-240x300.jpg 240w, https:\/\/turysta2.pttk.pl\/wp-content\/uploads\/2021\/12\/P11334061k-819x1024.jpg 819w, https:\/\/turysta2.pttk.pl\/wp-content\/uploads\/2021\/12\/P11334061k-768x960.jpg 768w, https:\/\/turysta2.pttk.pl\/wp-content\/uploads\/2021\/12\/P11334061k.jpg 1080w\" sizes=\"auto, (max-width: 240px) 100vw, 240px\" \/><\/a> <a href=\"https:\/\/turysta2.pttk.pl\/wp-content\/uploads\/2021\/12\/P11441751k.jpg\"><img loading=\"lazy\" decoding=\"async\" class=\"alignnone size-medium wp-image-27107\" src=\"https:\/\/turysta2.pttk.pl\/wp-content\/uploads\/2021\/12\/P11441751k-300x204.jpg\" alt=\"\" width=\"300\" height=\"204\" srcset=\"https:\/\/turysta2.pttk.pl\/wp-content\/uploads\/2021\/12\/P11441751k-300x204.jpg 300w, https:\/\/turysta2.pttk.pl\/wp-content\/uploads\/2021\/12\/P11441751k-1024x695.jpg 1024w, https:\/\/turysta2.pttk.pl\/wp-content\/uploads\/2021\/12\/P11441751k-768x521.jpg 768w, https:\/\/turysta2.pttk.pl\/wp-content\/uploads\/2021\/12\/P11441751k-1536x1042.jpg 1536w, https:\/\/turysta2.pttk.pl\/wp-content\/uploads\/2021\/12\/P11441751k.jpg 1920w\" sizes=\"auto, (max-width: 300px) 100vw, 300px\" \/><\/a> <a href=\"https:\/\/turysta2.pttk.pl\/wp-content\/uploads\/2021\/12\/P11334301k.jpg\"><img loading=\"lazy\" decoding=\"async\" class=\"alignnone size-medium wp-image-27106\" src=\"https:\/\/turysta2.pttk.pl\/wp-content\/uploads\/2021\/12\/P11334301k-240x300.jpg\" alt=\"\" width=\"240\" height=\"300\" srcset=\"https:\/\/turysta2.pttk.pl\/wp-content\/uploads\/2021\/12\/P11334301k-240x300.jpg 240w, https:\/\/turysta2.pttk.pl\/wp-content\/uploads\/2021\/12\/P11334301k-819x1024.jpg 819w, https:\/\/turysta2.pttk.pl\/wp-content\/uploads\/2021\/12\/P11334301k-768x960.jpg 768w, https:\/\/turysta2.pttk.pl\/wp-content\/uploads\/2021\/12\/P11334301k.jpg 1080w\" sizes=\"auto, (max-width: 240px) 100vw, 240px\" \/><\/a> <a href=\"https:\/\/turysta2.pttk.pl\/wp-content\/uploads\/2021\/12\/P11441791k.jpg\"><img loading=\"lazy\" decoding=\"async\" class=\"alignnone size-medium wp-image-27108\" src=\"https:\/\/turysta2.pttk.pl\/wp-content\/uploads\/2021\/12\/P11441791k-240x300.jpg\" alt=\"\" width=\"240\" height=\"300\" srcset=\"https:\/\/turysta2.pttk.pl\/wp-content\/uploads\/2021\/12\/P11441791k-240x300.jpg 240w, https:\/\/turysta2.pttk.pl\/wp-content\/uploads\/2021\/12\/P11441791k-819x1024.jpg 819w, https:\/\/turysta2.pttk.pl\/wp-content\/uploads\/2021\/12\/P11441791k-768x960.jpg 768w, https:\/\/turysta2.pttk.pl\/wp-content\/uploads\/2021\/12\/P11441791k.jpg 1080w\" sizes=\"auto, (max-width: 240px) 100vw, 240px\" \/><\/a> <a href=\"https:\/\/turysta2.pttk.pl\/wp-content\/uploads\/2021\/12\/P10000571k.jpg\"><img loading=\"lazy\" decoding=\"async\" class=\"alignnone size-medium wp-image-27102\" src=\"https:\/\/turysta2.pttk.pl\/wp-content\/uploads\/2021\/12\/P10000571k-225x300.jpg\" alt=\"\" width=\"225\" height=\"300\" srcset=\"https:\/\/turysta2.pttk.pl\/wp-content\/uploads\/2021\/12\/P10000571k-225x300.jpg 225w, https:\/\/turysta2.pttk.pl\/wp-content\/uploads\/2021\/12\/P10000571k-768x1023.jpg 768w, https:\/\/turysta2.pttk.pl\/wp-content\/uploads\/2021\/12\/P10000571k.jpg 1013w\" sizes=\"auto, (max-width: 225px) 100vw, 225px\" \/><\/a><\/p>\n<p><strong>\u00a0<\/strong><\/p>\n<p><strong>\u201eCichy Memoria\u0142\u201d <\/strong><\/p>\n<p><strong>\u00a0<\/strong><\/p>\n<p>Z czym mo\u017ce si\u0119 kojarzy\u0107 wojew\u00f3dztwo podkarpackie? Zapewne w pierwszej kolejno\u015bci ka\u017cdy turysta wymieni Bieszczady, a przede wszystkim bieszczadzkie po\u0142oniny. Magiczne, wci\u0105\u017c dzikie miejsce, w kt\u00f3rym mo\u017cna si\u0119 zapomnie\u0107.<\/p>\n<p>&nbsp;<\/p>\n<p>Jednak w rzeczywisto\u015bci Podkarpacie to du\u017co wi\u0119cej. B\u0119d\u0105c w wojew\u00f3dztwie podkarpackim nie mo\u017cna zapomnie\u0107 o wyj\u0105tkowej galerii sztuki ulicznej, kt\u00f3r\u0105 stworzy\u0142 lokalny artysta \u2013 Arkadiusz Andrejkow. To w\u0142a\u015bnie tutaj, w po\u0142udniowo-wschodniej Polsce, znale\u017a\u0107 mo\u017cna niezwyk\u0142e, malowane na drewnie dzie\u0142a \u2013 nazywane \u201eCichym Memoria\u0142em\u201d \u2212 nadaj\u0105ce temu zak\u0105tkowi Polski niepowtarzalnego klimatu.<\/p>\n<p>&nbsp;<\/p>\n<p>Mimo \u017ce murale kojarz\u0105 si\u0119 g\u0142\u00f3wnie ze wsp\u00f3\u0142czesno\u015bci\u0105, w rzeczywisto\u015bci swoje korzenie maj\u0105 jeszcze w staro\u017cytno\u015bci. Obecnie s\u0105 to wielkoformatowe dzie\u0142a malowane na murach, maj\u0105ce na celu przyci\u0105gn\u0105\u0107 uwag\u0119. W wielu miastach i miasteczkach na betonowych budynkach powstaj\u0105 uliczne malowid\u0142a, kt\u00f3re z roku na rok wzbudzaj\u0105 zainteresowanie coraz wi\u0119kszej rzeszy fan\u00f3w street artu. Jednak to, co powsta\u0142o w wojew\u00f3dztwie podkarpackim, jest czym\u015b wyj\u0105tkowym. Zobaczenie jednego dzie\u0142a z projektu \u201eCichy Memoria\u0142\u201d sprawia, \u017ce rusza si\u0119 w niesamowit\u0105 podr\u00f3\u017c przez podkarpackie wsie w poszukiwaniu portret\u00f3w na drewnie\u2026<\/p>\n<p>&nbsp;<\/p>\n<p><strong>\u201eMurale\u201d, kt\u00f3re powstaj\u0105 na podkarpackich wsiach<\/strong><\/p>\n<p>Portrety z projektu \u201eCichy Memoria\u0142\u201d wygl\u0105daj\u0105 jak \u017cywe, jakby osoby namalowane na drewnie mia\u0142y zaraz wyj\u015b\u0107 i do\u0142\u0105czy\u0107 do nas, razem zasi\u0105\u015b\u0107 do sto\u0142u, \u015bmia\u0107 si\u0119. W oddali czu\u0107 ich obecno\u015b\u0107, s\u0142ycha\u0107 ich \u015bmiech\u2026 To dzie\u0142a artysty z Sanoka \u2013 Arkadiusza Andrejkowa. Jeszcze kilkana\u015bcie lat temu by\u0142 grafficiarzem, malowa\u0142 pod os\u0142on\u0105 nocy na betonowych \u015bcianach, g\u0142\u00f3wnie abstrakcje. W ko\u0144cu zacz\u0105\u0142 tworzy\u0107 co\u015b absolutnie niezwyk\u0142ego, co na zawsze mia\u0142o odmieni\u0107 obraz podkarpackich wsi. W\u0119druj\u0105c, widzia\u0142 wiele drewnianych szop i stod\u00f3\u0142, dostrzegaj\u0105c ich potencja\u0142. By\u0142o ich tak wiele, \u017ce mog\u0142y sta\u0107 si\u0119 doskona\u0142ym pod\u0142o\u017cem dla portret\u00f3w. Da\u0142o to mo\u017cliwo\u015b\u0107 podarowania drugiego \u017cycia drewnianym stodo\u0142om, ale r\u00f3wnie\u017c ludziom, kt\u00f3rych portrety zacz\u0119\u0142y si\u0119 na nich pojawia\u0107. Gdyby tylko deski potrafi\u0142y m\u00f3wi\u0107\u2026 mog\u0142yby opowiedzie\u0107 nam niejedn\u0105 histori\u0119, o kt\u00f3rej lokalna spo\u0142eczno\u015b\u0107 mo\u017ce ju\u017c nie pami\u0119ta\u0107. Tak jak i osoby, kt\u00f3re zacz\u0119\u0142y zdobi\u0107 drewniane szopy\u2026 Pomys\u0142 na \u201eCichy Memoria\u0142\u201d by\u0142 niezwyk\u0142y od samego pocz\u0105tku!<\/p>\n<p>&nbsp;<\/p>\n<p><strong>Projekt \u201eCichy Memoria\u0142\u201d<\/strong><\/p>\n<p>Projekt ruszy\u0142 w 2017 roku, kiedy to Andrejkow zacz\u0105\u0142 malowa\u0107 niesamowite portrety na drewnianych szopach i stodo\u0142ach. Surowe naturalne pod\u0142o\u017ce, na kt\u00f3rym mo\u017cna by\u0142o od razu malowa\u0107, stanowi\u0142y idealne po\u0142\u0105czenie naturalnego surowca z sielskim klimatem podkarpackich wsi. Andrejkow nie chcia\u0142 malowa\u0107 kr\u00f3l\u00f3w, wielkich bohater\u00f3w, znanych postaci \u2013 ci maj\u0105 ju\u017c tysi\u0105ce portret\u00f3w i \u015bwiat zawsze b\u0119dzie o nich pami\u0119ta\u0107. Chcia\u0142 malowa\u0107 po prostu zwyk\u0142ych mieszka\u0144c\u00f3w podkarpackich wsi, lokalnych bohater\u00f3w, o kt\u00f3rych \u015bwiat pewnie nigdy nie us\u0142yszy. Naszych dziadk\u00f3w, rodzic\u00f3w, nasze dzieci, naszych nauczycieli, rolnik\u00f3w \u2013 ludzi, kt\u00f3rzy r\u00f3wnie\u017c zas\u0142uguj\u0105 na pami\u0119\u0107. Na to, by kto\u015b o nich us\u0142ysza\u0142, by kto\u015b m\u00f3g\u0142 przystan\u0105\u0107 przy ich twarzach i spojrze\u0107 im w oczy, zastanowi\u0107 si\u0119 nad ich histori\u0105, nad dziejami lokalnej spo\u0142eczno\u015bci. To tak\u017ce bohaterowie \u2013 nasi i tylko nasi, i my nigdy o nich nie zapomnimy. S\u0105 cz\u0119\u015bci\u0105 nas, a teraz cz\u0119\u015bci\u0105 czego\u015b jeszcze wi\u0119kszego \u2013 cz\u0119\u015bci\u0105 \u201eCichego Memoria\u0142u\u201d, kt\u00f3ry sk\u0142ada im ho\u0142d. Na portretach znajdziemy tych, kt\u00f3rzy ju\u017c dawno od nas odeszli, ale dzi\u0119ki wspania\u0142ym dzie\u0142om Andrejkowa, mog\u0105 z nami zosta\u0107 na d\u0142u\u017cej i na wyci\u0105gni\u0119cie r\u0119ki. Na portretach s\u0105 tak\u017ce i ci, kt\u00f3rzy s\u0105 wci\u0105\u017c z nami, uchwyceni w wyj\u0105tkowych dla rodziny i lokalnej spo\u0142eczno\u015bci chwilach, kt\u00f3re mog\u0105 pozosta\u0107 na d\u0142u\u017cej na drewnianym portrecie.<\/p>\n<p>&nbsp;<\/p>\n<p><strong>Jak powstaj\u0105 portrety \u201eCichy Memoria\u0142\u201d?<\/strong><\/p>\n<p>Do realizacji ka\u017cdego z portretu Andrejkow wykorzystuje stare, rodzinne fotografie, na kt\u00f3rych mo\u017cna odnale\u017a\u0107 wyj\u0105tkowe chwile dla danej rodziny czy wsi. To niezwyk\u0142e pami\u0105tkowe zdj\u0119cia, na kt\u00f3rych wida\u0107 emocje i melancholi\u0119. I to wida\u0107 tak\u017ce na ka\u017cdym z portret\u00f3w projektu \u201eCichy Memoria\u0142\u201d. Ka\u017cda posta\u0107 wygl\u0105da jak \u017cywa, jakby wr\u00f3ci\u0142a do nas i ju\u017c nigdy nie pozwolimy jej odej\u015b\u0107. Andrejkow podczas swoich podr\u00f3\u017cy przekona\u0142 si\u0119, jak wyj\u0105tkowi ludzie mieszkaj\u0105 w podkarpackich wsiach. Cechuje ich bezinteresowna \u017cyczliwo\u015b\u0107, \u201eserce na talerzu\u201d, melancholia, niesamowite momenty z historii danej spo\u0142eczno\u015bci. W ich \u017cyciu trud dnia codziennego przeplata si\u0119 z wiejsk\u0105 sielank\u0105. S\u0105 to ludzie dbaj\u0105cy o swoj\u0105 spu\u015bcizn\u0119 i pami\u0119\u0107 o swoich przodkach i cz\u0142onkach rodziny. \u201eMurale\u201d s\u0105 doskona\u0142ym powrotem do korzeni i zwie\u0144czeniem podkarpackiej to\u017csamo\u015bci. Ci, kt\u00f3rzy odeszli, nie musz\u0105 odchodzi\u0107 na zawsze, mog\u0105 z nami zosta\u0107 na niezwyk\u0142ym portrecie.<\/p>\n<p>&nbsp;<\/p>\n<p>Dzie\u0142a Andrejkowa zazwyczaj powstaj\u0105 w jeden dzie\u0144. Najcz\u0119\u015bciej sami w\u0142a\u015bciciele szop czy stod\u00f3\u0142 kontaktuj\u0105 si\u0119 z artyst\u0105, wysy\u0142aj\u0105 zdj\u0119cia drewnianej szopy, zdj\u0119cie, kt\u00f3re chcieliby zobaczy\u0107 na drewnianym pod\u0142o\u017cu. Dalej artysta ocenia stan szopy, maluje szkic dzie\u0142a, kt\u00f3re mia\u0142oby powsta\u0107, przesy\u0142a \u00f3w projekt rodzinie i tak zaczyna si\u0119 wsp\u00f3lna, artystyczna przygoda\u2026 Andrejkow podr\u00f3\u017cuje komunikacj\u0105 publiczn\u0105, dzi\u0119ki czemu ma szans\u0119 pozna\u0107 najr\u00f3\u017cniejsze zak\u0105tki podkarpackich wsi, powolutku, z zadum\u0105. Postaci na portretach maluje szkicowo, transparentnie, by stanowi\u0142y integraln\u0105 cz\u0119\u015b\u0107 drewnianego pod\u0142o\u017ca, by naturalnie wtapia\u0142y si\u0119 w otoczenie. O\u017cywia tych, za kt\u00f3rymi t\u0119sknimy. Daje drugie \u017cycie tym, kt\u00f3rych kochamy i chcieliby\u015bmy zatrzyma\u0107 na d\u0142u\u017cej\u2026<\/p>\n<p>&nbsp;<\/p>\n<p><strong>Murale czy jednak deskale\/drewnale?<\/strong><\/p>\n<p>Projekt \u201eCichy Memoria\u0142\u201d to niezwyk\u0142e dzie\u0142a, kt\u00f3re powstaj\u0105 na drewnianych szopach i stodo\u0142ach, dlatego te\u017c niekt\u00f3rzy twierdz\u0105, \u017ce nie powinny by\u0107 nazywane \u201emuralami\u201d, bowiem nie powstaj\u0105 na betonowych powierzchniach, na murach, lecz wy\u0142\u0105cznie na drewnie. Autor nie spoczywa na laurach, co roku tworz\u0105c mn\u00f3stwo nowych dzie\u0142 na drewnianych budynkach wsi. Dlatego te\u017c jego dzie\u0142a zacz\u0119to lokalnie nazywa\u0107 deskalami czy drewnalami. Mimo \u017ce nazwa ta jest stosunkowo nowa, nie dziwi ju\u017c mieszka\u0144c\u00f3w podkarpackich wiosek. Projekt jest na tyle wyj\u0105tkowy, \u017ce zas\u0142uguje na swoj\u0105 w\u0142asn\u0105 nazw\u0119.<\/p>\n<p>&nbsp;<\/p>\n<p>Dzie\u0142a z projektu \u201eCichy Memoria\u0142\u201d s\u0105 najpi\u0119kniejsz\u0105 galeri\u0105 wiejskiej sztuki ulicznej. Nadaj\u0105 duszy podkarpackim wsiom, daj\u0105 drugie \u017cycie drewnianym budynkom, ale przede wszystkim daj\u0105 drugie \u017cycie bliskim, kt\u00f3rych rodzina chce zatrzyma\u0107 na d\u0142u\u017cej. To jedna z najbardziej niesamowitych, melancholijnych wycieczek. Zobaczenie jednego deskala z pewno\u015bci\u0105 sprawi, \u017ce ka\u017cdy podr\u00f3\u017cny b\u0119dzie chcia\u0142 zobaczy\u0107 kolejny z niesamowitych portret\u00f3w i ruszy szlakiem podkarpackich wiosek w poszukiwaniu naszych przodk\u00f3w, bliskich, ich twarzy i sylwetek malowanych na drewnie. Przystanie pod nimi z zadum\u0105 i wyobrazi sobie, jaka by\u0142a historia tej rodziny i lokalnej spo\u0142eczno\u015bci. To nasi bohaterowie, nasi najbli\u017csi. By\u0107 mo\u017ce bez imienia na portrecie, by\u0107 mo\u017ce obcy dla podr\u00f3\u017cnego, a jednak po kilku chwilach staj\u0105 si\u0119 coraz bli\u017csi, a serce bije mocniej. Taka jest niezwyk\u0142a moc tych pi\u0119knych dzie\u0142 na drewnie w podkarpackich wioskach i wioseczkach. Warto zagubi\u0107 si\u0119 w poszukiwaniu kolejnych dzie\u0142, by znale\u017a\u0107 dusz\u0119 Podkarpacia i jego zwyk\u0142ych-niezwyk\u0142ych mieszka\u0144c\u00f3w, kt\u00f3rzy s\u0105 sercem tego miejsca. Ta wyj\u0105tkowa wycieczka na zawsze zostanie w pami\u0119ci ka\u017cdego, kto ruszy szlakiem \u201eCichego Memoria\u0142u\u201d, a pami\u0119\u0107 o ludziach z portret\u00f3w na zawsze ju\u017c pozostanie \u017cywa.<\/p>\n<p>&nbsp;<\/p>\n<p>Po wi\u0119cej podkarpackich inspiracji zapraszamy na bloga rudeiczarne.pl, gdzie znale\u017a\u0107 mo\u017cna wiele publikacji stworzonych w trakcie przemierzania Podkarpacia, kt\u00f3re cieszy si\u0119 ogromnym zainteresowaniem turyst\u00f3w i podr\u00f3\u017cnych, pozwalaj\u0105c szerzej spojrze\u0107 na ten wyj\u0105tkowy zak\u0105tek Polski, wci\u0105\u017c niedoceniany i nadal przez wielu nieodkryty, a jak\u017ce fascynuj\u0105cy.<\/p>\n<p>&nbsp;<\/p>\n<p><em>Tekst\u00a0 i zdj\u0119cia: <\/em>Karolina Miller i Piotr Andruszko<\/p>\n<p>&nbsp;<\/p>\n","protected":false},"excerpt":{"rendered":"\u00a0 \u201eCichy Memoria\u0142\u201d \u00a0 Z czym mo\u017ce si\u0119 kojarzy\u0107 wojew\u00f3dztwo podkarpackie? Zapewne w pierwszej kolejno\u015bci ka\u017cdy turysta wymieni Bieszczady, a przede wszystkim bieszczadzkie po\u0142oniny. Magiczne, wci\u0105\u017c dzikie miejsce, w kt\u00f3rym mo\u017cna si\u0119 zapomnie\u0107. &nbsp; Jednak w rzeczywisto\u015bci Podkarpacie to du\u017co wi\u0119cej. B\u0119d\u0105c w wojew\u00f3dztwie podkarpackim nie mo\u017cna zapomnie\u0107 o wyj\u0105tkowej galerii sztuki ulicznej, kt\u00f3r\u0105 stworzy\u0142 lokalny artysta \u2013 Arkadiusz Andrejkow.&nbsp;<a href=\"https:\/\/turysta2.pttk.pl\/?p=27110\" class=\"read-more\">Continue Reading<\/a>","protected":false},"author":5,"featured_media":0,"comment_status":"closed","ping_status":"closed","sticky":false,"template":"","format":"gallery","meta":{"footnotes":""},"categories":[1,5],"tags":[],"class_list":["post-27110","post","type-post","status-publish","format-gallery","hentry","category-bez-kategorii","category-a-to-polska-wlasnie","post_format-post-format-gallery","cat-1-id","cat-5-id"],"aioseo_notices":[],"_links":{"self":[{"href":"https:\/\/turysta2.pttk.pl\/index.php?rest_route=\/wp\/v2\/posts\/27110","targetHints":{"allow":["GET"]}}],"collection":[{"href":"https:\/\/turysta2.pttk.pl\/index.php?rest_route=\/wp\/v2\/posts"}],"about":[{"href":"https:\/\/turysta2.pttk.pl\/index.php?rest_route=\/wp\/v2\/types\/post"}],"author":[{"embeddable":true,"href":"https:\/\/turysta2.pttk.pl\/index.php?rest_route=\/wp\/v2\/users\/5"}],"replies":[{"embeddable":true,"href":"https:\/\/turysta2.pttk.pl\/index.php?rest_route=%2Fwp%2Fv2%2Fcomments&post=27110"}],"version-history":[{"count":1,"href":"https:\/\/turysta2.pttk.pl\/index.php?rest_route=\/wp\/v2\/posts\/27110\/revisions"}],"predecessor-version":[{"id":27111,"href":"https:\/\/turysta2.pttk.pl\/index.php?rest_route=\/wp\/v2\/posts\/27110\/revisions\/27111"}],"wp:attachment":[{"href":"https:\/\/turysta2.pttk.pl\/index.php?rest_route=%2Fwp%2Fv2%2Fmedia&parent=27110"}],"wp:term":[{"taxonomy":"category","embeddable":true,"href":"https:\/\/turysta2.pttk.pl\/index.php?rest_route=%2Fwp%2Fv2%2Fcategories&post=27110"},{"taxonomy":"post_tag","embeddable":true,"href":"https:\/\/turysta2.pttk.pl\/index.php?rest_route=%2Fwp%2Fv2%2Ftags&post=27110"}],"curies":[{"name":"wp","href":"https:\/\/api.w.org\/{rel}","templated":true}]}}