{"id":27095,"date":"2021-12-15T14:03:56","date_gmt":"2021-12-15T12:03:56","guid":{"rendered":"https:\/\/turysta2.pttk.pl\/?p=27095"},"modified":"2021-12-15T14:06:15","modified_gmt":"2021-12-15T12:06:15","slug":"tatry-i-zakopane-w-ilustracji-walerego-eljasza-radzikowskiego-2","status":"publish","type":"post","link":"https:\/\/turysta2.pttk.pl\/?p=27095","title":{"rendered":"Tatry i Zakopane w ilustracji Walerego Eljasza-Radzikowskiego  \u00a0"},"content":{"rendered":"<p>&nbsp;<\/p>\n<p>Nareszcie ksi\u0105\u017cka na miar\u0119 zas\u0142ug Walerego Eljasza-Radzikowskiego w dziedzinie popularyzacji Tatr i Zakopanego. Dotychczas nie istnia\u0142a publikacja ukazuj\u0105ca w tak szerokim zakresie dokonania artysty. Wi\u0119kszo\u015b\u0107 po\u015bwi\u0119conych mu prac mia\u0142a charakter przyczynkarski. A przecie\u017c Walery Eljasz-Radzikowski to wybitny krajoznawca i autor sze\u015bciu wyda\u0144 najpopularniejszego w jego czasach przewodnika oraz p\u0142odny grafik i malarz oraz \u2013 o czym cz\u0119sto zapominano \u2013 fotograf. Mo\u017cna powiedzie\u0107, i\u017c egzystowa\u0142 na marginesie zainteresowa\u0144 tatrologicznych.<\/p>\n<p>&nbsp;<\/p>\n<p>Autor niniejszej ksi\u0105\u017cki, Rados\u0142aw Kuty, po raz pierwszy podj\u0105\u0142 udan\u0105 pr\u00f3b\u0119 ca\u0142o\u015bciowego opracowania dokona\u0144 Eljasza w zakresie jego tw\u00f3rczo\u015bci ikonograficznej. Kilkuletnie, \u017cmudne, dociekliwe poszukiwania i badania zasob\u00f3w wszelkich \u017ar\u00f3de\u0142, a przede wszystkim archiw\u00f3w muzealnych i kolekcji prywatnych przynios\u0142y imponuj\u0105cy skutek ilo\u015bciowy<br \/>\ni jako\u015bciowy. Przewa\u017caj\u0105c\u0105 cz\u0119\u015b\u0107 prac plastycznych i fotograficznych Eljasza czytelnik ma okazj\u0119 obejrze\u0107 po raz pierwszy.<\/p>\n<p>Dob\u00f3r i uk\u0142ad ilustracji pozwala prze\u015bledzi\u0107 proces tw\u00f3rczy artysty od szkicu, impresji akwarelowej zawartej w sztambuchach, do w pe\u0142ni rozwini\u0119tego malarstwa olejnego, akwaforty czy drzeworytu.<\/p>\n<p>Szczeg\u00f3lnie bogaty dzia\u0142 fotografii i dzia\u0142 drzeworyt\u00f3w czasopi\u015bmienniczych w realistyczny spos\u00f3b dokumentuje wizerunek Tatr i turystyki \u00f3wczesnej epoki, to jest drugiej po\u0142owy XIX wieku.<\/p>\n<p>Ksi\u0105\u017cka \u015bwietnie napisana i zilustrowana w pe\u0142ni zadowoli zar\u00f3wno pocz\u0105tkuj\u0105cych amator\u00f3w poznania dzia\u0142alno\u015bci Walerego Eljasza \u2013 Radzikowskiego i poprzez niego poznania historii tatrza\u0144skiej turystyki, jak i zaawansowanych znawc\u00f3w tematu, umo\u017cliwiaj\u0105c im pog\u0142\u0119bienie analityczne.<\/p>\n<p>Przejrzysta konstrukcja ksi\u0105\u017cki \u0142\u0105czy w sobie wszystkie cechy historycznej pracy naukowej z wymogami przyst\u0119pno\u015bci popularnonaukowej. Bogata bibliografia, liczne i szczeg\u00f3\u0142owe przypisy dope\u0142niaj\u0105 encyklopedycznego charakteru tej ksi\u0105\u017cki. Autor sprawnie wyr\u0119cza czytelnika z konieczno\u015bci wyszukiwania dodatkowych informacji rozszerzaj\u0105cych.<\/p>\n<p>Wszystkim zainteresowanym tw\u00f3rczo\u015bci\u0105 Walerego Eljasza-Radzikowskiego oraz szeroko poj\u0119tym tematem sztuki i turystyki tatrza\u0144skiej gor\u0105co polecam ksi\u0105\u017ck\u0119 autorstwa Rados\u0142awa Kutego.<\/p>\n<p><em>Andrzej Petrykowski<\/em><\/p>\n<p><em>\u00a0<\/em><\/p>\n<p>Rados\u0142aw\u00a0 Kuty (1979), historyk, doktorant\u00a0\u00a0 w\u00a0 Instytucie\u00a0 Historii Uniwersytetu\u00a0 im. Jana\u00a0 Kochanowskiego\u00a0 w\u00a0 Kielcach, autor\u00a0 publikacji\u00a0 naukowych\u00a0 dotycz\u0105cych\u00a0 Tatr\u00a0 i\u00a0 Zakopanego\u00a0 oraz\u00a0 historii\u00a0 ziemia\u0144stwa\u00a0 polskiego. Zainteresowania\u00a0 badawcze: prasa\u00a0 polska 1864-1939\u00a0 ze\u00a0 szczeg\u00f3lnym\u00a0 uwzgl\u0119dnieniem\u00a0 tematyki\u00a0 tatrza\u0144skiej\u00a0 i\u00a0 zakopia\u0144skiej, ikonografia\u00a0 i\u00a0 fotografia\u00a0 tego okresu. Przygotowuje\u00a0 prace: <em>Obraz\u00a0 Tatr\u00a0 i\u00a0 Zakopanego\u00a0 na\u00a0 \u0142amach\u00a0 prasy\u00a0 warszawskiej\u00a0 1860-1914 <\/em>(rozprawa\u00a0 doktorska)\u00a0 oraz\u00a0 <em>Tatry\u00a0 i\u00a0 Zakopane\u00a0 w\u00a0 reklamie. Od\u00a0 okresu\u00a0 autonomii\u00a0 galicyjskiej\u00a0 do\u00a0 1939 roku.<\/em><\/p>\n<p><em>\u00a0<\/em><\/p>\n<p><em>O ksi\u0105\u017cce<\/em><\/p>\n<p>Ponad 500 stronicowy album w formacie A4 z tward\u0105 opraw\u0105, \u0142\u0105cznie 589 ilustracji (35 w cz\u0119\u015bci wst\u0119pnej, 362 w dziale ikonografii i 192 w dziale fotografii), ukazuj\u0105cy m.in.\u00a0 malarstwo olejne, akwarel\u0119, akwafort\u0119, prace z tzw. raptularzy tatrza\u0144skich, poczt\u00f3wk\u0119, ilustracj\u0119 prasow\u0105 i fotografi\u0119 o szeroko rozumianej tematyce tatrza\u0144skiej i zakopia\u0144skiej; ponad 100 stronicowy tekst omawiaj\u0105cy \u017cycie i\u00a0\u00a0 tw\u00f3rczo\u015b\u0107 Walerego Eljasza z szerokim wykorzystaniem \u017ar\u00f3de\u0142 historycznych<\/p>\n<p>&nbsp;<\/p>\n<p>Chcesz kupi\u0107?... www.antykwariat-filar.pl\u00a0 Wydawnictwo, Ksi\u0119garnia, Antykwariat G\u00f3rski \"Filar\" Henryk R\u0105czka, ul. Alabastrowa 98, 25-753 Kielce.<\/p>\n<p>&nbsp;<\/p>\n<p><a href=\"https:\/\/turysta2.pttk.pl\/wp-content\/uploads\/2021\/12\/Kuty-okladka-jpg.jpg\"><img loading=\"lazy\" decoding=\"async\" class=\"alignnone size-medium wp-image-27096\" src=\"https:\/\/turysta2.pttk.pl\/wp-content\/uploads\/2021\/12\/Kuty-okladka-jpg-212x300.jpg\" alt=\"\" width=\"212\" height=\"300\" srcset=\"https:\/\/turysta2.pttk.pl\/wp-content\/uploads\/2021\/12\/Kuty-okladka-jpg-212x300.jpg 212w, https:\/\/turysta2.pttk.pl\/wp-content\/uploads\/2021\/12\/Kuty-okladka-jpg-724x1024.jpg 724w, https:\/\/turysta2.pttk.pl\/wp-content\/uploads\/2021\/12\/Kuty-okladka-jpg-768x1086.jpg 768w, https:\/\/turysta2.pttk.pl\/wp-content\/uploads\/2021\/12\/Kuty-okladka-jpg.jpg 960w\" sizes=\"auto, (max-width: 212px) 100vw, 212px\" \/><\/a><\/p>\n","protected":false},"excerpt":{"rendered":"&nbsp; Nareszcie ksi\u0105\u017cka na miar\u0119 zas\u0142ug Walerego Eljasza-Radzikowskiego w dziedzinie popularyzacji Tatr i Zakopanego. Dotychczas nie istnia\u0142a publikacja ukazuj\u0105ca w tak szerokim zakresie dokonania artysty. Wi\u0119kszo\u015b\u0107 po\u015bwi\u0119conych mu prac mia\u0142a charakter przyczynkarski. A przecie\u017c Walery Eljasz-Radzikowski to wybitny krajoznawca i autor sze\u015bciu wyda\u0144 najpopularniejszego w jego czasach przewodnika oraz p\u0142odny grafik i malarz oraz \u2013 o czym cz\u0119sto zapominano \u2013&nbsp;<a href=\"https:\/\/turysta2.pttk.pl\/?p=27095\" class=\"read-more\">Continue Reading<\/a>","protected":false},"author":5,"featured_media":0,"comment_status":"closed","ping_status":"closed","sticky":false,"template":"","format":"gallery","meta":{"footnotes":""},"categories":[86],"tags":[],"class_list":["post-27095","post","type-post","status-publish","format-gallery","hentry","category-biblioteczka-turystyczna","post_format-post-format-gallery","cat-86-id"],"aioseo_notices":[],"_links":{"self":[{"href":"https:\/\/turysta2.pttk.pl\/index.php?rest_route=\/wp\/v2\/posts\/27095","targetHints":{"allow":["GET"]}}],"collection":[{"href":"https:\/\/turysta2.pttk.pl\/index.php?rest_route=\/wp\/v2\/posts"}],"about":[{"href":"https:\/\/turysta2.pttk.pl\/index.php?rest_route=\/wp\/v2\/types\/post"}],"author":[{"embeddable":true,"href":"https:\/\/turysta2.pttk.pl\/index.php?rest_route=\/wp\/v2\/users\/5"}],"replies":[{"embeddable":true,"href":"https:\/\/turysta2.pttk.pl\/index.php?rest_route=%2Fwp%2Fv2%2Fcomments&post=27095"}],"version-history":[{"count":3,"href":"https:\/\/turysta2.pttk.pl\/index.php?rest_route=\/wp\/v2\/posts\/27095\/revisions"}],"predecessor-version":[{"id":27099,"href":"https:\/\/turysta2.pttk.pl\/index.php?rest_route=\/wp\/v2\/posts\/27095\/revisions\/27099"}],"wp:attachment":[{"href":"https:\/\/turysta2.pttk.pl\/index.php?rest_route=%2Fwp%2Fv2%2Fmedia&parent=27095"}],"wp:term":[{"taxonomy":"category","embeddable":true,"href":"https:\/\/turysta2.pttk.pl\/index.php?rest_route=%2Fwp%2Fv2%2Fcategories&post=27095"},{"taxonomy":"post_tag","embeddable":true,"href":"https:\/\/turysta2.pttk.pl\/index.php?rest_route=%2Fwp%2Fv2%2Ftags&post=27095"}],"curies":[{"name":"wp","href":"https:\/\/api.w.org\/{rel}","templated":true}]}}