{"id":27086,"date":"2021-12-15T13:54:19","date_gmt":"2021-12-15T11:54:19","guid":{"rendered":"https:\/\/turysta2.pttk.pl\/?p=27086"},"modified":"2022-09-12T14:45:34","modified_gmt":"2022-09-12T12:45:34","slug":"27086-2","status":"publish","type":"post","link":"https:\/\/turysta2.pttk.pl\/?p=27086","title":{"rendered":"Dzwoni ju\u017c 500 lat\u2026"},"content":{"rendered":"<p>&nbsp;<\/p>\n<p>&nbsp;<\/p>\n<p>Dzwon Zygmunta \u2013 jego majestatyczny g\u0142os dochodzi a\u017c do Wielkanocy\u2026 Mowa, oczywi\u015bcie, o po\u0142o\u017conej niedaleko Krakowa wsi Wielkanoc, w kt\u00f3rej podobno mo\u017cna go us\u0142ysze\u0107. Wprawiany jest w ruch przez 12 dzwonnik\u00f3w, kt\u00f3rzy poci\u0105gaj\u0105c za konopne liny, mog\u0105 rozko\u0142ysa\u0107 kolosa w g\u0142\u00f3wne \u015bwi\u0119ta ko\u015bcielne, w rocznice najwa\u017cniejszych wydarze\u0144 oraz w \u015bwi\u0119ta narodowe \u2013 3 Maja i 11 Listopada. Jest jednym z trzech wielkich dzwon\u00f3w w Europie, poruszanych do dzisiaj si\u0142\u0105 ludzkich mi\u0119\u015bni (dwa pozosta\u0142e to Zygmunt na Hradczanach w Pradze i Tuba Dei w Toruniu). Dzwon Zygmunta \u2013 odlany w Krakowie przez Jana (Hansa) Behema z Norymbergii \u2013 wa\u017cy 12 600 kg i ma 450 m wysoko\u015bci z jarzmem i sercem, a jego s\u0142yszalno\u015b\u0107 si\u0119ga nawet 30 km. Po raz pierwszy zabrzmia\u0142 13 lipca 1521 roku tu\u017c przed 111. rocznic\u0105 bitwy pod Grunwaldem; s\u0142ucha\u0142y go zapewne tysi\u0105ce ludzi, a tak\u017ce jego fundator \u2013 kr\u00f3l Zygmunt Stary.<\/p>\n<p>&nbsp;<\/p>\n<p>Pi\u0119\u0107setn\u0105 rocznic\u0119 tego wydarzenia Krak\u00f3w uroczy\u015bcie \u015bwi\u0119towa\u0142 od 28 czerwca do 13 lipca 2021 roku pod patronatem Prezydenta Rzeczypospolitej Polskiej Andrzeja Dudy. W auli Wy\u017cszego Seminarium Duchownego Archidiecezji Krakowskiej odby\u0142o si\u0119 dwudniowe sympozjum naukowe. W czasie tego spotkania z udzia\u0142em kilkudziesi\u0119ciu os\u00f3b, w tym tak\u017ce go\u015bci z Litwy i Czech, zainaugurowanego wys\u0142uchaniem d\u017awi\u0119ku Zygmunta, wyg\u0142oszono interesuj\u0105ce referaty po\u015bwi\u0119cone historii kr\u00f3lewskiego dzwonu i ukazaniu jego znaczenia w dziejach pa\u0144stwa i narodu polskiego. W\u015br\u00f3d autor\u00f3w referat\u00f3w znale\u017ali si\u0119 m.in. specjali\u015bci z dziedziny akustyki, dendrologii, sztuki ciesielskiej, metalurgii, ukazuj\u0105c mniej znane aspekty historii Zygmunta. Jeden z referat\u00f3w dotyczy\u0142 tak\u017ce \u201ebrata\u201d wawelskiego Zygmunta z dzwonnicy katedry \u015bw. Stanis\u0142awa w Wilnie.<\/p>\n<p>&nbsp;<\/p>\n<p><em>Ka\u017cdy dzwon ko\u015bcielny ma w swym \u017cyciu trzy momenty inicjacyjne<\/em> \u2013 zaznaczy\u0142 w powitalnym wyst\u0105pieniu prof. Mieczys\u0142aw Rokosz, inicjator i organizator sympozjum, wawelski dzwonnik \u2013<em> wydobycie odlanego dzwonu z jamy odlewniczej, nast\u0119pnie jego konsekracja i chrzest w uroczystym obrz\u0119dzie liturgicznym i wyd\u017awigni\u0119cie go na wie\u017c\u0119, zawieszenie i pierwsze dzwonienie<\/em>. W\u0142a\u015bnie zawieszenie dzwonu w 1521 roku by\u0142o okazj\u0105 do kilkudniowych krakowskich uroczysto\u015bci. W ramach sympozjum by\u0142a tak\u017ce mo\u017cliwo\u015b\u0107 zwiedzania wawelskiej katedry i Wie\u017cy Zygmuntowskiej, gdzie jest zawieszony Zygmunt wraz z kilkoma innymi dzwonami, oraz Wie\u017cy Wikaryjskiej, zwanej tak\u017ce Wie\u017c\u0105 Srebrnych Dzwon\u00f3w. Zygmunt odezwa\u0142 si\u0119 na koniec sympozjum w dniu 29 czerwca, w uroczysto\u015b\u0107 \u015bw. Piotra i Paw\u0142a.<\/p>\n<p>&nbsp;<\/p>\n<p>W ramach obchod\u00f3w jubileuszu 500-lecia dzwonu, w dniu 13 lipca, odby\u0142a si\u0119 d\u017awi\u0119kowo-wizualna rekonstrukcja zawieszenia dzwonu (w postaci plenerowej inscenizacji), a zygmuntowski korow\u00f3d by\u0142 kulminacyjnym punktem rocznicowych uroczysto\u015bci. By\u0142a to barwna parada od Barbakanu, ulic\u0105 Floria\u0144sk\u0105, przez Rynek G\u0142\u00f3wny pod Wawel, z udzia\u0142em aktor\u00f3w wyst\u0119puj\u0105cych w strojach z epoki, tancerzy, muzyk\u00f3w, Bractwa Kurkowego \u2013 wielkie widowisko przybli\u017caj\u0105ce renesansowy \u015bwiat ta\u0144c\u00f3w i zabaw. G\u0142\u00f3wnym elementem korowodu by\u0142a replika Zygmunta wieziona specjalnie przygotowanym pojazdem na Wawel. Oddzielnie niesiono serce dzwonu. Pod wie\u017c\u0105 ratuszow\u0105 na Rynku G\u0142\u00f3wnym mia\u0142 miejsce spektakl baletu Cracovia Danza pt. <em>Kiedy ta\u0144cz\u0105 dzwony<\/em>. W czasie wakacji mo\u017cna by\u0142o ogl\u0105da\u0107 replik\u0119 dzwonu, wyeksponowan\u0105 w r\u00f3\u017cnych punktach miasta. Inn\u0105 jubileuszow\u0105 atrakcj\u0105 jest wystawiony na Wawelu obraz Jana Matejki <em>Zawieszenie dzwonu Zygmunta<\/em>, datowany na rok 1874, wypo\u017cyczony z Muzeum Narodowego w Warszawie. Organizatorem rocznicowych uroczysto\u015bci\u00a0 by\u0142o miasto Krak\u00f3w, Zamek Kr\u00f3lewski na Wawelu, Katedra Wawelska, Dom Norymberski w Krakowie i Ma\u0142opolska Organizacja Turystyczna.<\/p>\n<p>&nbsp;<\/p>\n<p>Zygmunt dzwoni ju\u017c 500 lat, jednak\u017ce nast\u0119puje powolne zu\u017cywanie materia\u0142u, z kt\u00f3rego zbudowany jest klosz dzwonu w miejscu uderze\u0144 jego serca. Wed\u0142ug najnowszych bada\u0144 dzwon wytrzyma nast\u0119pne 500 lat, p\u00f3\u017aniej mo\u017cna go obr\u00f3ci\u0107 o 90<sup>o<\/sup>, by serce mog\u0142o uderza\u0107 w nowe miejsca jeszcze przez kolejne 1 000 lat!<\/p>\n<p>&nbsp;<\/p>\n<p><em>Tekst<\/em> J\u00f3zef Partyka<\/p>\n<p><em>\u00a0\u00a0<\/em><\/p>\n<p><a href=\"https:\/\/turysta2.pttk.pl\/wp-content\/uploads\/2021\/12\/Zawieszenie-dwonu-Zygmunta-na-wiezy-katerdy-na-Wawelu-w-Krakowie-w-1521-roku.-Jan-Matejko-1838-1893.-Ze-zbiorow-Muzeum-Narodowego-w-warszawie-1.tif\"><img loading=\"lazy\" decoding=\"async\" class=\"size-medium wp-image-27092\" src=\"https:\/\/turysta2.pttk.pl\/wp-content\/uploads\/2021\/12\/Zawieszenie-dwonu-Zygmunta-na-wiezy-katerdy-na-Wawelu-w-Krakowie-w-1521-roku.-Jan-Matejko-1838-1893.-Ze-zbiorow-Muzeum-Narodowego-w-warszawie-1.tif\" alt=\"\" width=\"1\" height=\"1\" \/><\/a><\/p>\n<p>&nbsp;<\/p>\n","protected":false},"excerpt":{"rendered":"&nbsp; &nbsp; Dzwon Zygmunta \u2013 jego majestatyczny g\u0142os dochodzi a\u017c do Wielkanocy\u2026 Mowa, oczywi\u015bcie, o po\u0142o\u017conej niedaleko Krakowa wsi Wielkanoc, w kt\u00f3rej podobno mo\u017cna go us\u0142ysze\u0107. Wprawiany jest w ruch przez 12 dzwonnik\u00f3w, kt\u00f3rzy poci\u0105gaj\u0105c za konopne liny, mog\u0105 rozko\u0142ysa\u0107 kolosa w g\u0142\u00f3wne \u015bwi\u0119ta ko\u015bcielne, w rocznice najwa\u017cniejszych wydarze\u0144 oraz w \u015bwi\u0119ta narodowe \u2013 3 Maja i 11 Listopada. Jest&nbsp;<a href=\"https:\/\/turysta2.pttk.pl\/?p=27086\" class=\"read-more\">Continue Reading<\/a>","protected":false},"author":5,"featured_media":0,"comment_status":"closed","ping_status":"closed","sticky":false,"template":"","format":"gallery","meta":{"footnotes":""},"categories":[92,5],"tags":[],"class_list":["post-27086","post","type-post","status-publish","format-gallery","hentry","category-polecamy","category-a-to-polska-wlasnie","post_format-post-format-gallery","cat-92-id","cat-5-id"],"aioseo_notices":[],"_links":{"self":[{"href":"https:\/\/turysta2.pttk.pl\/index.php?rest_route=\/wp\/v2\/posts\/27086","targetHints":{"allow":["GET"]}}],"collection":[{"href":"https:\/\/turysta2.pttk.pl\/index.php?rest_route=\/wp\/v2\/posts"}],"about":[{"href":"https:\/\/turysta2.pttk.pl\/index.php?rest_route=\/wp\/v2\/types\/post"}],"author":[{"embeddable":true,"href":"https:\/\/turysta2.pttk.pl\/index.php?rest_route=\/wp\/v2\/users\/5"}],"replies":[{"embeddable":true,"href":"https:\/\/turysta2.pttk.pl\/index.php?rest_route=%2Fwp%2Fv2%2Fcomments&post=27086"}],"version-history":[{"count":5,"href":"https:\/\/turysta2.pttk.pl\/index.php?rest_route=\/wp\/v2\/posts\/27086\/revisions"}],"predecessor-version":[{"id":27382,"href":"https:\/\/turysta2.pttk.pl\/index.php?rest_route=\/wp\/v2\/posts\/27086\/revisions\/27382"}],"wp:attachment":[{"href":"https:\/\/turysta2.pttk.pl\/index.php?rest_route=%2Fwp%2Fv2%2Fmedia&parent=27086"}],"wp:term":[{"taxonomy":"category","embeddable":true,"href":"https:\/\/turysta2.pttk.pl\/index.php?rest_route=%2Fwp%2Fv2%2Fcategories&post=27086"},{"taxonomy":"post_tag","embeddable":true,"href":"https:\/\/turysta2.pttk.pl\/index.php?rest_route=%2Fwp%2Fv2%2Ftags&post=27086"}],"curies":[{"name":"wp","href":"https:\/\/api.w.org\/{rel}","templated":true}]}}