{"id":27073,"date":"2021-12-15T13:36:39","date_gmt":"2021-12-15T11:36:39","guid":{"rendered":"https:\/\/turysta2.pttk.pl\/?p=27073"},"modified":"2021-12-15T13:41:41","modified_gmt":"2021-12-15T11:41:41","slug":"konferencja-przedkongresowa-w-siedlcach","status":"publish","type":"post","link":"https:\/\/turysta2.pttk.pl\/?p=27073","title":{"rendered":"Konferencja przedkongresowa w Siedlcach"},"content":{"rendered":"<p>&nbsp;<\/p>\n<p>W dniach 19-20 czerwca 2021 roku w Siedlcach odby\u0142a si\u0119 zorganizowana przez Oddzia\u0142 PTTK \u201ePodlasie\u201d w Siedlcach Konferencja przedkongresowa pt. \u201eW odnajdywaniu to\u017csamo\u015bci\u201d, pod honorowymi patronatami Marsza\u0142ka Wojew\u00f3dztwa Mazowieckiego Adama Struzika oraz Prezydenta Miasta Siedlce Andrzeja Sitnika. Przedsi\u0119wzi\u0119cie mia\u0142o miejsce w gmachu Mazowieckiego Samorz\u0105dowego Centrum Doskonalenia Nauczycieli.<\/p>\n<p>Celem konferencji by\u0142o wypracowanie materia\u0142\u00f3w na VII Kongres Krajoznawstwa Polskiego, kt\u00f3ry odb\u0119dzie si\u0119 w \u0141odzi pod has\u0142em \u201eKrajoznawstwo wobec tradycji i wyzwa\u0144 wsp\u00f3\u0142czesno\u015bci\u201d. Z uwagi na pandemi\u0119 termin Kongresu zosta\u0142 przesuni\u0119ty na rok 2022. Ponadto, wa\u017cnym elementem konferencji by\u0142o uczczenie jubileuszu 70-lecia Polskiego Towarzystwa Turystyczno-Krajoznawczego oraz przypomnienie postaci J\u00f3zefa Mikulskiego z okazji 50. rocznicy jego \u015bmierci; prezesa Zarz\u0105du Oddzia\u0142u w latach 1959\u20131967, wybitnego nauczyciela, pedagoga, krajoznawcy, odkrywcy grodzisk na Mazowszu.<\/p>\n<p>Wsp\u00f3\u0142organizatorami konferencji by\u0142o Mazowieckie Forum Oddzia\u0142\u00f3w PTTK i dzia\u0142aj\u0105ce przy Oddziale Ko\u0142o Przewodnik\u00f3w Terenowych i Pilot\u00f3w PTTK im. Marii \u017byburowej, kt\u00f3re \u015bwi\u0119towa\u0142o sw\u00f3j jubileusz 50-lecia dzia\u0142alno\u015bci. Konferencj\u0119 zorganizowano przy wsp\u00f3\u0142udziale partner\u00f3w: Muzeum Regionalnego w Siedlcach, Siedleckiego Stowarzyszenia Spo\u0142eczno-Kulturalnego \u201eBrama\u201d, Oddzia\u0142u Mazowieckiego Polskiej Izby Produktu Regionalnego i Lokalnego, Dworu Mo\u015bcibrody oraz Nadbu\u017ca\u0144skiej Lokalnej Organizacji Turystycznej.<\/p>\n<p>Uczestnicy konferencji: przewodnicy, krajoznawcy i tury\u015bci mieli okazj\u0119 wzi\u0105\u0107 udzia\u0142 w wycieczkach krajoznawczych, kt\u00f3re spo\u0142ecznie poprowadzili siedleccy przewodnicy PTTK: Eugeniusz Skorupka i Urszula Obr\u0119palska. Decyzj\u0105 Kapitu\u0142y Odznacze\u0144 ZG PTTK uhonorowano prezes Zarz\u0105du Ko\u0142a Dorot\u0119 M\u0105czk\u0119 odznak\u0105 \u201eZas\u0142u\u017cony w pracy PTTK w\u015br\u00f3d M\u0142odzie\u017cy\u201d w stopniu z\u0142otym, a odznak\u0105 w stopniu srebrnym \u2013 J\u00f3zefa Dum\u0119, przewodnika PTTK i prezesa Komisji Rewizyjnej Oddzia\u0142u. Decyzj\u0105 Komisji Przewodnickiej ZG PTTK odznak\u0105 \u201eZas\u0142u\u017cony Przewodnik PTTK\u201d zostali uhonorowani Stanis\u0142aw Czajka i Eugeniusz Skorupka. Wyr\u00f3\u017cniaj\u0105cym si\u0119 w pracy spo\u0142ecznej przewodnikom listy gratulacyjne wr\u0119czy\u0142 Prezydent Miasta Siedlce Andrzej Sitnik. Listy te otrzymali: Dorota M\u0105czka, Janusz Malewicz, Stanis\u0142aw Czajka, Eugeniusz Skorupka, ks. Jerzy Grochowski, Dariusz Piwowarczyk, Natalia Zy\u015bk, S\u0142awomir Kordaczuk, J\u00f3zef Duma, Jerzy Chromik, Ma\u0142gorzata Borkowska, Urszula Obr\u0119palska i Agnieszka Szarek-Kozaczuk.<\/p>\n<p>Jak powiedzia\u0142a prowadz\u0105ca konferencj\u0119 Anna Kirchner, prezes Zarz\u0105du Oddzia\u0142u, przygotowania do konferencji by\u0142y do\u015b\u0107 stresuj\u0105ce, bowiem wydarzenie to by\u0142o zaplanowane i dopi\u0119te na ostatni guzik w marcu ubieg\u0142ego roku, a z powodu pandemii termin jego realizacji przek\u0142adano trzykrotnie. Dodatkowym utrudnieniem by\u0142y zmieniaj\u0105ce si\u0119 przepisy dotycz\u0105ce limitu dozwolonej liczby uczestnik\u00f3w konferencji, co w po\u0142\u0105czeniu z wielko\u015bci\u0105 sali i konieczno\u015bci\u0105 zachowania odpowiedniego dystansu, wymusi\u0142o ograniczenie tej liczby do 80 os\u00f3b. Organizator\u00f3w cieszy fakt, \u017ce poza jednym wyj\u0105tkiem, przybyli wszyscy prelegenci, a referat nieobecnej prof. Violetty Machnickiej uda\u0142o si\u0119 wydrukowa\u0107 i przekaza\u0107 wszystkim uczestnikom. Za\u0142o\u017ceniem organizator\u00f3w jest, aby wszystkie referaty z uwagi na ich ciekaw\u0105 tre\u015b\u0107, a zw\u0142aszcza warto\u015bci poznawcze, ukaza\u0142y si\u0119 w formie wydawniczej jako materia\u0142y pokonferencyjne do wykorzystania na VII Kongresie Krajoznawstwa Polskiego.<\/p>\n<p>&nbsp;<\/p>\n<p>Tre\u015bci zawarte wyst\u0105pieniach prelegent\u00f3w by\u0142y niezwykle ciekawe i r\u00f3\u017cnorodne. Dorota M\u0105czka wyg\u0142osi\u0142a referat na temat 50-tej rocznicy istnienia Ko\u0142a Przewodnik\u00f3w Terenowych i Pilot\u00f3w im. Marii \u017byburowej.<br \/>\nO ciekawostkach historycznych, turystycznych i przyrodniczych pogranicza Podlasia, Mazowsza i Lubelszczyzny m\u00f3wi\u0142 S\u0142awomir Kordaczuk, prezentuj\u0105c tak\u017ce przyk\u0142ady tras wycieczkowych do zwiedzania. Wa\u017cny temat, jakim jest znaczenie Traktu Brzeskiego w historii i rozwoju ziem Wschodniego Mazowsza i zachodniej cz\u0119\u015bci Po\u0142udniowego Podlasia w 200-lecie budowy poruszy\u0142 Stanis\u0142aw Czajka, za\u015b Wojciech Radzikowski podzieli\u0142 si\u0119 wiedz\u0105 \u00a0\u00a0o kulinarnym dziedzictwie i znaczeniu produktu regionalnego i lokalnego w turystyce. Anna Kirchner<br \/>\nw swym referacie przedstawi\u0142a sylwetk\u0119 J\u00f3zefa Mikulskiego \u2013 odkrywc\u0119 grodzisk na Mazowszu, za\u015b Andrzej Gordon wyg\u0142osi\u0142 referat pt. \u201eW odnajdywaniu to\u017csamo\u015bci\u201d.<\/p>\n<p>Urz\u0105d Marsza\u0142kowski reprezentowa\u0142a Izabela Stelma\u0144ska, zast\u0119pca dyrektora Departamentu Kultury Promocji i Turystyki Urz\u0119du Marsza\u0142kowskiego Wojew\u00f3dztwa Mazowieckiego, za\u015b Miasto Siedlce \u2013 prezydent Andrzej Sitnik. Gmin\u0119 Siedlce reprezentowa\u0142 w\u00f3jt gminy dr Henryk Brodowski, Zarz\u0105d G\u0142\u00f3wny PTTK \u2013 prof. Jacek Potocki, cz\u0142onek Komitetu Naukowego VII Kongresu Krajoznawstwa Polskiego. Przedstawicielem Mazowieckiego Forum Oddzia\u0142\u00f3w PTTK byli: Joanna Lipi\u0144ska i Mieczys\u0142aw \u017bochowski. Muzeum Regionalne<br \/>\nw Siedlcach reprezentowa\u0142 S\u0142awomir Kordaczuk, Siedleckie Stowarzyszenie Spo\u0142eczno-Kulturalne \u201eBrama\u201d \u2013 Zbigniew Piwo\u0144ski i Ewa Frymus, Oddzia\u0142 Mazowiecki Polskiej Izby Produktu Regionalnego i Lokalnego \u2013 Wojciech Radzikowski, Dw\u00f3r Mo\u015bcibrody \u2013 Ma\u0142gorzata Borkowska, Nadbu\u017ca\u0144sk\u0105 Lokaln\u0105 Organizacj\u0119 Turystyczn\u0105 \u2013 Andrzej Brochocki.<\/p>\n<p>&nbsp;<\/p>\n<p><em>Tekst<\/em> Anna Kirchner<\/p>\n","protected":false},"excerpt":{"rendered":"&nbsp; W dniach 19-20 czerwca 2021 roku w Siedlcach odby\u0142a si\u0119 zorganizowana przez Oddzia\u0142 PTTK \u201ePodlasie\u201d w Siedlcach Konferencja przedkongresowa pt. \u201eW odnajdywaniu to\u017csamo\u015bci\u201d, pod honorowymi patronatami Marsza\u0142ka Wojew\u00f3dztwa Mazowieckiego Adama Struzika oraz Prezydenta Miasta Siedlce Andrzeja Sitnika. Przedsi\u0119wzi\u0119cie mia\u0142o miejsce w gmachu Mazowieckiego Samorz\u0105dowego Centrum Doskonalenia Nauczycieli. Celem konferencji by\u0142o wypracowanie materia\u0142\u00f3w na VII Kongres Krajoznawstwa Polskiego, kt\u00f3ry odb\u0119dzie&nbsp;<a href=\"https:\/\/turysta2.pttk.pl\/?p=27073\" class=\"read-more\">Continue Reading<\/a>","protected":false},"author":5,"featured_media":0,"comment_status":"closed","ping_status":"closed","sticky":false,"template":"","format":"gallery","meta":{"footnotes":""},"categories":[78,14],"tags":[],"class_list":["post-27073","post","type-post","status-publish","format-gallery","hentry","category-konferencje-szkolenia","category-krajoznawstwo","post_format-post-format-gallery","cat-78-id","cat-14-id"],"aioseo_notices":[],"_links":{"self":[{"href":"https:\/\/turysta2.pttk.pl\/index.php?rest_route=\/wp\/v2\/posts\/27073","targetHints":{"allow":["GET"]}}],"collection":[{"href":"https:\/\/turysta2.pttk.pl\/index.php?rest_route=\/wp\/v2\/posts"}],"about":[{"href":"https:\/\/turysta2.pttk.pl\/index.php?rest_route=\/wp\/v2\/types\/post"}],"author":[{"embeddable":true,"href":"https:\/\/turysta2.pttk.pl\/index.php?rest_route=\/wp\/v2\/users\/5"}],"replies":[{"embeddable":true,"href":"https:\/\/turysta2.pttk.pl\/index.php?rest_route=%2Fwp%2Fv2%2Fcomments&post=27073"}],"version-history":[{"count":1,"href":"https:\/\/turysta2.pttk.pl\/index.php?rest_route=\/wp\/v2\/posts\/27073\/revisions"}],"predecessor-version":[{"id":27079,"href":"https:\/\/turysta2.pttk.pl\/index.php?rest_route=\/wp\/v2\/posts\/27073\/revisions\/27079"}],"wp:attachment":[{"href":"https:\/\/turysta2.pttk.pl\/index.php?rest_route=%2Fwp%2Fv2%2Fmedia&parent=27073"}],"wp:term":[{"taxonomy":"category","embeddable":true,"href":"https:\/\/turysta2.pttk.pl\/index.php?rest_route=%2Fwp%2Fv2%2Fcategories&post=27073"},{"taxonomy":"post_tag","embeddable":true,"href":"https:\/\/turysta2.pttk.pl\/index.php?rest_route=%2Fwp%2Fv2%2Ftags&post=27073"}],"curies":[{"name":"wp","href":"https:\/\/api.w.org\/{rel}","templated":true}]}}