{"id":26850,"date":"2021-05-11T00:15:22","date_gmt":"2021-05-10T22:15:22","guid":{"rendered":"https:\/\/turysta2.pttk.pl\/?p=26850"},"modified":"2023-03-27T11:38:04","modified_gmt":"2023-03-27T09:38:04","slug":"przewodnictwo-w-czasie-bezturystycznym","status":"publish","type":"post","link":"https:\/\/turysta2.pttk.pl\/?p=26850","title":{"rendered":"Przewodnictwo w czasie bezturystycznym"},"content":{"rendered":"<p>Ponad rok temu, na pocz\u0105tku marca, us\u0142yszeli\u015bmy o pierwszej osobie w Polsce, u kt\u00f3rej potwierdzono zaka\u017cenie koronawirusem. W ci\u0105gu nast\u0119pnych miesi\u0119cy kilkukrotnie zamykano m.in. hotele, restauracje, muzea i inne instytucje kultury. Kryzys zwi\u0105zany z trwaj\u0105c\u0105 pandemi\u0105 dotkn\u0105\u0142 wiele firm turystycznych, uderzaj\u0105c bezpo\u015brednio w przewodnik\u00f3w i przewodniczki. Nowa rzeczywisto\u015b\u0107 podyktowa\u0142a pewne rozwi\u0105zania, w kt\u00f3rych \u2013 chc\u0105c nie chc\u0105c \u2013 musimy si\u0119 odnale\u017a\u0107.<\/p>\n<p>Chc\u0105c podsumowa\u0107 mijaj\u0105cy rok Komisja Przewodnicka ZG PTTK przygotowa\u0142a trzy spotkania on-line, zorganizowane pod has\u0142em \u201ePrzewodnictwo w czasie bezturystycznym\u201d. Webinar odby\u0142 si\u0119 w pi\u0105tek i sobot\u0119, 19-20 marca 2021 r.<\/p>\n<p>Pierwszego dnia kol. Swiet\u0142ana Koniuszewska, przewodnicz\u0105ca Komisji Przewodnickiej ZG PTTK i koordynatorka zespo\u0142\u00f3w ds. opisu kwalifikacji przewodnickich przedstawi\u0142a koncepcj\u0119 Zintegrowanego Systemu Kwalifikacji w przewodnictwie. By\u0142o to podsumowanie wielomiesi\u0119cznych przygotowa\u0144 przewodnickiego projektu o uznanie polskich kwalifikacji przewodnickich na wewn\u0119trznym rynku Unii Europejskiej.<\/p>\n<p>Dzie\u0144 p\u00f3\u017aniej kol. Arkadiusz Zygmunt z Ko\u0142a Przewodnik\u00f3w Miejskich i Terenowych w Gdyni i prawnik z kancelarii Kanclex \u2013 Prawo i Mediacje przedstawi\u0142 \u201es\u0142\u00f3w kilka o prawie dla przewodnik\u00f3w w czasach pandemii\u201d. W trakcie wyst\u0105pienia poruszy\u0142 wa\u017cne tematy, takie jak cho\u0107by zwi\u0105zane aktualn\u0105 sytuacj\u0105 epidemiczn\u0105 przepisy prawne i obowi\u0105zuj\u0105ce obostrzenia dotycz\u0105ce pracy przewodnika.<\/p>\n<p>Jako ostatni wyst\u0105pi\u0142 kol. Krzysztof Olkusz z Ko\u0142a Przewodnik\u00f3w Turystycznych im. Rajmunda Rembieli\u0144skiego w \u0141odzi i w\u0142a\u015bciciel firmy Krzysztof Olkusz Absolutnie Turystycznie. Opowiada\u0142 on o tym, jak w obecnej, nowej rzeczywisto\u015bci przewodnik mo\u017ce pracowa\u0107 inaczej: wymy\u015bla\u0107 nowe sposoby swojej pracy, poszerza\u0107 kompetencje i pr\u00f3bowa\u0107 podtrzyma\u0107 kontakt z turyst\u0105.<\/p>\n<p>Transmisje ze wszystkich spotka\u0144 by\u0142y prowadzone na \u017cywo za po\u015brednictwem facebookowej strony Przewodnicy turystyczni PTTK. Ka\u017cdej prezentacji towarzyszy\u0142a dyskusja, a pytania prowadz\u0105cym m\u00f3g\u0142 zada\u0107 ka\u017cdy, wpisuj\u0105c ich tre\u015b\u0107 w komentarzach.<\/p>\n<p>Webinar cieszy\u0142 si\u0119 du\u017cym zainteresowaniem: facebookowe zasi\u0119gi wskazuj\u0105 na ponad 6 tysi\u0119cy os\u00f3b, do kt\u00f3rych dotar\u0142a o nim informacja, a ka\u017cd\u0105 prezentacj\u0119 ogl\u0105da\u0142o od 70 do ponad 100 os\u00f3b. Ich pozytywny odbi\u00f3r pokaza\u0142, jak wa\u017cne s\u0105 takie wydarzenia. Organizatorzy zapewniaj\u0105, \u017ce je\u015bli pojawi\u0105 si\u0119 propozycje kolejnych temat\u00f3w, to w przysz\u0142o\u015bci odb\u0119d\u0105 si\u0119 podobne spotkania. Propozycje mo\u017cna zg\u0142asza\u0107 poprzez fanpage na FB lub mailowo na adres: <a href=\"mailto:poczta@przewodnicy.pttk.pl\">poczta@przewodnicy.pttk.pl<\/a><\/p>\n<p>&nbsp;<\/p>\n<p><strong>Kwalifikacja w zawodzie przewodnika. O co w tym chodzi?<\/strong><br \/>\n<em><video style=\"max-width: 620px;\" controls=\"controls\" width=\"900\" height=\"450\"><source src=\"http:\/\/www.przewodnicy.pttk.pl\/pliki\/filmy\/01-kwalifikacje-w-zawodzie-przewodnika.mp4\" type=\"video\/mp4\" \/><\/video><\/em><br \/>\n<em>Prowadz\u0105ca: kol. Swiet\u0142ana Koniuszewska, przewodnicz\u0105ca Komisji Przewodnickiej ZG PTTK, koordynatorka zespo\u0142\u00f3w ds. opisu kwalifikacji przewodnickich.<\/em><br \/>\n<a href=\"http:\/\/www.przewodnicy.pttk.pl\/pliki\/filmy\/01-kwalifikacje-w-zawodzie-przewodnika.mp4\" target=\"_blank\" rel=\"noopener noreferrer\"><strong>Link do filmu.<\/strong><\/a><\/p>\n<p>&nbsp;<\/p>\n<p><strong>S\u0142\u00f3w kilka o prawie dla przewodnik\u00f3w w czasach pandemii<\/strong><br \/>\n<em><video style=\"max-width: 620px;\" controls=\"controls\" width=\"900\" height=\"450\"><source src=\"http:\/\/www.przewodnicy.pttk.pl\/pliki\/filmy\/02-slow-kilka-o-prawie-dla-przewodnikow.mp4\" type=\"video\/mp4\" \/><\/video><\/em><br \/>\n<em>Prowadz\u0105cy: kol. Arkadiusz Zygmunt z Ko\u0142a Przewodnik\u00f3w Miejskich i Terenowych przy OMW PTTK w Gdyni, prawnik z kancelarii Kanclex - Prawo i Mediacje.<\/em><br \/>\n<a href=\"http:\/\/www.przewodnicy.pttk.pl\/pliki\/filmy\/02-slow-kilka-o-prawie-dla-przewodnikow.mp4\" target=\"_blank\" rel=\"noopener noreferrer\"><strong>Link do filmu.<\/strong><\/a><\/p>\n<p>&nbsp;<\/p>\n<p><strong>Wymy\u015blaj\u0105c siebie na nowo, czyli przewodnik pracuje inaczej<\/strong><br \/>\n<em><video style=\"max-width: 620px;\" controls=\"controls\" width=\"900\" height=\"450\"><source src=\"http:\/\/przewodnicy.pttk.pl\/pliki\/filmy\/03-wymyslajac-siebie-na-nowo.mp4\" type=\"video\/mp4\" \/><\/video><\/em><br \/>\n<em>Prowadz\u0105cy: kol. Krzysztof Olkusz z Ko\u0142a Przewodnik\u00f3w Turystycznych im. Rajmunda Rembieli\u0144skiego w \u0141odzi, w\u0142a\u015bciciel firmy Krzysztof Olkusz Absolutnie Turystycznie.<\/em><br \/>\n<a href=\"http:\/\/przewodnicy.pttk.pl\/pliki\/filmy\/03-wymyslajac-siebie-na-nowo.mp4\" target=\"_blank\" rel=\"noopener noreferrer\" type=\"video\/mp4\"><strong>Link do filmu.<\/strong><\/a><\/p>\n","protected":false},"excerpt":{"rendered":"Ponad rok temu, na pocz\u0105tku marca, us\u0142yszeli\u015bmy o pierwszej osobie w Polsce, u kt\u00f3rej potwierdzono zaka\u017cenie koronawirusem. W ci\u0105gu nast\u0119pnych miesi\u0119cy kilkukrotnie zamykano m.in. hotele, restauracje, muzea i inne instytucje kultury. Kryzys zwi\u0105zany z trwaj\u0105c\u0105 pandemi\u0105 dotkn\u0105\u0142 wiele firm turystycznych, uderzaj\u0105c bezpo\u015brednio w przewodnik\u00f3w i przewodniczki. Nowa rzeczywisto\u015b\u0107 podyktowa\u0142a pewne rozwi\u0105zania, w kt\u00f3rych \u2013 chc\u0105c nie chc\u0105c \u2013 musimy si\u0119&nbsp;<a href=\"https:\/\/turysta2.pttk.pl\/?p=26850\" class=\"read-more\">Continue Reading<\/a>","protected":false},"author":4,"featured_media":26855,"comment_status":"closed","ping_status":"closed","sticky":false,"template":"","format":"standard","meta":{"footnotes":""},"categories":[1],"tags":[],"class_list":["post-26850","post","type-post","status-publish","format-standard","has-post-thumbnail","hentry","category-bez-kategorii","cat-1-id"],"aioseo_notices":[],"_links":{"self":[{"href":"https:\/\/turysta2.pttk.pl\/index.php?rest_route=\/wp\/v2\/posts\/26850","targetHints":{"allow":["GET"]}}],"collection":[{"href":"https:\/\/turysta2.pttk.pl\/index.php?rest_route=\/wp\/v2\/posts"}],"about":[{"href":"https:\/\/turysta2.pttk.pl\/index.php?rest_route=\/wp\/v2\/types\/post"}],"author":[{"embeddable":true,"href":"https:\/\/turysta2.pttk.pl\/index.php?rest_route=\/wp\/v2\/users\/4"}],"replies":[{"embeddable":true,"href":"https:\/\/turysta2.pttk.pl\/index.php?rest_route=%2Fwp%2Fv2%2Fcomments&post=26850"}],"version-history":[{"count":11,"href":"https:\/\/turysta2.pttk.pl\/index.php?rest_route=\/wp\/v2\/posts\/26850\/revisions"}],"predecessor-version":[{"id":26862,"href":"https:\/\/turysta2.pttk.pl\/index.php?rest_route=\/wp\/v2\/posts\/26850\/revisions\/26862"}],"wp:featuredmedia":[{"embeddable":true,"href":"https:\/\/turysta2.pttk.pl\/index.php?rest_route=\/wp\/v2\/media\/26855"}],"wp:attachment":[{"href":"https:\/\/turysta2.pttk.pl\/index.php?rest_route=%2Fwp%2Fv2%2Fmedia&parent=26850"}],"wp:term":[{"taxonomy":"category","embeddable":true,"href":"https:\/\/turysta2.pttk.pl\/index.php?rest_route=%2Fwp%2Fv2%2Fcategories&post=26850"},{"taxonomy":"post_tag","embeddable":true,"href":"https:\/\/turysta2.pttk.pl\/index.php?rest_route=%2Fwp%2Fv2%2Ftags&post=26850"}],"curies":[{"name":"wp","href":"https:\/\/api.w.org\/{rel}","templated":true}]}}