{"id":26829,"date":"2021-04-30T13:31:20","date_gmt":"2021-04-30T11:31:20","guid":{"rendered":"https:\/\/turysta2.pttk.pl\/?p=26829"},"modified":"2021-04-30T13:34:20","modified_gmt":"2021-04-30T11:34:20","slug":"dwie-imprezy-piesze-zarnowskich-turystow","status":"publish","type":"post","link":"https:\/\/turysta2.pttk.pl\/?p=26829","title":{"rendered":"Dwie imprezy piesze \u017carnowskich turyst\u00f3w"},"content":{"rendered":"\n\t\t<style type=\"text\/css\">\n\t\t\t#gallery-1 {\n\t\t\t\tmargin: auto;\n\t\t\t}\n\t\t\t#gallery-1 .gallery-item {\n\t\t\t\tfloat: left;\n\t\t\t\tmargin-top: 10px;\n\t\t\t\ttext-align: center;\n\t\t\t\twidth: 33%;\n\t\t\t}\n\t\t\t#gallery-1 img {\n\t\t\t\tborder: 2px solid #cfcfcf;\n\t\t\t}\n\t\t\t#gallery-1 .gallery-caption {\n\t\t\t\tmargin-left: 0;\n\t\t\t}\n\t\t\t\/* see gallery_shortcode() in wp-includes\/media.php *\/\n\t\t<\/style>\n\t\t<div id='gallery-1' class='gallery galleryid-26829 gallery-columns-3 gallery-size-thumbnail'><dl class='gallery-item'>\n\t\t\t<dt class='gallery-icon landscape'>\n\t\t\t\t<a href='https:\/\/turysta2.pttk.pl\/?attachment_id=26830'><img loading=\"lazy\" decoding=\"async\" width=\"150\" height=\"150\" src=\"https:\/\/turysta2.pttk.pl\/wp-content\/uploads\/2021\/04\/DSCN0220-150x150.jpg\" class=\"attachment-thumbnail size-thumbnail\" alt=\"\" \/><\/a>\n\t\t\t<\/dt><\/dl><dl class='gallery-item'>\n\t\t\t<dt class='gallery-icon landscape'>\n\t\t\t\t<a href='https:\/\/turysta2.pttk.pl\/?attachment_id=26831'><img loading=\"lazy\" decoding=\"async\" width=\"150\" height=\"150\" src=\"https:\/\/turysta2.pttk.pl\/wp-content\/uploads\/2021\/04\/178669643_497897241655912_8501245604664367187_n-150x150.jpg\" class=\"attachment-thumbnail size-thumbnail\" alt=\"\" \/><\/a>\n\t\t\t<\/dt><\/dl><dl class='gallery-item'>\n\t\t\t<dt class='gallery-icon landscape'>\n\t\t\t\t<a href='https:\/\/turysta2.pttk.pl\/?attachment_id=26832'><img loading=\"lazy\" decoding=\"async\" width=\"150\" height=\"150\" src=\"https:\/\/turysta2.pttk.pl\/wp-content\/uploads\/2021\/04\/178205625_282869813558641_512975184871975006_n-150x150.jpg\" class=\"attachment-thumbnail size-thumbnail\" alt=\"\" \/><\/a>\n\t\t\t<\/dt><\/dl><br style=\"clear: both\" \/><dl class='gallery-item'>\n\t\t\t<dt class='gallery-icon landscape'>\n\t\t\t\t<a href='https:\/\/turysta2.pttk.pl\/?attachment_id=26833'><img loading=\"lazy\" decoding=\"async\" width=\"150\" height=\"150\" src=\"https:\/\/turysta2.pttk.pl\/wp-content\/uploads\/2021\/04\/177314294_163922572310391_1219413396835763901_n-150x150.jpg\" class=\"attachment-thumbnail size-thumbnail\" alt=\"\" \/><\/a>\n\t\t\t<\/dt><\/dl><dl class='gallery-item'>\n\t\t\t<dt class='gallery-icon portrait'>\n\t\t\t\t<a href='https:\/\/turysta2.pttk.pl\/?attachment_id=26834'><img loading=\"lazy\" decoding=\"async\" width=\"150\" height=\"150\" src=\"https:\/\/turysta2.pttk.pl\/wp-content\/uploads\/2021\/04\/177483913_843154366554993_5169959772210906525_n-150x150.jpg\" class=\"attachment-thumbnail size-thumbnail\" alt=\"\" \/><\/a>\n\t\t\t<\/dt><\/dl><dl class='gallery-item'>\n\t\t\t<dt class='gallery-icon landscape'>\n\t\t\t\t<a href='https:\/\/turysta2.pttk.pl\/?attachment_id=26835'><img loading=\"lazy\" decoding=\"async\" width=\"150\" height=\"150\" src=\"https:\/\/turysta2.pttk.pl\/wp-content\/uploads\/2021\/04\/178134095_486462002701950_3549296723643942500_n-150x150.jpg\" class=\"attachment-thumbnail size-thumbnail\" alt=\"\" \/><\/a>\n\t\t\t<\/dt><\/dl><br style=\"clear: both\" \/><dl class='gallery-item'>\n\t\t\t<dt class='gallery-icon landscape'>\n\t\t\t\t<a href='https:\/\/turysta2.pttk.pl\/?attachment_id=26836'><img loading=\"lazy\" decoding=\"async\" width=\"150\" height=\"150\" src=\"https:\/\/turysta2.pttk.pl\/wp-content\/uploads\/2021\/04\/DSCN0241-150x150.jpg\" class=\"attachment-thumbnail size-thumbnail\" alt=\"\" \/><\/a>\n\t\t\t<\/dt><\/dl><dl class='gallery-item'>\n\t\t\t<dt class='gallery-icon landscape'>\n\t\t\t\t<a href='https:\/\/turysta2.pttk.pl\/?attachment_id=26837'><img loading=\"lazy\" decoding=\"async\" width=\"150\" height=\"150\" src=\"https:\/\/turysta2.pttk.pl\/wp-content\/uploads\/2021\/04\/DSCN0232-150x150.jpg\" class=\"attachment-thumbnail size-thumbnail\" alt=\"\" \/><\/a>\n\t\t\t<\/dt><\/dl><dl class='gallery-item'>\n\t\t\t<dt class='gallery-icon landscape'>\n\t\t\t\t<a href='https:\/\/turysta2.pttk.pl\/?attachment_id=26838'><img loading=\"lazy\" decoding=\"async\" width=\"150\" height=\"150\" src=\"https:\/\/turysta2.pttk.pl\/wp-content\/uploads\/2021\/04\/178372414_480912383254536_980828646135595692_n-150x150.jpg\" class=\"attachment-thumbnail size-thumbnail\" alt=\"\" \/><\/a>\n\t\t\t<\/dt><\/dl><br style=\"clear: both\" \/><dl class='gallery-item'>\n\t\t\t<dt class='gallery-icon landscape'>\n\t\t\t\t<a href='https:\/\/turysta2.pttk.pl\/?attachment_id=26839'><img loading=\"lazy\" decoding=\"async\" width=\"150\" height=\"150\" src=\"https:\/\/turysta2.pttk.pl\/wp-content\/uploads\/2021\/04\/15-150x150.jpg\" class=\"attachment-thumbnail size-thumbnail\" alt=\"\" \/><\/a>\n\t\t\t<\/dt><\/dl>\n\t\t\t<br style='clear: both' \/>\n\t\t<\/div>\n\n<p>W sobot\u0119 24 kwietnia br. cz\u0142onkowie i sympatycy PTTK \u017barn\u00f3w uczestniczyli w dw\u00f3ch imprezach pieszych: wycieczce z Klewa do Siedlowa organizowanej przez O\/PTTK w \u017barnowie oraz Piekielnym Maratonie 50 km przygotowanym przez Stowarzyszenie Inter Active.<\/p>\n<p>Na starcie pierwszej wycieczki, obok Szko\u0142y Podstawowej w Klewie, stawi\u0142o si\u0119 22 osoby w\u015br\u00f3d kt\u00f3rych by\u0142y te\u017c dzieci w\u0119druj\u0105ce z matkami. Najm\u0142odsz\u0105 turystk\u0105 by\u0142a si\u0119 4,5 letnia Zosia Cha\u0142ubek ze Sk\u00f3rkowic. Czterem osobom: Ewelinie Cha\u0142ubek, Natalii Dziubie, Annie Cha\u0142ubek i Beacie Kowalskiej , wr\u0119czone zosta\u0142y zdobyte uprzednio srebrne Turystyczno \u2013 Krajoznawcze Odznaki Gminy \u017barn\u00f3w. Popularn\u0105 odznak\u0119 turystyki pieszej otrzyma\u0142 Hubert Szulc. Celem tej \u201ema\u0142ej\u201d imprezy pieszej by\u0142o promowanie walor\u00f3w krajoznawczych Ziemi \u017barnowskiej i dalsza popularyzacja odznaki regionalnej oraz odznak turystyki pieszej, aktywne sp\u0119dzanie wolnego czasu i wzmacnianie si\u0142 odporno\u015bciowych organizmu w czasie pandemii. Na trasie w\u0119dr\u00f3wki mo\u017cna by\u0142o wyr\u00f3\u017cni\u0107 trzy ciekawe obiekty krajoznawcze: pomnik upami\u0119tniaj\u0105cy bitw\u0119 25 pp AK pod Diabl\u0105 G\u00f3r\u0105 wzniesiony w Klewie \u2013 Borkach, Obszar Natura 2000 \u201eDolina Czarnej\u201d oraz pomnik przyrody \u201eD\u0105b Siedlowski\u201d. Wi\u0119kszo\u015b\u0107 przej\u015bcia pieszego wiod\u0142a czerwonym \u201ePiekielnym Szlakiem\u201d\u00a0 przez \u0141awki, M\u0142ynek do Siedlowa. Na szcz\u0119\u015bcie unikn\u0119li\u015bmy w czasie przej\u015bcia, zapowiadanych wcze\u015bniej opad\u00f3w atmosferycznych, co wp\u0142yn\u0119\u0142o na pozytywna ocen\u0119 wyprawy.<\/p>\n<p>Druga impreza z udzia\u0142em sze\u015bciu cz\u0142onk\u00f3w PTTK \u017barn\u00f3w, to Piekielny Maraton na 50 km ze startem\u00a0 i met\u0105 w Miedzierzy w gminie Smyk\u00f3w (woj. \u015bwi\u0119tokrzyskie). Trzeba podkre\u015bli\u0107, \u017ce ten maraton zalicza si\u0119 w konkursie na \u201eSuperpiechura \u015awi\u0119tokrzyskiego\u201d, do kt\u00f3rego pretenduj\u0105 min. kol. Magdalena Szo\u0142owska i Joanna \u015awi\u0105tek, czo\u0142owe \u201epiechurki\u201d z naszego O\/PTTK. Spo\u015br\u00f3d ok. 300 uczestnik\u00f3w, kt\u00f3rzy uko\u0144czyli imprez\u0119 wymieni\u0107 trzeba r\u00f3wnie\u017c pozosta\u0142\u0105 czw\u00f3rk\u0119 naszych cz\u0142onk\u00f3w: Alicj\u0119 i Miros\u0142awa Grabskich, Cezarego Kr\u00f3la i Wojciecha \u015acibiorka. Z uwagi na warunki epidemiczne impreza mia\u0142a charakter indywidualnego przej\u015bcia, nie by\u0142o oficjalnego rozpocz\u0119cia ani zako\u0144czenia w Miedzierzy. Trasa maratonu wyznaczona zosta\u0142a turystycznymi szlakami znakowanymi, czerwonym, \u017c\u00f3\u0142tym i niebieskim i wiod\u0142a przez Krasn\u0105, W\u0105sosz, Izabel\u00f3w, Sielpi\u0119 do Miedzierzy. Marato\u0144czycy po doj\u015bciu na met\u0119 otrzymywali dyplom i pami\u0105tkowy medal.<\/p>\n<p>Gratulujemy!<\/p>\n<p>W\u0142odzimierz Szafi\u0144ski<\/p>\n<p>&nbsp;<\/p>\n<p>&nbsp;<\/p>\n<p>&nbsp;<\/p>\n<p>&nbsp;<\/p>\n","protected":false},"excerpt":{"rendered":"W sobot\u0119 24 kwietnia br. cz\u0142onkowie i sympatycy PTTK \u017barn\u00f3w uczestniczyli w dw\u00f3ch imprezach pieszych: wycieczce z Klewa do Siedlowa organizowanej przez O\/PTTK w \u017barnowie oraz Piekielnym Maratonie 50 km przygotowanym przez Stowarzyszenie Inter Active. Na starcie pierwszej wycieczki, obok Szko\u0142y Podstawowej w Klewie, stawi\u0142o si\u0119 22 osoby w\u015br\u00f3d kt\u00f3rych by\u0142y te\u017c dzieci w\u0119druj\u0105ce z matkami. Najm\u0142odsz\u0105 turystk\u0105 by\u0142a si\u0119&nbsp;<a href=\"https:\/\/turysta2.pttk.pl\/?p=26829\" class=\"read-more\">Continue Reading<\/a>","protected":false},"author":5,"featured_media":0,"comment_status":"closed","ping_status":"closed","sticky":false,"template":"","format":"gallery","meta":{"footnotes":""},"categories":[93,68],"tags":[],"class_list":["post-26829","post","type-post","status-publish","format-gallery","hentry","category-aktualnosci","category-turystyka-piesza","post_format-post-format-gallery","cat-93-id","cat-68-id"],"aioseo_notices":[],"_links":{"self":[{"href":"https:\/\/turysta2.pttk.pl\/index.php?rest_route=\/wp\/v2\/posts\/26829","targetHints":{"allow":["GET"]}}],"collection":[{"href":"https:\/\/turysta2.pttk.pl\/index.php?rest_route=\/wp\/v2\/posts"}],"about":[{"href":"https:\/\/turysta2.pttk.pl\/index.php?rest_route=\/wp\/v2\/types\/post"}],"author":[{"embeddable":true,"href":"https:\/\/turysta2.pttk.pl\/index.php?rest_route=\/wp\/v2\/users\/5"}],"replies":[{"embeddable":true,"href":"https:\/\/turysta2.pttk.pl\/index.php?rest_route=%2Fwp%2Fv2%2Fcomments&post=26829"}],"version-history":[{"count":5,"href":"https:\/\/turysta2.pttk.pl\/index.php?rest_route=\/wp\/v2\/posts\/26829\/revisions"}],"predecessor-version":[{"id":26844,"href":"https:\/\/turysta2.pttk.pl\/index.php?rest_route=\/wp\/v2\/posts\/26829\/revisions\/26844"}],"wp:attachment":[{"href":"https:\/\/turysta2.pttk.pl\/index.php?rest_route=%2Fwp%2Fv2%2Fmedia&parent=26829"}],"wp:term":[{"taxonomy":"category","embeddable":true,"href":"https:\/\/turysta2.pttk.pl\/index.php?rest_route=%2Fwp%2Fv2%2Fcategories&post=26829"},{"taxonomy":"post_tag","embeddable":true,"href":"https:\/\/turysta2.pttk.pl\/index.php?rest_route=%2Fwp%2Fv2%2Ftags&post=26829"}],"curies":[{"name":"wp","href":"https:\/\/api.w.org\/{rel}","templated":true}]}}