{"id":26818,"date":"2021-04-28T12:35:57","date_gmt":"2021-04-28T10:35:57","guid":{"rendered":"https:\/\/turysta2.pttk.pl\/?p=26818"},"modified":"2021-04-28T12:44:16","modified_gmt":"2021-04-28T10:44:16","slug":"na-glownym-szlaku-swietokrzyskim-i-nie-tylko","status":"publish","type":"post","link":"https:\/\/turysta2.pttk.pl\/?p=26818","title":{"rendered":"Na G\u0142\u00f3wnym Szlaku \u015awi\u0119tokrzyskim i nie tylko\u2026"},"content":{"rendered":"<h1><\/h1>\n<p><strong>Wchodz\u0105c po raz kolejny na G\u0142\u00f3wny Szlak \u015awi\u0119tokrzyski im. Edmunda Massalskiego, celem weryfikacji przed wznowieniem przewodnika dla Wydawnictwa \"Compass\", w g\u0142owach autor\u00f3w za\u015bwita\u0142 pewien pomys\u0142. Do nowej formu\u0142y trzeba by\u0142o przekona\u0107 wydawc\u0119, co kosztowa\u0142o troch\u0119 wysi\u0142ku. Trudne, nie tylko dla wydawc\u00f3w jest z\u0142amanie formu\u0142y przyj\u0119tej dla serii. Nasze argumenty \u2013 przed\u0142u\u017cenie wycieczki najkr\u00f3tszym z g\u0142\u00f3wnych szlak\u00f3w, (niespe\u0142na 100 km) o ponad 120 km, zobaczenie fragment\u00f3w G\u00f3r \u015awi\u0119tokrzyskich, kt\u00f3rymi rzadko w\u0119druj\u0105 tury\u015bci, poznanie ciekawych zabytk\u00f3w architektury i przyrody itd. W sumie, po pokonaniu ca\u0142o\u015bci poznaje si\u0119 wi\u0119kszo\u015b\u0107 ciekawych szlak\u00f3w G\u00f3r \u015awi\u0119tokrzyskich.<\/strong><\/p>\n<p>&nbsp;<\/p>\n<p>Uda\u0142o si\u0119! Przewodnik otrzyma\u0142 nowy tytu\u0142. \u201e\u201d. Owa dwa zamki to olbrzymi, w swoich czasach najwi\u0119kszy w Europie, zamek w Uje\u017adzie i zamek w Ch\u0119cinach. Wypraw\u0119 sko\u0144czyli\u015bmy na peronie stacji Wierna Rzeka. Ilu z nas pami\u0119ta, \u017ce z ziemi\u0105 \u015bwi\u0119tokrzysk\u0105 zwi\u0105zane s\u0105 nazwiska wielu pisarzy: m.in. \u017beromskiego, Sienkiewicza, Niziurskiego. Ta wyprawa to spotkania z histori\u0105 naszego kraju. w wielu wymiarach. \u00a0Pokonanie GS\u015a i plusa pokaza\u0142o jak wiele zmieni\u0142o si\u0119 w okresie czterech lat dziel\u0105cych wydania. Niestety, coraz wi\u0119cej asfaltu, znikaj\u0105ce pola, na kt\u00f3rych jak grzyby po deszczu wyrastaj\u0105 domy. Powoli znikaj\u0105 pi\u0119kne widoki, szlaki s\u0105 coraz cz\u0119\u015bciej spychane na drogi. Nowoczesno\u015b\u0107 i komercja dosi\u0119gaj\u0105 turyst\u00f3w. Czas si\u0119 spieszy\u0107 by w pami\u0119ci, nie tylko kart, pozosta\u0142y pi\u0119kne panoramy, szum las\u00f3w i pi\u0119kne, jesienne kolory buk\u00f3w.<\/p>\n<p>Osobom pierwszy raz wybieraj\u0105cym si\u0119 w ten rejon, zalecamy zarezerwowanie sobie dw\u00f3ch dni na zwiedzanie Kielc. Ilo\u015b\u0107 atrakcji zaskoczy niejednego (patrz wykaz wybranych atrakcji). Pokonywanie GS\u015a zaczynamy w Ku\u017aniakach, gdzie spotkaniu z nim towarzysz\u0105 pozosta\u0142o\u015bci wielkiego pieca.\u00a0 a potem prawie 100 km w\u0119dr\u00f3wki, w trakcie kt\u00f3rej poznamy liczne obiekty przyrodnicze, m.in. dawne kamienio\u0142omy na Ciosowej i Grodowej, Diabelski Kamie\u0144, \u0141ysic\u0119, go\u0142oborza. Atrakcji architektonicznych te\u017c nie zabraknie: ruiny pieca hutniczego w Ku\u017aniakach, klasztor i ko\u015bci\u00f3\u0142 w \u015awi\u0119tej Katarzynie no i oczywi\u015bcie \u201egw\u00f3\u017ad\u017a\u201d programu zesp\u00f3\u0142 klasztorny na \u015awi\u0119tym Krzy\u017cu. Ko\u0144c\u00f3wka to w\u0119dr\u00f3wka pi\u0119knym Pasmem Jeleniowskim. I tu niespodzianka\u2026 Na ko\u0144cu pi\u0119knej lipowej alei, tu\u017c przy drodze wojew\u00f3dzkiej, znajduje si\u0119 kamie\u0144 z tablic\u0105 i znakiem ko\u0144ca szlaku, taki sam jaki widzieli\u015bcie w Ku\u017aniakach. Podobnie jak tam, wprowadza on w\u0119druj\u0105cych w b\u0142\u0105d. Tam znak pocz\u0105tku szlaku znajduje si\u0119 na drogowskazie przy przystanku autobusowym, tu nale\u017cy skr\u0119ci\u0107 w lewo i doj\u015b\u0107 te\u017c do przystanku autobus\u00f3w jad\u0105cych w kierunku Kielc. Znak ko\u0144ca szlaku znajduje si\u0119 za przystankiem, na drzewie na wprost drogi do Modliborzyc. Tam te\u017c widnieje znak pocz\u0105tku czerwonego szlaku nizinnego, kt\u00f3ry poprowadzi nas do Ujazdu. To pocz\u0105tek Plusa. Po dotarciu i zwiedzeniu zamku w Uje\u017adzie, z trasy roztaczaj\u0105 si\u0119 rozleg\u0142e widoki na pokonane przez nas pasma, Wy\u017cyn\u0119 Sandomiersk\u0105 i ma\u0142o znane i rzadko odwiedzane pasma Wygie\u0142zowskie i Iwaniskie. Po doj\u015bciu do Iwanisk schodzimy ze znakowanych szlak\u00f3w. Pocz\u0105tkowo idziemy drog\u0105, by w pewnym momencie skr\u0119ci\u0107 w las i wej\u015b\u0107 na nieoznakowany odcinek w\u0119dr\u00f3wki. Tu nale\u017cy wykaza\u0107 si\u0119 dobr\u0105 orientacj\u0105 i tzw. nosem. Starali\u015bmy si\u0119 go opisa\u0107 najdok\u0142adniej jak to by\u0142o mo\u017cliwe, ale\u2026\u00a0 du\u017co zale\u017cy od pory roku i pogody. Bujna ro\u015blinno\u015b\u0107 potrafi znacznie utrudni\u0107 jego przej\u015bcie, jednak tym wi\u0119ksza jest satysfakcja z pokonania. Po przej\u015bciu Pasma Iwaniskiego docieramy do \u0141agowa. A dalej ju\u017c \u0142atwizna - niebieskim do Ch\u0119cin. Po drodze grani\u00f3weczka na Zamczysku, spotkanie z partyzantami Barabasza, wspinaczka na Sikorze, Otrocz, Telegraf, Pier\u015bcienic\u0119, Partol, Jaskinia Piek\u0142o i docieramy do Ch\u0119cin. Tu czeka na nas \u017c\u00f3\u0142ty szlak, kt\u00f3rym przez Grzywy Korzeckowskie i Grz\u0105by Bolmi\u0144skie dotrzemy do stacji Wierna Rzeka, gdzie zako\u0144czymy nasz\u0105 w\u0119dr\u00f3wk\u0119 by powr\u00f3ci\u0107 za rok na pozosta\u0142e szlaki \u015bwi\u0119tokrzyskie. Jeszcze ich troch\u0119 pozosta\u0142o a na ka\u017cdym znajdziemy co\u015b ciekawego. Opisy szlak\u00f3w uzupe\u0142nili\u015bmy o dodatkowe informacje dotycz\u0105ce ciekawych miejsc le\u017c\u0105cych r\u00f3wnie\u017c w pobli\u017cy szlak\u00f3w, kr\u00f3tkie charakterystyki pasm, legendy.<\/p>\n<p>Na zako\u0144czenie kilka uwag, kt\u00f3re nasun\u0119\u0142y si\u0119 nam w czasie pisania przewodnika. Osoby odpowiedzialne za stan szlak\u00f3w i ich przebieg czeka w najbli\u017cszym czasie sporo pracy. Konieczne wydaje si\u0119 prze\u0142o\u017cenie fragmentu biegn\u0105cego drog\u0105 Kielce \u2013 Zagna\u0144sk. Du\u017ce nat\u0119\u017cenie ruchu i brak poboczy stanowi\u0105 realnie du\u017ce zagro\u017cenie dla pieszych. Czas najwy\u017cszy za\u0142atwi\u0107 dodanie do oficjalnego wykazu punkt\u00f3w GOT odcinka Sosnowica - D\u0105br\u00f3wka (odcinek na g\u0142\u00f3wnym szlaku, kt\u00f3rego brak w wykazie i to od lat!!!!). Podobnie odcinek drogowy w Mas\u0142owie, co zapewne b\u0119dzie trudne. Osobi\u015bcie wchodzi\u0142em na Klon\u00f3wk\u0119 \u015bcie\u017ck\u0105 od drogi do M\u0105chocic Kapitulnych. Czas pomy\u015ble\u0107 o jakim\u015b nowym wariancie zej\u015bcia do prze\u0142omu Lubrzanki. Obecny, szczeg\u00f3lnie po opadach, jest niebezpieczny. Co z fragmentem w Trzciance? Wydaje si\u0119, \u017ce zamkni\u0119cie fragmentu prowadz\u0105cego od drogi przez pole do Trzcianki to tylko kwestia czasu. Mo\u017ce warto uprzedzi\u0107 i skorygowa\u0107 \u2013 drog\u0105 w lewo do nieodleg\u0142ego skrzy\u017cowania i w prawo do Trzcianki. Czas pomy\u015ble\u0107 o jakiej\u015b k\u0142adce nad S\u0142upiank\u0105. Po wi\u0119kszych opadach JEST problem z jej pokonaniem. Ko\u0144c\u00f3wka w Pa\u015bmie Jeleniowskim. My\u015bl\u0119, \u017ce warto zastanowi\u0107 si\u0119, o ile to wykonalne formalnie, nad poprowadzeniem szlaku z Truskolaski na wsch\u00f3d do drogi Micha\u0142\u00f3w \u2013 Go\u0142oszyce. Schodzi\u0142em i by\u0142o du\u017co fajniej, ni\u017c obecnym szlakiem.<\/p>\n<p>Otwart\u0105 spraw\u0105 pozostaje przebieg trasy przez Pasmo Iwaniskie. To, podobnie jak Wygie\u0142zowskie praktycznie turystycznie nieznane pasma, a szkoda. Czas pomy\u015ble\u0107\u2026 dzia\u0142acze do dzie\u0142a!<\/p>\n<p>Szlak niebieski. Tu ze wzgl\u0119du na nazwijmy to problemy urbanizacyjne, b\u0119dzie chyba sporo problem\u00f3w. Mnie szczeg\u00f3lnie utkwi\u0142 w pami\u0119ci odcinek Zalasna droga wojew\u00f3dzka. Nie do\u015b\u0107, \u017ce du\u017ca \u0142\u0105ka bez mo\u017cliwo\u015bci oznakowania to jeszcze wylane... fekalia. Reakcja odpowiedniego organu nadzoru na zg\u0142oszenie \u2026 \"tak wiemy, ale co mo\u017cemy zrobi\u0107, cz\u0119sto to robi\u0105\". Hmmm.<\/p>\n<p>Jest, nad czym my\u015ble\u0107. No i brak w punktacji GOT odcinka Daleszyce - Sikorza\u2026<\/p>\n<p>I na koniec marzenie: wyd\u0142u\u017cenie \u017c\u00f3\u0142tego z Grz\u0105b\u00f3w Bolmi\u0144skich przez Milechowsk\u0105 na Miedziank\u0119. Mo\u017ce kiedy\u015b\u2026 Chyba nie do\u017cyj\u0119\u2026 Zapraszamy na \u015bwi\u0119tokrzyskie szlaki. Spieszmy si\u0119, tak szybko trac\u0105 na urodzie\u2026<\/p>\n<p>Mo\u017ce czas zacz\u0105\u0107 dyskusj\u0119 nad zmianami na pozosta\u0142ych szlakach g\u0142\u00f3wnych? Na pierwszy ogie\u0144: niech wreszcie G\u0142\u00f3wny Szlak Sudecki przebiega przez \u015anie\u017ck\u0119. Nie s\u0105dz\u0119 by wp\u0142yn\u0119\u0142o to znacz\u0105co na wzrost liczby turyst\u00f3w na ni\u0105 wchodz\u0105cych. Od dziesi\u0105tek lat nie rozumiem omijania kr\u00f3lowej Sudet\u00f3w. O zmian\u0119 blach zdobywc\u00f3w g\u0142\u00f3wnych szlak\u00f3w g\u00f3rskich nie \u015bmiem prosi\u0107. Dla mnie obecne to wyj\u0105tkowo nieudane projekty.<\/p>\n<p>Marek Wo\u0142oszy\u0144ski<\/p>\n<p>&nbsp;<\/p>\n","protected":false},"excerpt":{"rendered":"Wchodz\u0105c po raz kolejny na G\u0142\u00f3wny Szlak \u015awi\u0119tokrzyski im. Edmunda Massalskiego, celem weryfikacji przed wznowieniem przewodnika dla Wydawnictwa \"Compass\", w g\u0142owach autor\u00f3w za\u015bwita\u0142 pewien pomys\u0142. Do nowej formu\u0142y trzeba by\u0142o przekona\u0107 wydawc\u0119, co kosztowa\u0142o troch\u0119 wysi\u0142ku. Trudne, nie tylko dla wydawc\u00f3w jest z\u0142amanie formu\u0142y przyj\u0119tej dla serii. Nasze argumenty \u2013 przed\u0142u\u017cenie wycieczki najkr\u00f3tszym z g\u0142\u00f3wnych szlak\u00f3w, (niespe\u0142na 100 km) o&nbsp;<a href=\"https:\/\/turysta2.pttk.pl\/?p=26818\" class=\"read-more\">Continue Reading<\/a>","protected":false},"author":5,"featured_media":26824,"comment_status":"closed","ping_status":"closed","sticky":false,"template":"","format":"gallery","meta":{"footnotes":""},"categories":[86],"tags":[],"class_list":["post-26818","post","type-post","status-publish","format-gallery","has-post-thumbnail","hentry","category-biblioteczka-turystyczna","post_format-post-format-gallery","cat-86-id"],"aioseo_notices":[],"_links":{"self":[{"href":"https:\/\/turysta2.pttk.pl\/index.php?rest_route=\/wp\/v2\/posts\/26818","targetHints":{"allow":["GET"]}}],"collection":[{"href":"https:\/\/turysta2.pttk.pl\/index.php?rest_route=\/wp\/v2\/posts"}],"about":[{"href":"https:\/\/turysta2.pttk.pl\/index.php?rest_route=\/wp\/v2\/types\/post"}],"author":[{"embeddable":true,"href":"https:\/\/turysta2.pttk.pl\/index.php?rest_route=\/wp\/v2\/users\/5"}],"replies":[{"embeddable":true,"href":"https:\/\/turysta2.pttk.pl\/index.php?rest_route=%2Fwp%2Fv2%2Fcomments&post=26818"}],"version-history":[{"count":7,"href":"https:\/\/turysta2.pttk.pl\/index.php?rest_route=\/wp\/v2\/posts\/26818\/revisions"}],"predecessor-version":[{"id":26828,"href":"https:\/\/turysta2.pttk.pl\/index.php?rest_route=\/wp\/v2\/posts\/26818\/revisions\/26828"}],"wp:featuredmedia":[{"embeddable":true,"href":"https:\/\/turysta2.pttk.pl\/index.php?rest_route=\/wp\/v2\/media\/26824"}],"wp:attachment":[{"href":"https:\/\/turysta2.pttk.pl\/index.php?rest_route=%2Fwp%2Fv2%2Fmedia&parent=26818"}],"wp:term":[{"taxonomy":"category","embeddable":true,"href":"https:\/\/turysta2.pttk.pl\/index.php?rest_route=%2Fwp%2Fv2%2Fcategories&post=26818"},{"taxonomy":"post_tag","embeddable":true,"href":"https:\/\/turysta2.pttk.pl\/index.php?rest_route=%2Fwp%2Fv2%2Ftags&post=26818"}],"curies":[{"name":"wp","href":"https:\/\/api.w.org\/{rel}","templated":true}]}}