{"id":26813,"date":"2021-04-26T09:45:50","date_gmt":"2021-04-26T07:45:50","guid":{"rendered":"https:\/\/turysta2.pttk.pl\/?p=26813"},"modified":"2021-12-16T20:06:17","modified_gmt":"2021-12-16T18:06:17","slug":"zaproszenie-na-rajd-witamy-wiosne-na-szlaku-kosciolow-drewnianych","status":"publish","type":"post","link":"https:\/\/turysta2.pttk.pl\/?p=26813","title":{"rendered":"Zaproszenie na rajd  &#8220;Witamy Wiosn\u0119 na Szlaku Ko\u015bcio\u0142\u00f3w Drewnianych&#8221;"},"content":{"rendered":"<p>Zapraszamy do udzia\u0142u w rajdzie pt. Witamy Wiosn\u0119 na Szlaku Ko\u015bcio\u0142\u00f3w Drewnianych\u201d organizowanego w dniu 1 maja 2021 r.\u00a0 KICIN \u201eUroczysko Maruszka\".<em>\u00a0 \u00a0 \u00a0 \u00a0 \u00a0 \u00a0\u00a0<\/em><\/p>\n<p>Organizatorami rajdu s\u0105: Oddzia\u0142 \u015arodowiskowy PTTK Pozna\u0144-Nowe Miasto im. F. Ja\u015bkowiaka., Ko\u0142o PTTK \u201e\u0141aziki\u201d przy Sp\u00f3\u0142dzielni Mieszkaniowej w Swarz\u0119dzu oraz\u00a0Gmina Swarz\u0119dz. i Parafia pw. \u015aw. J\u00f3zefa Oblubie\u0144ca w Kicinie.<\/p>\n<p><u>Komandor Rajdu:<\/u><\/p>\n<p>Eugeniusz <strong>JACEK<\/strong><\/p>\n<p><u>Kierownictwo Rajdu:<\/u><\/p>\n<p>Z-ca Komandora\u00a0\u00a0\u00a0\u00a0\u00a0\u00a0\u00a0\u00a0\u00a0 \u00a0\u00a0- Jan <strong>Michalski<\/strong><\/p>\n<p>Sekretariat\u00a0\u00a0\u00a0\u00a0\u00a0\u00a0\u00a0\u00a0\u00a0\u00a0\u00a0\u00a0\u00a0\u00a0\u00a0\u00a0\u00a0\u00a0 \u00a0\u00a0- Maria <strong>Peli\u0144ska, <\/strong>Henryk <strong>Peli\u0144ski<\/strong><\/p>\n<p>Skarbnik\u00a0\u00a0\u00a0\u00a0\u00a0\u00a0\u00a0\u00a0\u00a0 \u00a0\u00a0\u00a0\u00a0\u00a0\u00a0\u00a0\u00a0\u00a0\u00a0 \u00a0\u00a0\u00a0\u00a0\u00a0- Ewa <strong>Maciejewska, \u00a0\u00a0\u00a0\u00a0\u00a0\u00a0\u00a0\u00a0\u00a0\u00a0\u00a0\u00a0\u00a0\u00a0\u00a0\u00a0\u00a0<\/strong><\/p>\n<p>Weryfikacja OTP i KOT - Katarzyna <strong>Wieczorek, \u00a0<\/strong>Romuald<strong> Kr\u00f3lak, <\/strong><\/p>\n<p><strong>\u00a0\u00a0\u00a0\u00a0\u00a0\u00a0\u00a0\u00a0\u00a0\u00a0\u00a0\u00a0\u00a0\u00a0\u00a0\u00a0\u00a0\u00a0\u00a0\u00a0\u00a0\u00a0\u00a0\u00a0\u00a0\u00a0\u00a0\u00a0\u00a0\u00a0\u00a0\u00a0\u00a0\u00a0\u00a0\u00a0\u00a0\u00a0\u00a0\u00a0\u00a0\u00a0\u00a0 <\/strong>Janusz <strong>Przyby\u0142,<\/strong><\/p>\n<p><u>Trasy Rajdu:<\/u><\/p>\n<p>&nbsp;<\/p>\n<p><strong><u>Trasa I, autokarowo-piesza:<\/u><\/strong><\/p>\n<p>START: Godz. 7.30\u00a0 Kostrzyn (przystanek autobusowy przy Biedronce w kierunku Poznania) - godz.8.00 Swarz\u0119dz (p\u0119tla autobusowa Os. Ko\u015bciuszkowc\u00f3w)\u00a0 \u2013 godz. 8.30 Pozna\u0144 (sprzed budynku Zespo\u0142u Szk\u00f3\u0142 Salezja\u0144skich Os. Bohater\u00f3w II Wojny \u015awiatowej 29) \u2013 godz. 9.00 Pozna\u0144 (k. parkingu za Ko\u015bcio\u0142em \u015bw. Jana Jerozolimskiego na Komandorii) \u2013 <strong>przejazd do Kicina - <\/strong>zwiedzenie drewnianego ko\u015bcio\u0142a \u015bw. J\u00f3zefa Oblubie\u0144ca,<\/p>\n<p>przejazd na start: krzy\u017c przy szosie Kicin - Kliny,\u00a0 spacer Traktem Pozna\u0144skim (inna nazwa Trakt Maria\u0144ski) do Uroczyska Maruszka <strong>\u00a0\u00a0\u00a0\u00a0\u00a0\u00a0\u00a0\u00a0\u00a0\u00a0\u00a0\u00a0\u00a0\u00a0\u00a0\u00a0<\/strong>D\u0142ugo\u015b\u0107 trasy: ok. 3 km.<\/p>\n<p>Powr\u00f3t: przej\u015bcie do autokaru w miejscowo\u015bci Mielno, oko\u0142o 1 km,\u00a0\u00a0\u00a0\u00a0\u00a0\u00a0\u00a0\u00a0\u00a0\u00a0\u00a0\u00a0\u00a0\u00a0\u00a0\u00a0\u00a0\u00a0\u00a0\u00a0\u00a0\u00a0\u00a0\u00a0\u00a0\u00a0\u00a0\u00a0\u00a0\u00a0\u00a0\u00a0\u00a0\u00a0\u00a0\u00a0\u00a0\u00a0\u00a0\u00a0\u00a0\u00a0\u00a0\u00a0 \u00a0\u00a0\u00a0\u00a0\u00a0\u00a0\u00a0\u00a0\u00a0\u00a0\u00a0\u00a0\u00a0\u00a0Kierownictwo trasy: Halina i Krystyn Bukowscy, W\u0142adys\u0142aw Bezler,<\/p>\n<p>&nbsp;<\/p>\n<p><strong><u>Trasa I b, piesza: <\/u><\/strong><\/p>\n<p>START Godz.: 10.00 Kicin (przy Ko\u015bciele) po przyje\u017adzie autokaru.<\/p>\n<p>Dalsza w\u0119dr\u00f3wka z tras\u0105 nr I.<\/p>\n<p>&nbsp;<\/p>\n<p><strong><u>Trasa II, rowerowa:<\/u><\/strong><\/p>\n<p>START: Godz. 9.30 Pozna\u0144 (Malta \u201e\u0179r\u00f3de\u0142ko\u201d) \u2013 Wierzenica - Kicin: ko\u015bci\u00f3\u0142 \u015bw. J\u00f3zefa Oblubie\u0144ca, Trakt Pozna\u0144ski - Maruszka.<\/p>\n<p>D\u0142ugo\u015b\u0107 trasy w jedn\u0105 stron\u0119 oko\u0142o 25 km. \u00a0\u00a0\u00a0\u00a0\u00a0\u00a0\u00a0\u00a0\u00a0\u00a0\u00a0\u00a0\u00a0\u00a0\u00a0\u00a0\u00a0\u00a0\u00a0\u00a0\u00a0\u00a0\u00a0\u00a0\u00a0\u00a0\u00a0\u00a0\u00a0\u00a0\u00a0\u00a0\u00a0\u00a0\u00a0\u00a0\u00a0\u00a0Kierownik trasy: Katarzyna Wieczorek (kontakt tel.: 697-422-404)<\/p>\n<p>&nbsp;<\/p>\n<p><strong><u>Trasa III, dowolna:<\/u><\/strong><\/p>\n<p>Ka\u017cdy wed\u0142ug w\u0142asnego uznania (pieszo, rowerem, samochodem).<\/p>\n<p>Na met\u0119 nale\u017cy dotrze\u0107 do godz. 12.00.<\/p>\n<p>&nbsp;<\/p>\n<p><u>Meta Rajdu:<\/u><\/p>\n<p>Meta b\u0119dzie zlokalizowana na Uroczysku Maruszka.\u00a0\u00a0\u00a0\u00a0\u00a0\u00a0\u00a0\u00a0\u00a0\u00a0\u00a0\u00a0\u00a0\u00a0\u00a0\u00a0\u00a0\u00a0\u00a0\u00a0\u00a0\u00a0\u00a0\u00a0\u00a0\u00a0\u00a0\u00a0\u00a0\u00a0\u00a0\u00a0\u00a0\u00a0\u00a0\u00a0\u00a0\u00a0\u00a0\u00a0\u00a0\u00a0\u00a0\u00a0\u00a0\u00a0\u00a0\u00a0 \u00a0\u00a0\u00a0\u00a0\u00a0\u00a0\u00a0\u00a0\u00a0\u00a0\u00a0\u00a0\u00a0\u00a0\u00a0\u00a0\u00a0\u00a0\u00a0\u00a0\u00a0\u00a0\u00a0\u00a0\u00a0\u00a0\u00a0\u00a0\u00a0\u00a0Czynna b\u0119dzie w godz. 11.00 \u2013 14.00.<\/p>\n<p><strong>UWAGA!!! Wszyscy uczestnicy musz\u0105 posiada\u0107 maseczki szczeg\u00f3lnie na trasie autokarowo-pieszej. Wszyscy musz\u0105 stosowa\u0107 zasady ostro\u017cno\u015bci zgodnie z obowi\u0105zuj\u0105cymi przepisami w okresie pandemii, szczeg\u00f3lnie w zakresie zachowania dystansu.<\/strong><\/p>\n<p><strong><em>W zwi\u0105zku z pandemi\u0105 ilo\u015b\u0107 uczestnik\u00f3w jest ograniczona dlatego decyduje kolejno\u015b\u0107 zg\u0142osze\u0144.<\/em><\/strong><\/p>\n<p><u>Zg\u0142oszenie uczestnictwa:<\/u><\/p>\n<p>Zg\u0142oszenia uczestnictwa indywidualne i zbiorowe przyjmowane b\u0119d\u0105:<\/p>\n<p>- poczt\u0105 elektroniczn\u0105: j.michalski@spoko.pl <strong>do dnia 28 kwietnia 2021 roku do godz. 19.00<\/strong><\/p>\n<p><u>Odp\u0142atno\u015b\u0107 i \u015bwiadczenia<\/u><\/p>\n<p>Odp\u0142atno\u015b\u0107 wynosi:<\/p>\n<p><strong>\u00a0\u00a0\u00a0 <u>a\/<\/u><\/strong><u> <strong>10 z\u0142 od osoby na tras\u0119 nr I \u00a0\u00a0\u00a0\u00a0\u00a0\u00a0\u00a0\u00a0\u00a0\u00a0\u00a0\u00a0\u00a0\u00a0\u00a0\u00a0\u00a0\u00a0\u00a0\u00a0\u00a0\u00a0\u00a0\u00a0\u00a0\u00a0\u00a0\u00a0\u00a0\u00a0\u00a0\u00a0\u00a0\u00a0\u00a0\u00a0\u00a0\u00a0\u00a0\u00a0\u00a0\u00a0\u00a0\u00a0\u00a0\u00a0\u00a0\u00a0\u00a0\u00a0\u00a0\u00a0\u00a0\u00a0\u00a0\u00a0\u00a0\u00a0\u00a0\u00a0\u00a0\u00a0\u00a0\u00a0\u00a0\u00a0\u00a0\u00a0\u00a0\u00a0\u00a0\u00a0\u00a0\u00a0\u00a0<\/strong><\/u><\/p>\n<p><strong><u>b\/ 8 z\u0142 od osoby na pozosta\u0142e trasy.<\/u><\/strong><\/p>\n<p><strong>\u00a0\u00a0 <u>Wpisowe mo\u017cna wp\u0142aca\u0107 na mecie rajdu.<\/u><\/strong><\/p>\n<p>W ramach op\u0142aty wpisowego uczestnicy maj\u0105 zapewnione: :<\/p>\n<p><strong>- <\/strong>zwiedzanie Ko\u015bcio\u0142a w Kicinie od godz<strong>. <\/strong>10.00<strong>\u00a0\u00a0\u00a0\u00a0\u00a0\u00a0\u00a0 \u00a0\u00a0\u00a0\u00a0\u00a0\u00a0\u00a0\u00a0\u00a0\u00a0\u00a0\u00a0\u00a0\u00a0\u00a0\u00a0\u00a0\u00a0\u00a0\u00a0\u00a0\u00a0\u00a0\u00a0\u00a0\u00a0\u00a0\u00a0\u00a0\u00a0\u00a0<\/strong><\/p>\n<p>- znaczek rajdowy<\/p>\n<p>- ciep\u0142y posi\u0142ek na mecie<\/p>\n<p>- punkty na OTP , KOT<\/p>\n<p>- puchar dla najliczniejszej dru\u017cyny.<\/p>\n<p>W przypadku zg\u0142osze\u0144 po terminie organizatorzy zastrzegaj\u0105 sobie mo\u017cliwo\u015b\u0107 nie zrealizowania \u015bwiadcze\u0144 w pe\u0142nym wymiarze.<\/p>\n<p>&nbsp;<\/p>\n<p>Ubezpieczenie uczestnik\u00f3w we w\u0142asnym zakresie; cz\u0142onkowie PTTK z op\u0142acon\u0105 sk\u0142adk\u0105 na 2021 r. s\u0105 ubezpieczeni; ka\u017cdy uczestnik odpowiada w pe\u0142ni za ewentualne szkody wyrz\u0105dzone na trasie lub na mecie rajdu; na trasach rowerowych wszyscy powinni posiada\u0107 w miar\u0119 mo\u017cliwo\u015bci kaski oraz przestrzega\u0107 przepis\u00f3w ruchu drogowego; ka\u017cda dru\u017cyna powinna posiada\u0107 apteczk\u0119; wszyscy s\u0105 zobowi\u0105zani do wykonywania polece\u0144 kierownik\u00f3w tras i kierownictwa rajdu.<\/p>\n<p>Raj jest imprez\u0105 sportowo-rekreacyjno-turystyczn\u0105.<\/p>\n<p>&nbsp;<\/p>\n<p><strong>\u00a0<\/strong><\/p>\n<p>&nbsp;<\/p>\n<p><strong><em>\u00a0<\/em><\/strong><\/p>\n<p>&nbsp;<\/p>\n<p>&nbsp;<\/p>\n<p>&nbsp;<\/p>\n<p>&nbsp;<\/p>\n<p>&nbsp;<\/p>\n<p>&nbsp;<\/p>\n<p>&nbsp;<\/p>\n<p>&nbsp;<\/p>\n<p>&nbsp;<\/p>\n<p>&nbsp;<\/p>\n<p>&nbsp;<\/p>\n<p>&nbsp;<\/p>\n<p>&nbsp;<\/p>\n<p>&nbsp;<\/p>\n<p>&nbsp;<\/p>\n<p>&nbsp;<\/p>\n<p><em>\u00a0<\/em><\/p>\n<p><em>\u00a0<\/em><\/p>\n<p><em>Rajd\u00a0 \u201eWitamy Wiosn\u0119 na Szlaku Ko\u015bcio\u0142\u00f3w Drewnianych\u201d<\/em><\/p>\n<p>&nbsp;<\/p>\n<p>&nbsp;<\/p>\n<p>&nbsp;<\/p>\n<p>&nbsp;<\/p>\n<p>&nbsp;<\/p>\n<p><strong>Kicin, Uroczysko Maruszka <\/strong><\/p>\n<p><strong>\u00a0\u00a0\u00a0\u00a0\u00a0 \u00a01 maja 2021 roku (sobota)<\/strong><\/p>\n","protected":false},"excerpt":{"rendered":"Zapraszamy do udzia\u0142u w rajdzie pt. Witamy Wiosn\u0119 na Szlaku Ko\u015bcio\u0142\u00f3w Drewnianych\u201d organizowanego w dniu 1 maja 2021 r.\u00a0 KICIN \u201eUroczysko Maruszka\".\u00a0 \u00a0 \u00a0 \u00a0 \u00a0 \u00a0\u00a0 Organizatorami rajdu s\u0105: Oddzia\u0142 \u015arodowiskowy PTTK Pozna\u0144-Nowe Miasto im. F. Ja\u015bkowiaka., Ko\u0142o PTTK \u201e\u0141aziki\u201d przy Sp\u00f3\u0142dzielni Mieszkaniowej w Swarz\u0119dzu oraz\u00a0Gmina Swarz\u0119dz. i Parafia pw. \u015aw. J\u00f3zefa Oblubie\u0144ca w Kicinie. Komandor Rajdu: Eugeniusz JACEK&nbsp;<a href=\"https:\/\/turysta2.pttk.pl\/?p=26813\" class=\"read-more\">Continue Reading<\/a>","protected":false},"author":5,"featured_media":0,"comment_status":"closed","ping_status":"closed","sticky":false,"template":"","format":"standard","meta":{"footnotes":""},"categories":[1],"tags":[],"class_list":["post-26813","post","type-post","status-publish","format-standard","hentry","category-bez-kategorii","cat-1-id"],"aioseo_notices":[],"_links":{"self":[{"href":"https:\/\/turysta2.pttk.pl\/index.php?rest_route=\/wp\/v2\/posts\/26813","targetHints":{"allow":["GET"]}}],"collection":[{"href":"https:\/\/turysta2.pttk.pl\/index.php?rest_route=\/wp\/v2\/posts"}],"about":[{"href":"https:\/\/turysta2.pttk.pl\/index.php?rest_route=\/wp\/v2\/types\/post"}],"author":[{"embeddable":true,"href":"https:\/\/turysta2.pttk.pl\/index.php?rest_route=\/wp\/v2\/users\/5"}],"replies":[{"embeddable":true,"href":"https:\/\/turysta2.pttk.pl\/index.php?rest_route=%2Fwp%2Fv2%2Fcomments&post=26813"}],"version-history":[{"count":4,"href":"https:\/\/turysta2.pttk.pl\/index.php?rest_route=\/wp\/v2\/posts\/26813\/revisions"}],"predecessor-version":[{"id":26817,"href":"https:\/\/turysta2.pttk.pl\/index.php?rest_route=\/wp\/v2\/posts\/26813\/revisions\/26817"}],"wp:attachment":[{"href":"https:\/\/turysta2.pttk.pl\/index.php?rest_route=%2Fwp%2Fv2%2Fmedia&parent=26813"}],"wp:term":[{"taxonomy":"category","embeddable":true,"href":"https:\/\/turysta2.pttk.pl\/index.php?rest_route=%2Fwp%2Fv2%2Fcategories&post=26813"},{"taxonomy":"post_tag","embeddable":true,"href":"https:\/\/turysta2.pttk.pl\/index.php?rest_route=%2Fwp%2Fv2%2Ftags&post=26813"}],"curies":[{"name":"wp","href":"https:\/\/api.w.org\/{rel}","templated":true}]}}