{"id":26808,"date":"2021-04-07T09:09:09","date_gmt":"2021-04-07T07:09:09","guid":{"rendered":"https:\/\/turysta2.pttk.pl\/?p=26808"},"modified":"2021-12-16T20:01:18","modified_gmt":"2021-12-16T18:01:18","slug":"porozumienie-o-wspolpracy-pot-i-pttk","status":"publish","type":"post","link":"https:\/\/turysta2.pttk.pl\/?p=26808","title":{"rendered":"Porozumienie o wsp\u00f3\u0142pracy POT i PTTK"},"content":{"rendered":"<p>W\u00a0dniu 31 marca 2021 roku zosta\u0142o zawarte porozumienie o\u00a0wsp\u00f3\u0142pracy Polskiej Organizacji Turystycznej i\u00a0Polskiego Towarzystwa Turystyczno-Krajoznawczego na\u00a0rzecz rozwoju i\u00a0promocji polskiej turystyki<span class=\"6qdm\">. W\u00a0ramach porozumienia b\u0119d\u0105 m.in. podejmowane dzia\u0142ania edukacyjne oraz\u00a0popularyzuj\u0105ce turystyk\u0119 krajow\u0105.<\/span><\/p>\n<p><span class=\"6qdm\">Porozumienie zosta\u0142o podpisane przez Prezesa POT Rafa\u0142a Szlacht\u0119, a ze strony PTTK przez Prezesa ZG PTTK Jerzego Kap\u0142ona i Sekretarza Generalnego ZG PTTK Adama J\u0119drasa.<\/span><\/p>\n","protected":false},"excerpt":{"rendered":"W\u00a0dniu 31 marca 2021 roku zosta\u0142o zawarte porozumienie o\u00a0wsp\u00f3\u0142pracy Polskiej Organizacji Turystycznej i\u00a0Polskiego Towarzystwa Turystyczno-Krajoznawczego na\u00a0rzecz rozwoju i\u00a0promocji polskiej turystyki. W\u00a0ramach porozumienia b\u0119d\u0105 m.in. podejmowane dzia\u0142ania edukacyjne oraz\u00a0popularyzuj\u0105ce turystyk\u0119 krajow\u0105. Porozumienie zosta\u0142o podpisane przez Prezesa POT Rafa\u0142a Szlacht\u0119, a ze strony PTTK przez Prezesa ZG PTTK Jerzego Kap\u0142ona i Sekretarza Generalnego ZG PTTK Adama J\u0119drasa.","protected":false},"author":5,"featured_media":26805,"comment_status":"closed","ping_status":"closed","sticky":false,"template":"","format":"standard","meta":{"footnotes":""},"categories":[1],"tags":[],"class_list":["post-26808","post","type-post","status-publish","format-standard","has-post-thumbnail","hentry","category-bez-kategorii","cat-1-id"],"aioseo_notices":[],"_links":{"self":[{"href":"https:\/\/turysta2.pttk.pl\/index.php?rest_route=\/wp\/v2\/posts\/26808","targetHints":{"allow":["GET"]}}],"collection":[{"href":"https:\/\/turysta2.pttk.pl\/index.php?rest_route=\/wp\/v2\/posts"}],"about":[{"href":"https:\/\/turysta2.pttk.pl\/index.php?rest_route=\/wp\/v2\/types\/post"}],"author":[{"embeddable":true,"href":"https:\/\/turysta2.pttk.pl\/index.php?rest_route=\/wp\/v2\/users\/5"}],"replies":[{"embeddable":true,"href":"https:\/\/turysta2.pttk.pl\/index.php?rest_route=%2Fwp%2Fv2%2Fcomments&post=26808"}],"version-history":[{"count":1,"href":"https:\/\/turysta2.pttk.pl\/index.php?rest_route=\/wp\/v2\/posts\/26808\/revisions"}],"predecessor-version":[{"id":26809,"href":"https:\/\/turysta2.pttk.pl\/index.php?rest_route=\/wp\/v2\/posts\/26808\/revisions\/26809"}],"wp:featuredmedia":[{"embeddable":true,"href":"https:\/\/turysta2.pttk.pl\/index.php?rest_route=\/wp\/v2\/media\/26805"}],"wp:attachment":[{"href":"https:\/\/turysta2.pttk.pl\/index.php?rest_route=%2Fwp%2Fv2%2Fmedia&parent=26808"}],"wp:term":[{"taxonomy":"category","embeddable":true,"href":"https:\/\/turysta2.pttk.pl\/index.php?rest_route=%2Fwp%2Fv2%2Fcategories&post=26808"},{"taxonomy":"post_tag","embeddable":true,"href":"https:\/\/turysta2.pttk.pl\/index.php?rest_route=%2Fwp%2Fv2%2Ftags&post=26808"}],"curies":[{"name":"wp","href":"https:\/\/api.w.org\/{rel}","templated":true}]}}