{"id":26794,"date":"2021-04-07T08:51:10","date_gmt":"2021-04-07T06:51:10","guid":{"rendered":"https:\/\/turysta2.pttk.pl\/?p=26794"},"modified":"2021-09-02T11:48:18","modified_gmt":"2021-09-02T09:48:18","slug":"pierwszy-dzien-wiosny","status":"publish","type":"post","link":"https:\/\/turysta2.pttk.pl\/?p=26794","title":{"rendered":"Pierwszy dzie\u0144 Wiosny"},"content":{"rendered":"<p>&nbsp;<\/p>\n<p>Przez ponad 20 lat, rajd \u201ePierwszy dzie\u0144 wiosny\u201d organizowa\u0142 Oddzia\u0142 PTTK w \u017barnowie. W kolejnych latach odpowiedzialnymi za imprez\u0119 by\u0142y wchodz\u0105ce w sk\u0142ad oddzia\u0142u, szkolne ko\u0142a PTTK. Tegoroczn\u0105 edycj\u0119 rajdu przygotowali: SKKT \u2013PTTK przy Szkole Podstawowej \u00a0i Uczniowski Klub Sportowy \u201eM\u0142odzi Liderzy\u201d w Bia\u0142aczowie.<\/p>\n<p>Rajd\u00a0 odby\u0142 si\u0119 w sobot\u0119 20 marca br., wzi\u0119\u0142o w nim udzia\u0142 146 osoby. Zgodnie z regulaminem uczestnicy zostali zobowi\u0105zani do przestrzegania przepis\u00f3w epidemicznych, w\u0119drowania w ma\u0142ych grupkach lub indywidualnego przej\u015bcia trasy. Miejscem startu by\u0142 rozleg\u0142y teren przy Muszli Koncertowej w Bia\u0142aczowie, w pobli\u017cu imponuj\u0105cego pa\u0142acu Ma\u0142achowskich.\u00a0 Tam\u00a0 wr\u0119czono legitymacje nowym, m\u0142odym cz\u0142onkom PTTK: Jagodzie J\u00f3\u017awik, Julii Szo\u0142owskiej i Adamowi Skalskiemu.<\/p>\n<p>Uprzednio zdobyte odznaki turystyki pieszej otrzymali:<\/p>\n<ul>\n<li>Jadzia i Marysia Jakubowskie: z\u0142ote \u201eSiedmiomilowe buty\u201d;<\/li>\n<li>Luiza Cabaj, Bartosz Cha\u0142ubi\u0144ski, Maja Hejda i Adam Skalski - \u201epopularne\u201d OTP;<\/li>\n<li>Maja Hejda i Alicja Jaworska \u00ad\u2013 br\u0105zowe;<\/li>\n<li>Anna i Katarzyna Szo\u0142owskie -srebrne OTP;<\/li>\n<\/ul>\n<p>Muszla Koncertowa by\u0142a pocz\u0105tkiem i ko\u0144cem przej\u015bcia pieszego. Trasa rajdu liczy\u0142a 7 km i prowadzi\u0142a przez Osiedle Ma\u0142achowskiego w Bia\u0142aczowie, duktem le\u015bnym w kierunku Ossy i skr\u0119ca\u0142a na Kowal\u00f3w. Po drodze uczestnicy mijali m.in. obelisk upami\u0119tniaj\u0105cy zniszczenie przez huragan 140-letniej alei modrzewiowej \u2013 pomnika przyrody. Ucierpia\u0142o w\u00f3wczas 96 modrzewi, rosn\u0105cych wzd\u0142u\u017c drogi do Bia\u0142aczowa. Kamie\u0144 zawiera sentencj\u0119 \u201eZadaniem le\u015bnik\u00f3w jest odtworzy\u0107 to co zosta\u0142o utracone\u201d.<\/p>\n<p>Na zako\u0144czenie imprezy oceniono prace plastyczne zwi\u0105zane z tematem \u201ewiosna\u201d.\u00a0 \u00a0 \u00a0 Nagrodzono 5 os\u00f3b: Bartosza Cha\u0142ubi\u0144skiego, Kub\u0119 Rzepk\u0119, Dagmar\u0119 i Nikol\u0119 Watychowicz oraz Maj\u0119 Wr\u00f3bel. Ju\u017c na pocz\u0105tku rajdu ka\u017cdy z uczestnik\u00f3w otrzyma\u0142 pami\u0105tkow\u0105 plakietk\u0119, a dyplomami wyr\u00f3\u017cniono 3 zorganizowane dru\u017cyny: SKKT \u2013 PTTK przy SP w Bia\u0142aczowie i przy SP w Miedznej Drewnianej oraz Stowarzyszenie \u201eSk\u00f3rkowice<br \/>\ni okolice\u201d. W imprezie wzi\u0119li udzia\u0142 nie tylko mieszka\u0144cy gmin Bia\u0142acz\u00f3w i \u017barn\u00f3w, ale r\u00f3wnie\u017c tury\u015bci z \u0141odzi, Piotrkowa Trybunalskiego i Opoczna.<\/p>\n<p>Nad sprawnym przebiegiem rajdu czuwa\u0142o kilkoro os\u00f3b, na szczeg\u00f3lne s\u0142owa podzi\u0119kowania zas\u0142uguj\u0105 Magdalena Szo\u0142owska i Joanna \u015awi\u0105tek.<\/p>\n<p style=\"text-align: left;\">\u00a0 W\u0142odzimierz Szafi\u0144ski<\/p>\n","protected":false},"excerpt":{"rendered":"&nbsp; Przez ponad 20 lat, rajd \u201ePierwszy dzie\u0144 wiosny\u201d organizowa\u0142 Oddzia\u0142 PTTK w \u017barnowie. W kolejnych latach odpowiedzialnymi za imprez\u0119 by\u0142y wchodz\u0105ce w sk\u0142ad oddzia\u0142u, szkolne ko\u0142a PTTK. Tegoroczn\u0105 edycj\u0119 rajdu przygotowali: SKKT \u2013PTTK przy Szkole Podstawowej \u00a0i Uczniowski Klub Sportowy \u201eM\u0142odzi Liderzy\u201d w Bia\u0142aczowie. Rajd\u00a0 odby\u0142 si\u0119 w sobot\u0119 20 marca br., wzi\u0119\u0142o w nim udzia\u0142 146 osoby. Zgodnie&nbsp;<a href=\"https:\/\/turysta2.pttk.pl\/?p=26794\" class=\"read-more\">Continue Reading<\/a>","protected":false},"author":5,"featured_media":26799,"comment_status":"closed","ping_status":"closed","sticky":false,"template":"","format":"gallery","meta":{"footnotes":""},"categories":[68],"tags":[],"class_list":["post-26794","post","type-post","status-publish","format-gallery","has-post-thumbnail","hentry","category-turystyka-piesza","post_format-post-format-gallery","cat-68-id"],"aioseo_notices":[],"_links":{"self":[{"href":"https:\/\/turysta2.pttk.pl\/index.php?rest_route=\/wp\/v2\/posts\/26794","targetHints":{"allow":["GET"]}}],"collection":[{"href":"https:\/\/turysta2.pttk.pl\/index.php?rest_route=\/wp\/v2\/posts"}],"about":[{"href":"https:\/\/turysta2.pttk.pl\/index.php?rest_route=\/wp\/v2\/types\/post"}],"author":[{"embeddable":true,"href":"https:\/\/turysta2.pttk.pl\/index.php?rest_route=\/wp\/v2\/users\/5"}],"replies":[{"embeddable":true,"href":"https:\/\/turysta2.pttk.pl\/index.php?rest_route=%2Fwp%2Fv2%2Fcomments&post=26794"}],"version-history":[{"count":4,"href":"https:\/\/turysta2.pttk.pl\/index.php?rest_route=\/wp\/v2\/posts\/26794\/revisions"}],"predecessor-version":[{"id":26803,"href":"https:\/\/turysta2.pttk.pl\/index.php?rest_route=\/wp\/v2\/posts\/26794\/revisions\/26803"}],"wp:featuredmedia":[{"embeddable":true,"href":"https:\/\/turysta2.pttk.pl\/index.php?rest_route=\/wp\/v2\/media\/26799"}],"wp:attachment":[{"href":"https:\/\/turysta2.pttk.pl\/index.php?rest_route=%2Fwp%2Fv2%2Fmedia&parent=26794"}],"wp:term":[{"taxonomy":"category","embeddable":true,"href":"https:\/\/turysta2.pttk.pl\/index.php?rest_route=%2Fwp%2Fv2%2Fcategories&post=26794"},{"taxonomy":"post_tag","embeddable":true,"href":"https:\/\/turysta2.pttk.pl\/index.php?rest_route=%2Fwp%2Fv2%2Ftags&post=26794"}],"curies":[{"name":"wp","href":"https:\/\/api.w.org\/{rel}","templated":true}]}}