{"id":26769,"date":"2021-03-26T11:12:03","date_gmt":"2021-03-26T09:12:03","guid":{"rendered":"https:\/\/turysta2.pttk.pl\/?p=26769"},"modified":"2021-03-26T11:12:36","modified_gmt":"2021-03-26T09:12:36","slug":"59-rajd-szlakiem-powstania-styczniowego-1863-r","status":"publish","type":"post","link":"https:\/\/turysta2.pttk.pl\/?p=26769","title":{"rendered":"59. Rajd Szlakiem Powstania Styczniowego 1863 r."},"content":{"rendered":"<h2><\/h2>\n<p>27 lutego 2020r. odby\u0142 si\u0119 w Dobrej \u201eprawie ju\u017c jubileuszowy\u201d 59 Rajd Szlakiem Powstania Styczniowego 1863 r., zorganizowany przez Komisj\u0119 Krajoznawcz\u0105 i Ochrony Przyrody\u00a0 Oddzia\u0142u \u0141\u00f3dzkiego PTTK im. Jana Czeraszkiewicza we wsp\u00f3\u0142pracy z \u0141\u00f3dzkim Klubem Turyst\u00f3w Kolarzy im. H. Gintera oraz Parkiem Krajobrazowym Wzniesie\u0144 \u0141\u00f3dzkich (Oddzia\u0142em Terenowym Zespo\u0142u Park\u00f3w Krajobrazowych Wojew\u00f3dztwa \u0141\u00f3dzkiego). Rajd zosta\u0142 zorganizowany w dw\u00f3ch formach na dw\u00f3ch oddzielnych trasach: pieszej i rowerowej.<\/p>\n<p>Piesza w\u0119dr\u00f3wka rozpocz\u0119\u0142a si\u0119 na stacji PKP w Strykowie i mia\u0142a ok 27 km d\u0142ugo\u015bci. Na pocz\u0105tku uczestnicy rajdu zwiedzili Stryk\u00f3w, gdzie najpierw zobaczyli Ratusz oraz stoj\u0105cy przed nim najstarszy w Polsce pomnik ksi\u0105\u017cki, na kt\u00f3rym widnieje m.in. nazwisko powsta\u0144ca styczniowego 1983 r. Mateusza Szyma\u0144skiego. Nast\u0119pnie przeszli ko\u0142o Ko\u015bcio\u0142a parafialnego \u015bw. Marcina, wzd\u0142u\u017c zalewu strykowskiego, z brzeg\u00f3w kt\u00f3rego podziwiali Zesp\u00f3\u0142 Starokatolickiego Ko\u015bcio\u0142a Mariawit\u00f3w, w kierunku\u00a0 m. Sosnowiec-Pie\u0144ki. Droga prowadzi\u0142a wzd\u0142u\u017c rzeki Moszczenicy i zalewu cesarka do pomnika Gloria Victis. Tam uczczono pami\u0119\u0107 bohaterki powstania styczniowego Marii Piotrowiczowej, kt\u00f3ra zgin\u0119\u0142a w tamtym miejscu 24 lutego 1863r. w trakcie bitwy pod Dobr\u0105. Dalej grupa rajdowa uda\u0142a si\u0119 na cmentarz parafialny \u015bw. Jana Chrzciciela i \u015bw. Doroty w Dobrej, gdzie na kwaterze powsta\u0144c\u00f3w styczniowych oddano ho\u0142d bohaterom powstania i bitwy pod Dobra, zapalaj\u0105c znicze i sk\u0142adaj\u0105c kwiaty pod ich pomnikiem.<\/p>\n<p>Kolejny etap rajdu poprowadzony zosta\u0142 przez przewodnik\u00f3w z Parku Krajobrazowego Wzniesie\u0144 \u0141\u00f3dzkich. Najpierw grupa podziwia\u0142a park podworski w Kl\u0119ku, gdzie rosn\u0105 okaza\u0142e pomniki przyrody, po czym uda\u0142a si\u0119 w kierunku Lasu \u0141agiewnickiego. Na pocz\u0105tku trasa przebiega\u0142a trawersem przez wzniesienia znajduj\u0105ce si\u0119 w lesie, nast\u0119pnie czerwonym szlakiem pieszym wszyscy dotarli do kapliczek \u015aw. Rocha i \u015aw. Antoniego. Po kr\u00f3tkiej przerwie uczestnicy rajdu poszli dalej id\u0105c obok rezerwatu przyrody Las \u0141agiewnicki w kierunku jezior rzeki Bzury w Artur\u00f3wku.<\/p>\n<p>Rajd zako\u0144czy\u0142 si\u0119 w Parku Julianowskim im. Adama Mickiewicza pod pomnikiem przyrody zw. \u201eD\u0119bem Kosynier\u201d. To w tym miejscu, wieczorem, 31 stycznia 1863r. zebrali si\u0119 \u0142\u00f3dzcy ochotnicy i sformowali pierwszy oddzia\u0142, kt\u00f3ry mia\u0142 wyruszy\u0107 do powstania styczniowego.<\/p>\n<p>Zapraszamy wszystkich turyst\u00f3w ch\u0119tnych poznawa\u0107 histori\u0119 powstania styczniowego\u00a0 \u00a0i przyrod\u0119 wzniesie\u0144 \u0142\u00f3dzkich na przysz\u0142oroczny, Jubileuszowy 60. Rajd Szlakiem Powstania Styczniowego 1863r. w Dobrej.<\/p>\n<p>Tekst: Marcin Reczycki<\/p>\n<p>Foto: Ireneusz Cybulski<\/p>\n","protected":false},"excerpt":{"rendered":"27 lutego 2020r. odby\u0142 si\u0119 w Dobrej \u201eprawie ju\u017c jubileuszowy\u201d 59 Rajd Szlakiem Powstania Styczniowego 1863 r., zorganizowany przez Komisj\u0119 Krajoznawcz\u0105 i Ochrony Przyrody\u00a0 Oddzia\u0142u \u0141\u00f3dzkiego PTTK im. Jana Czeraszkiewicza we wsp\u00f3\u0142pracy z \u0141\u00f3dzkim Klubem Turyst\u00f3w Kolarzy im. H. Gintera oraz Parkiem Krajobrazowym Wzniesie\u0144 \u0141\u00f3dzkich (Oddzia\u0142em Terenowym Zespo\u0142u Park\u00f3w Krajobrazowych Wojew\u00f3dztwa \u0141\u00f3dzkiego). Rajd zosta\u0142 zorganizowany w dw\u00f3ch formach na dw\u00f3ch&nbsp;<a href=\"https:\/\/turysta2.pttk.pl\/?p=26769\" class=\"read-more\">Continue Reading<\/a>","protected":false},"author":5,"featured_media":26782,"comment_status":"closed","ping_status":"closed","sticky":false,"template":"","format":"gallery","meta":{"footnotes":""},"categories":[93,68],"tags":[],"class_list":["post-26769","post","type-post","status-publish","format-gallery","has-post-thumbnail","hentry","category-aktualnosci","category-turystyka-piesza","post_format-post-format-gallery","cat-93-id","cat-68-id"],"aioseo_notices":[],"_links":{"self":[{"href":"https:\/\/turysta2.pttk.pl\/index.php?rest_route=\/wp\/v2\/posts\/26769","targetHints":{"allow":["GET"]}}],"collection":[{"href":"https:\/\/turysta2.pttk.pl\/index.php?rest_route=\/wp\/v2\/posts"}],"about":[{"href":"https:\/\/turysta2.pttk.pl\/index.php?rest_route=\/wp\/v2\/types\/post"}],"author":[{"embeddable":true,"href":"https:\/\/turysta2.pttk.pl\/index.php?rest_route=\/wp\/v2\/users\/5"}],"replies":[{"embeddable":true,"href":"https:\/\/turysta2.pttk.pl\/index.php?rest_route=%2Fwp%2Fv2%2Fcomments&post=26769"}],"version-history":[{"count":4,"href":"https:\/\/turysta2.pttk.pl\/index.php?rest_route=\/wp\/v2\/posts\/26769\/revisions"}],"predecessor-version":[{"id":26787,"href":"https:\/\/turysta2.pttk.pl\/index.php?rest_route=\/wp\/v2\/posts\/26769\/revisions\/26787"}],"wp:featuredmedia":[{"embeddable":true,"href":"https:\/\/turysta2.pttk.pl\/index.php?rest_route=\/wp\/v2\/media\/26782"}],"wp:attachment":[{"href":"https:\/\/turysta2.pttk.pl\/index.php?rest_route=%2Fwp%2Fv2%2Fmedia&parent=26769"}],"wp:term":[{"taxonomy":"category","embeddable":true,"href":"https:\/\/turysta2.pttk.pl\/index.php?rest_route=%2Fwp%2Fv2%2Fcategories&post=26769"},{"taxonomy":"post_tag","embeddable":true,"href":"https:\/\/turysta2.pttk.pl\/index.php?rest_route=%2Fwp%2Fv2%2Ftags&post=26769"}],"curies":[{"name":"wp","href":"https:\/\/api.w.org\/{rel}","templated":true}]}}