{"id":26744,"date":"2021-03-22T10:31:24","date_gmt":"2021-03-22T08:31:24","guid":{"rendered":"https:\/\/turysta2.pttk.pl\/?p=26744"},"modified":"2021-09-13T15:21:46","modified_gmt":"2021-09-13T13:21:46","slug":"moja-ojczyzna-w-dolinie-kamiennej","status":"publish","type":"post","link":"https:\/\/turysta2.pttk.pl\/?p=26744","title":{"rendered":"Moja Ojczyzna w Dolinie Kamiennej"},"content":{"rendered":"<p>\u201eMoja Ojczyzna w Dolinie Kamiennej\u201d - pod takim has\u0142em, w 1997 roku, z okazji obchod\u00f3w 400 - lecia za\u0142o\u017cenia Ostrowca \u015awi\u0119tokrzyskiego, Oddzia\u0142 \u015awi\u0119tokrzyski PTTK im. Stanis\u0142awa Je\u017cewskiego\u00a0 po raz pierwszy zorganizowa\u0142 konkurs krajoznawczy dla dzieci i m\u0142odzie\u017cy szkolnej, kt\u00f3ry w nast\u0119pnych latach sta\u0142 si\u0119 etapem oddzia\u0142owym Og\u00f3lnopolskiego M\u0142odzie\u017cowego Konkursu Krajoznawczego \u201ePoznajemy Ojcowizn\u0119\u201d organizowanego przez Zarz\u0105d G\u0142\u00f3wny PTTK. Przez minione lata uczniowie wszystkich typ\u00f3w szk\u00f3\u0142 z Ostrowca \u015awi\u0119tokrzyskiego, \u0106mielowa, Bodzechowa, Ba\u0142towa, Kunowa, Nietuliska, Mominy, P\u0119tkowic, Szewny, Szwarszowic i O\u017carowa byli autorami ponad tysi\u0105ca prac nagradzanych przez organizator\u00f3w w etapie oddzia\u0142owym, wojew\u00f3dzkim i centralnym.<\/p>\n<p>W ostatniej edycji konkursu z\u0142o\u017cono 31 prac 40 autor\u00f3w z 8 szk\u00f3\u0142. Najliczniejszy udzia\u0142 wzi\u0119li uczniowie Publicznej Szko\u0142y Podstawowej nr 5 im. Stefana \u017beromskiego w\u00a0Ostrowcu \u015awi\u0119tokrzyskim. Mo\u017ce to czas pandemii i izolacji si\u0119, kiedy aktem mi\u0142o\u015bci jest nieodwiedzanie najbli\u017cszych sprawi\u0142, \u017ce wi\u0119kszo\u015b\u0107 prac w tej edycji po\u015bwi\u0119cona jest dziejom rodziny, dziadkom, pradziadkom, prapradziadkom.<\/p>\n<p>Autorka jednej z prac opisuje dzieje pradziadk\u00f3w, plantator\u00f3w wi\u015bni i ich ci\u0119\u017ck\u0105 prac\u0119 przy piel\u0119gnacji sad\u00f3w i zbiorze owoc\u00f3w. Wyhodowany w okolicach S\u0142upi Nadbrze\u017cnej, unikatowy gatunek wi\u015bni nadwi\u015blanki, wyst\u0119puje tylko w nadwi\u015bla\u0144skim pasie wyznaczonym miejscowo\u015bciami: Marusz\u00f3w \u2013 O\u017car\u00f3w \u2013 Lipsko \u2013 Solec nad Wis\u0142\u0105. Wi\u015bnia nadwi\u015blanka, lokalny skarb, wpisany na Europejsk\u0105 List\u0119 Chronionych Nazw, na sta\u0142e wpisa\u0142a si\u0119 w krajobraz, wiosn\u0105 zachwyca widokiem kwitn\u0105cych drzew, przypominaj\u0105cym puszyst\u0105 chmur\u0119, a jesieni\u0105 ga\u0142\u0119ziami, oblepionymi owocami o intensywnej bordowej barwie.<\/p>\n<p><a href=\"https:\/\/turysta2.pttk.pl\/wp-content\/uploads\/2021\/03\/2.Kwitnace-sady.jpg\"><img loading=\"lazy\" decoding=\"async\" class=\"alignnone size-full wp-image-26748\" src=\"https:\/\/turysta2.pttk.pl\/wp-content\/uploads\/2021\/03\/2.Kwitnace-sady.jpg\" alt=\"\" width=\"543\" height=\"807\" srcset=\"https:\/\/turysta2.pttk.pl\/wp-content\/uploads\/2021\/03\/2.Kwitnace-sady.jpg 543w, https:\/\/turysta2.pttk.pl\/wp-content\/uploads\/2021\/03\/2.Kwitnace-sady-202x300.jpg 202w\" sizes=\"auto, (max-width: 543px) 100vw, 543px\" \/><\/a><\/p>\n<p>Autor innej pracy opowiada o pracowitym pradziadku, kt\u00f3ry poza prac\u0105 w rolnictwie, jako gajowy zajmowa\u0142 si\u0119 ochron\u0105 lasu przed k\u0142usownikami i z\u0142odziejami choinek. Para\u0142 si\u0119 r\u00f3wnie\u017c amatorsko pszczelarstwem. Pszczelarstwa uczy\u0142 si\u0119 sam z dost\u0119pnych w\u00f3wczas ksi\u0105\u017cek. Teraz, ksi\u0105\u017cki te oraz zachowane narz\u0119dzia pszczelarskie s\u0105 cennym zbiorem pami\u0105tek rodzinnych.<\/p>\n<p><a href=\"https:\/\/turysta2.pttk.pl\/wp-content\/uploads\/2021\/03\/3.-Ilustracja-z-ksiazki-o-pszczelarstwie-wirowka.jpg\"><img loading=\"lazy\" decoding=\"async\" class=\"alignnone size-full wp-image-26749\" src=\"https:\/\/turysta2.pttk.pl\/wp-content\/uploads\/2021\/03\/3.-Ilustracja-z-ksiazki-o-pszczelarstwie-wirowka.jpg\" alt=\"\" width=\"328\" height=\"384\" srcset=\"https:\/\/turysta2.pttk.pl\/wp-content\/uploads\/2021\/03\/3.-Ilustracja-z-ksiazki-o-pszczelarstwie-wirowka.jpg 328w, https:\/\/turysta2.pttk.pl\/wp-content\/uploads\/2021\/03\/3.-Ilustracja-z-ksiazki-o-pszczelarstwie-wirowka-256x300.jpg 256w\" sizes=\"auto, (max-width: 328px) 100vw, 328px\" \/><\/a><\/p>\n<p>W kolejnej pracy autor opisuje \u017cycie babci, nauczycielki ma\u0142ych wiejskich szk\u00f3\u0142 z nauk\u0105 w \u0142\u0105czonych klasach. Pisze o zaanga\u017cowaniu babci i innych nauczycieli w \u017cycie kulturalne spo\u0142eczno\u015bci wiejskiej, o uroczysto\u015bci nadania szkole w Magoniach, wsi po\u0142o\u017conej w s\u0105siedztwie Krzemionek, imienia Jana Samsonowicza - odkrywcy neolitycznych kopalni oraz likwidacji szko\u0142y, po kt\u00f3rej pozosta\u0142a na budynku pami\u0105tkowa tablica.<\/p>\n<p><a href=\"https:\/\/turysta2.pttk.pl\/wp-content\/uploads\/2021\/03\/4.-Tablica-Patrona-szkoly-scaled.jpg\"><img loading=\"lazy\" decoding=\"async\" class=\"alignnone size-large wp-image-26750\" src=\"https:\/\/turysta2.pttk.pl\/wp-content\/uploads\/2021\/03\/4.-Tablica-Patrona-szkoly-1024x768.jpg\" alt=\"\" width=\"604\" height=\"453\" srcset=\"https:\/\/turysta2.pttk.pl\/wp-content\/uploads\/2021\/03\/4.-Tablica-Patrona-szkoly-1024x768.jpg 1024w, https:\/\/turysta2.pttk.pl\/wp-content\/uploads\/2021\/03\/4.-Tablica-Patrona-szkoly-300x225.jpg 300w, https:\/\/turysta2.pttk.pl\/wp-content\/uploads\/2021\/03\/4.-Tablica-Patrona-szkoly-768x576.jpg 768w, https:\/\/turysta2.pttk.pl\/wp-content\/uploads\/2021\/03\/4.-Tablica-Patrona-szkoly-1536x1152.jpg 1536w, https:\/\/turysta2.pttk.pl\/wp-content\/uploads\/2021\/03\/4.-Tablica-Patrona-szkoly-2048x1536.jpg 2048w, https:\/\/turysta2.pttk.pl\/wp-content\/uploads\/2021\/03\/4.-Tablica-Patrona-szkoly-200x150.jpg 200w\" sizes=\"auto, (max-width: 604px) 100vw, 604px\" \/><\/a><\/p>\n<p>Inna praca opowiada o zwyk\u0142ym \u017cyciu prababci, kt\u00f3rej dzieci\u0144stwo przypad\u0142o na trudne lata okupacji, o dorastaniu bez ojca, wywiezionego na przymusowe roboty do Niemiec, o powojennych latach nauki i pracy oraz o zas\u0142u\u017conej emeryturze po\u015bwi\u0119conej wychowaniu prawnuk\u00f3w.<\/p>\n<p>Bohaterem innej, kr\u00f3tkiej, ale barwnej opowie\u015bci jest , znany kronikarz z Czerwonej G\u00f3ry, historyk z zami\u0142owania, autor \u201eHistorii wsi Czerwona G\u00f3ra\u201d i opracowania o gminie Sadowie, w kt\u00f3rym zawar\u0142 zebrane gaw\u0119dy, opowiadania i dokumenty.<\/p>\n<p><a href=\"https:\/\/turysta2.pttk.pl\/wp-content\/uploads\/2021\/03\/5.-Praca-kronikarza-z-Czerwonej-Gory.jpg\"><img loading=\"lazy\" decoding=\"async\" class=\"alignnone size-large wp-image-26751\" src=\"https:\/\/turysta2.pttk.pl\/wp-content\/uploads\/2021\/03\/5.-Praca-kronikarza-z-Czerwonej-Gory-967x1024.jpg\" alt=\"\" width=\"604\" height=\"640\" srcset=\"https:\/\/turysta2.pttk.pl\/wp-content\/uploads\/2021\/03\/5.-Praca-kronikarza-z-Czerwonej-Gory-967x1024.jpg 967w, https:\/\/turysta2.pttk.pl\/wp-content\/uploads\/2021\/03\/5.-Praca-kronikarza-z-Czerwonej-Gory-283x300.jpg 283w, https:\/\/turysta2.pttk.pl\/wp-content\/uploads\/2021\/03\/5.-Praca-kronikarza-z-Czerwonej-Gory-768x813.jpg 768w, https:\/\/turysta2.pttk.pl\/wp-content\/uploads\/2021\/03\/5.-Praca-kronikarza-z-Czerwonej-Gory.jpg 1014w\" sizes=\"auto, (max-width: 604px) 100vw, 604px\" \/><\/a><\/p>\n<p>Inspiracj\u0105 do napisania ciekawej pracy sta\u0142 si\u0119 album fotograficzny Dobros\u0142awa Kostkowskiego \u201e\u015awiadek epoki\u201d \u2013 fotoreportera dokumentuj\u0105cego powojenne \u017cycie Ostrowca \u015awi\u0119tokrzyskiego. W albumie, na zdj\u0119ciu \u201eMaj\u00f3wka na Bielinach\u201d autorka rozpozna\u0142a swoich, w\u00f3wczas m\u0142odych pradziadk\u00f3w. W opracowaniu opisa\u0142a codzienne \u017cycie i prac\u0119 pradziadka na stanowisku szofera dyrektora Huty Ostrowiec im. Marcelego Nowotki. S\u0142u\u017cbowym autem dyrektora, najpierw by\u0142a \u201eWarszawa\u201d produkowana w Warszawskiej Fabryce Samochod\u00f3w Osobowych, a nast\u0119pnie \u201eWo\u0142ga\u201d, eksportowana z radzieckiej Fabryki Samochod\u00f3w w mie\u015bcie Gorki, dawnym Ni\u017cnym Nowogrodzie.<\/p>\n<p><a href=\"https:\/\/turysta2.pttk.pl\/wp-content\/uploads\/2021\/03\/7.-Warszawa-auto-dyrektora-huty.jpg\"><img loading=\"lazy\" decoding=\"async\" class=\"alignnone size-full wp-image-26753\" src=\"https:\/\/turysta2.pttk.pl\/wp-content\/uploads\/2021\/03\/7.-Warszawa-auto-dyrektora-huty.jpg\" alt=\"\" width=\"1006\" height=\"622\" srcset=\"https:\/\/turysta2.pttk.pl\/wp-content\/uploads\/2021\/03\/7.-Warszawa-auto-dyrektora-huty.jpg 1006w, https:\/\/turysta2.pttk.pl\/wp-content\/uploads\/2021\/03\/7.-Warszawa-auto-dyrektora-huty-300x185.jpg 300w, https:\/\/turysta2.pttk.pl\/wp-content\/uploads\/2021\/03\/7.-Warszawa-auto-dyrektora-huty-768x475.jpg 768w\" sizes=\"auto, (max-width: 1006px) 100vw, 1006px\" \/><\/a><\/p>\n<p>O tragicznych wojennych losach pradziadka, opowiada praca czwartoklasistki, kt\u00f3rej bohaterem jest schwytany podczas niemieckiej \u0142apanki dwudziestoletni, pracownik Fabryki Porcelany w \u0106mielowie. O jego wielodniowej podr\u00f3\u017cy bydl\u0119cymi wagonami w nieludzkich warunkach, o kator\u017cniczej przymusowej pracy w niemieckich fabrykach, o braku kontaktu z rodzin\u0105 i powrocie piechot\u0105 do kraju po zako\u0144czeniu wojny.<\/p>\n<p><a href=\"https:\/\/turysta2.pttk.pl\/wp-content\/uploads\/2021\/03\/15.-Nagrobek-ulana-Ksiestwa-Warszawskiego-scaled.jpg\"><img loading=\"lazy\" decoding=\"async\" class=\"alignnone size-large wp-image-26761\" src=\"https:\/\/turysta2.pttk.pl\/wp-content\/uploads\/2021\/03\/15.-Nagrobek-ulana-Ksiestwa-Warszawskiego-768x1024.jpg\" alt=\"\" width=\"604\" height=\"805\" srcset=\"https:\/\/turysta2.pttk.pl\/wp-content\/uploads\/2021\/03\/15.-Nagrobek-ulana-Ksiestwa-Warszawskiego-768x1024.jpg 768w, https:\/\/turysta2.pttk.pl\/wp-content\/uploads\/2021\/03\/15.-Nagrobek-ulana-Ksiestwa-Warszawskiego-225x300.jpg 225w, https:\/\/turysta2.pttk.pl\/wp-content\/uploads\/2021\/03\/15.-Nagrobek-ulana-Ksiestwa-Warszawskiego-1152x1536.jpg 1152w, https:\/\/turysta2.pttk.pl\/wp-content\/uploads\/2021\/03\/15.-Nagrobek-ulana-Ksiestwa-Warszawskiego-1536x2048.jpg 1536w, https:\/\/turysta2.pttk.pl\/wp-content\/uploads\/2021\/03\/15.-Nagrobek-ulana-Ksiestwa-Warszawskiego-scaled.jpg 1920w\" sizes=\"auto, (max-width: 604px) 100vw, 604px\" \/><\/a><\/p>\n<p>S\u0105 prace o dziadkach i pradziadkach, kt\u00f3rzy we wrze\u015bniu 1939 roku wyruszyli na front walczy\u0107 w obronie ojczyzny. Jedna z prac opowiada o \u017co\u0142nierzu Armii Karpaty, uczestniku walk pod Lwowem, kt\u00f3ry po kl\u0119sce z cz\u0119\u015bci\u0105 oddzia\u0142u przedosta\u0142 si\u0119 przez W\u0119gry do Francji, a po kapitulacji Francji, do Anglii, gdzie przebywa\u0142 do ko\u0144ca wojny. Po wojnie pradziadek wr\u00f3ci\u0142 do kraju, odnalaz\u0142 rodzin\u0119, zamieszka\u0142 w Sandomierzu, gdzie opr\u00f3cz pracy zawodowej z pasj\u0105 oddawa\u0142 si\u0119 my\u015blistwu. Pradziadek innej autorki walczy\u0142 w obronie Warszawy, po zdobyciu przez Niemc\u00f3w twierdzy Modlin dosta\u0142 si\u0119 do niewoli. Jako jeniec pracowa\u0142 w niemieckim gospodarstwie rolnym, a pod koniec wojny wr\u00f3ci\u0142 w G\u00f3ry \u015awi\u0119tokrzyskie do rodzinnego Melonka. Autor innej pracy pisze o swoim pradziadku, kt\u00f3ry walczy\u0142 w obronie Przemy\u015bla, po kl\u0119sce dosta\u0142 si\u0119 do niewoli, z kt\u00f3rej uda\u0142o mu si\u0119 zbiec, powr\u00f3ci\u0142 do rodzinnej wsi pod Opatowem, gdzie nawi\u0105za\u0142 wsp\u00f3\u0142prac\u0119 z oddzia\u0142ami partyzanckimi Armii Krajowej. O dramatycznych, wojennych losach pradziadka, w 1939 roku m\u0142odego \u017co\u0142nierza Korpusu Obrony Pogranicza na wschodniej granicy, opowiada praca bli\u017aniak\u00f3w, uczni\u00f3w szko\u0142y w Kunowie. O internowaniu na \u0141otwie, po wkroczeniu na ziemie polskie Armii Czerwonej, o zwolnieniu do tworz\u0105cej si\u0119 Armii Andersa, z kt\u00f3r\u0105 przeszed\u0142 szlak przez Iran, Irak, Palestyn\u0119, o udziale w krwawych walkach pod Monte Cassino i o powrocie do kraju, po odmowie azylu w Anglii.<\/p>\n<p><a href=\"https:\/\/turysta2.pttk.pl\/wp-content\/uploads\/2021\/03\/13.Legitymacja-scaled.jpg\"><img loading=\"lazy\" decoding=\"async\" class=\"alignnone size-large wp-image-26759\" src=\"https:\/\/turysta2.pttk.pl\/wp-content\/uploads\/2021\/03\/13.Legitymacja-1024x576.jpg\" alt=\"\" width=\"604\" height=\"340\" srcset=\"https:\/\/turysta2.pttk.pl\/wp-content\/uploads\/2021\/03\/13.Legitymacja-1024x576.jpg 1024w, https:\/\/turysta2.pttk.pl\/wp-content\/uploads\/2021\/03\/13.Legitymacja-300x169.jpg 300w, https:\/\/turysta2.pttk.pl\/wp-content\/uploads\/2021\/03\/13.Legitymacja-768x432.jpg 768w, https:\/\/turysta2.pttk.pl\/wp-content\/uploads\/2021\/03\/13.Legitymacja-1536x864.jpg 1536w, https:\/\/turysta2.pttk.pl\/wp-content\/uploads\/2021\/03\/13.Legitymacja-2048x1152.jpg 2048w\" sizes=\"auto, (max-width: 604px) 100vw, 604px\" \/><\/a> <a href=\"https:\/\/turysta2.pttk.pl\/wp-content\/uploads\/2021\/03\/14.Patent-na-order-Virtuti-Militari.jpg\"><img loading=\"lazy\" decoding=\"async\" class=\"alignnone size-large wp-image-26760\" src=\"https:\/\/turysta2.pttk.pl\/wp-content\/uploads\/2021\/03\/14.Patent-na-order-Virtuti-Militari-654x1024.jpg\" alt=\"\" width=\"604\" height=\"946\" srcset=\"https:\/\/turysta2.pttk.pl\/wp-content\/uploads\/2021\/03\/14.Patent-na-order-Virtuti-Militari-654x1024.jpg 654w, https:\/\/turysta2.pttk.pl\/wp-content\/uploads\/2021\/03\/14.Patent-na-order-Virtuti-Militari-191x300.jpg 191w, https:\/\/turysta2.pttk.pl\/wp-content\/uploads\/2021\/03\/14.Patent-na-order-Virtuti-Militari-768x1203.jpg 768w, https:\/\/turysta2.pttk.pl\/wp-content\/uploads\/2021\/03\/14.Patent-na-order-Virtuti-Militari-980x1536.jpg 980w, https:\/\/turysta2.pttk.pl\/wp-content\/uploads\/2021\/03\/14.Patent-na-order-Virtuti-Militari.jpg 1108w\" sizes=\"auto, (max-width: 604px) 100vw, 604px\" \/><\/a><\/p>\n<p>W\u015br\u00f3d zg\u0142osze\u0144 konkursowych znalaz\u0142a si\u0119 obszerna praca o zwi\u0105zanej z Ziemi\u0105 Kunowsk\u0105 rodzinie Fornalskich, z kt\u00f3rej pochodzi wiele zas\u0142uguj\u0105cych na uwag\u0119 postaci. Najwa\u017cniejsz\u0105 jest protoplasta rodu Franciszek Fornalski, podoficer Wojsk Ksi\u0119stwa Warszawskiego. Walczy\u0142 w bitwie pod Raszynem, z armi\u0105 Napoleona uczestniczy\u0142 w wyprawie na Moskw\u0119 i w bitwie pod Borodino, by\u0142 r\u00f3wnie\u017c uczestnikiem najwi\u0119kszej, zako\u0144czonej kl\u0119sk\u0105 bitwy w kampanii napoleo\u0144skiej, zwanej \u201eBitw\u0105 narod\u00f3w\u201d pod Lipskiem. Po przej\u015bciu do cywila, pracowa\u0142 na posadach rz\u0105dowych, a pod koniec \u017cycia osiad\u0142 w Nietulisku Du\u017cym na w\u0142asnym gospodarstwie. Pochowany jest na cmentarzu w Kunowie, jego pomnik nagrobny jest unikatowym dzie\u0142em sztuki.<\/p>\n<p><a href=\"https:\/\/turysta2.pttk.pl\/wp-content\/uploads\/2021\/03\/12.Krzyz-Monte-Cassino-scaled.jpg\"><img loading=\"lazy\" decoding=\"async\" class=\"alignnone size-large wp-image-26758\" src=\"https:\/\/turysta2.pttk.pl\/wp-content\/uploads\/2021\/03\/12.Krzyz-Monte-Cassino-529x1024.jpg\" alt=\"\" width=\"529\" height=\"1024\" srcset=\"https:\/\/turysta2.pttk.pl\/wp-content\/uploads\/2021\/03\/12.Krzyz-Monte-Cassino-529x1024.jpg 529w, https:\/\/turysta2.pttk.pl\/wp-content\/uploads\/2021\/03\/12.Krzyz-Monte-Cassino-155x300.jpg 155w, https:\/\/turysta2.pttk.pl\/wp-content\/uploads\/2021\/03\/12.Krzyz-Monte-Cassino-768x1487.jpg 768w, https:\/\/turysta2.pttk.pl\/wp-content\/uploads\/2021\/03\/12.Krzyz-Monte-Cassino-793x1536.jpg 793w, https:\/\/turysta2.pttk.pl\/wp-content\/uploads\/2021\/03\/12.Krzyz-Monte-Cassino-1058x2048.jpg 1058w, https:\/\/turysta2.pttk.pl\/wp-content\/uploads\/2021\/03\/12.Krzyz-Monte-Cassino-scaled.jpg 1322w\" sizes=\"auto, (max-width: 529px) 100vw, 529px\" \/><\/a> <a href=\"https:\/\/turysta2.pttk.pl\/wp-content\/uploads\/2021\/03\/11.Bransoleta-2.-Korpusu-Polskiego-scaled.jpg\"><img loading=\"lazy\" decoding=\"async\" class=\"alignnone size-large wp-image-26757\" src=\"https:\/\/turysta2.pttk.pl\/wp-content\/uploads\/2021\/03\/11.Bransoleta-2.-Korpusu-Polskiego-1024x576.jpg\" alt=\"\" width=\"604\" height=\"340\" srcset=\"https:\/\/turysta2.pttk.pl\/wp-content\/uploads\/2021\/03\/11.Bransoleta-2.-Korpusu-Polskiego-1024x576.jpg 1024w, https:\/\/turysta2.pttk.pl\/wp-content\/uploads\/2021\/03\/11.Bransoleta-2.-Korpusu-Polskiego-300x169.jpg 300w, https:\/\/turysta2.pttk.pl\/wp-content\/uploads\/2021\/03\/11.Bransoleta-2.-Korpusu-Polskiego-768x432.jpg 768w, https:\/\/turysta2.pttk.pl\/wp-content\/uploads\/2021\/03\/11.Bransoleta-2.-Korpusu-Polskiego-1536x864.jpg 1536w, https:\/\/turysta2.pttk.pl\/wp-content\/uploads\/2021\/03\/11.Bransoleta-2.-Korpusu-Polskiego-2048x1152.jpg 2048w\" sizes=\"auto, (max-width: 604px) 100vw, 604px\" \/><\/a> <a href=\"https:\/\/turysta2.pttk.pl\/wp-content\/uploads\/2021\/03\/9.-Medal-obroncy-Przemysla.jpg\"><img loading=\"lazy\" decoding=\"async\" class=\"alignnone size-full wp-image-26755\" src=\"https:\/\/turysta2.pttk.pl\/wp-content\/uploads\/2021\/03\/9.-Medal-obroncy-Przemysla.jpg\" alt=\"\" width=\"1020\" height=\"690\" srcset=\"https:\/\/turysta2.pttk.pl\/wp-content\/uploads\/2021\/03\/9.-Medal-obroncy-Przemysla.jpg 1020w, https:\/\/turysta2.pttk.pl\/wp-content\/uploads\/2021\/03\/9.-Medal-obroncy-Przemysla-300x203.jpg 300w, https:\/\/turysta2.pttk.pl\/wp-content\/uploads\/2021\/03\/9.-Medal-obroncy-Przemysla-768x520.jpg 768w\" sizes=\"auto, (max-width: 1020px) 100vw, 1020px\" \/><\/a> <a href=\"https:\/\/turysta2.pttk.pl\/wp-content\/uploads\/2021\/03\/7.-Warszawa-auto-dyrektora-huty.jpg\"><img loading=\"lazy\" decoding=\"async\" class=\"alignnone size-full wp-image-26753\" src=\"https:\/\/turysta2.pttk.pl\/wp-content\/uploads\/2021\/03\/7.-Warszawa-auto-dyrektora-huty.jpg\" alt=\"\" width=\"1006\" height=\"622\" srcset=\"https:\/\/turysta2.pttk.pl\/wp-content\/uploads\/2021\/03\/7.-Warszawa-auto-dyrektora-huty.jpg 1006w, https:\/\/turysta2.pttk.pl\/wp-content\/uploads\/2021\/03\/7.-Warszawa-auto-dyrektora-huty-300x185.jpg 300w, https:\/\/turysta2.pttk.pl\/wp-content\/uploads\/2021\/03\/7.-Warszawa-auto-dyrektora-huty-768x475.jpg 768w\" sizes=\"auto, (max-width: 1006px) 100vw, 1006px\" \/><\/a><a href=\"https:\/\/turysta2.pttk.pl\/wp-content\/uploads\/2021\/03\/8.Obronca-Lwowa.jpg\"><img loading=\"lazy\" decoding=\"async\" class=\"alignnone size-full wp-image-26754\" src=\"https:\/\/turysta2.pttk.pl\/wp-content\/uploads\/2021\/03\/8.Obronca-Lwowa.jpg\" alt=\"\" width=\"410\" height=\"568\" srcset=\"https:\/\/turysta2.pttk.pl\/wp-content\/uploads\/2021\/03\/8.Obronca-Lwowa.jpg 410w, https:\/\/turysta2.pttk.pl\/wp-content\/uploads\/2021\/03\/8.Obronca-Lwowa-217x300.jpg 217w\" sizes=\"auto, (max-width: 410px) 100vw, 410px\" \/><\/a><\/p>\n<p>Tegoroczne prace konkursowe nie zosta\u0142y jeszcze ocenione, nie wiadomo jakie zajm\u0105 lokaty i jakie nagrody otrzymaj\u0105 autorzy. Bez wzgl\u0119du na oceny i nagrody, najwa\u017cniejszy cel konkursu zosta\u0142 spe\u0142niony. Pobudzi\u0142 zainteresowania do poszukiwania swoich korzeni, wyzwoli\u0142 pasj\u0119 tropienia i opisywania rodzinnych historii.<\/p>\n<p><em>Alicja M\u0119\u017cyk<\/em><\/p>\n","protected":false},"excerpt":{"rendered":"\u201eMoja Ojczyzna w Dolinie Kamiennej\u201d - pod takim has\u0142em, w 1997 roku, z okazji obchod\u00f3w 400 - lecia za\u0142o\u017cenia Ostrowca \u015awi\u0119tokrzyskiego, Oddzia\u0142 \u015awi\u0119tokrzyski PTTK im. Stanis\u0142awa Je\u017cewskiego\u00a0 po raz pierwszy zorganizowa\u0142 konkurs krajoznawczy dla dzieci i m\u0142odzie\u017cy szkolnej, kt\u00f3ry w nast\u0119pnych latach sta\u0142 si\u0119 etapem oddzia\u0142owym Og\u00f3lnopolskiego M\u0142odzie\u017cowego Konkursu Krajoznawczego \u201ePoznajemy Ojcowizn\u0119\u201d organizowanego przez Zarz\u0105d G\u0142\u00f3wny PTTK. Przez minione lata&nbsp;<a href=\"https:\/\/turysta2.pttk.pl\/?p=26744\" class=\"read-more\">Continue Reading<\/a>","protected":false},"author":5,"featured_media":26753,"comment_status":"closed","ping_status":"closed","sticky":false,"template":"","format":"standard","meta":{"footnotes":""},"categories":[85],"tags":[],"class_list":["post-26744","post","type-post","status-publish","format-standard","has-post-thumbnail","hentry","category-konkursy","cat-85-id"],"aioseo_notices":[],"_links":{"self":[{"href":"https:\/\/turysta2.pttk.pl\/index.php?rest_route=\/wp\/v2\/posts\/26744","targetHints":{"allow":["GET"]}}],"collection":[{"href":"https:\/\/turysta2.pttk.pl\/index.php?rest_route=\/wp\/v2\/posts"}],"about":[{"href":"https:\/\/turysta2.pttk.pl\/index.php?rest_route=\/wp\/v2\/types\/post"}],"author":[{"embeddable":true,"href":"https:\/\/turysta2.pttk.pl\/index.php?rest_route=\/wp\/v2\/users\/5"}],"replies":[{"embeddable":true,"href":"https:\/\/turysta2.pttk.pl\/index.php?rest_route=%2Fwp%2Fv2%2Fcomments&post=26744"}],"version-history":[{"count":8,"href":"https:\/\/turysta2.pttk.pl\/index.php?rest_route=\/wp\/v2\/posts\/26744\/revisions"}],"predecessor-version":[{"id":26768,"href":"https:\/\/turysta2.pttk.pl\/index.php?rest_route=\/wp\/v2\/posts\/26744\/revisions\/26768"}],"wp:featuredmedia":[{"embeddable":true,"href":"https:\/\/turysta2.pttk.pl\/index.php?rest_route=\/wp\/v2\/media\/26753"}],"wp:attachment":[{"href":"https:\/\/turysta2.pttk.pl\/index.php?rest_route=%2Fwp%2Fv2%2Fmedia&parent=26744"}],"wp:term":[{"taxonomy":"category","embeddable":true,"href":"https:\/\/turysta2.pttk.pl\/index.php?rest_route=%2Fwp%2Fv2%2Fcategories&post=26744"},{"taxonomy":"post_tag","embeddable":true,"href":"https:\/\/turysta2.pttk.pl\/index.php?rest_route=%2Fwp%2Fv2%2Ftags&post=26744"}],"curies":[{"name":"wp","href":"https:\/\/api.w.org\/{rel}","templated":true}]}}