{"id":26674,"date":"2021-02-22T11:45:38","date_gmt":"2021-02-22T09:45:38","guid":{"rendered":"https:\/\/turysta2.pttk.pl\/?p=26674"},"modified":"2021-02-22T12:08:28","modified_gmt":"2021-02-22T10:08:28","slug":"wycieczka-piesza-przez-diabla-gore","status":"publish","type":"post","link":"https:\/\/turysta2.pttk.pl\/?p=26674","title":{"rendered":"Wycieczka piesza \u201ePrzez Diabl\u0105 G\u00f3r\u0119\u201d"},"content":{"rendered":"<p>&nbsp;<\/p>\n<p>20 lutego odby\u0142a si\u0119 wycieczka piesza, zorganizowana przez Oddzia\u0142 PTTK w \u017barnowie. G\u0142\u00f3wnym celem imprezy by\u0142a promocja Turystyczno-Krajoznawczej Odznaki Gminy \u017barn\u00f3w, kt\u00f3ra funkcjonuje od 1 stycznia 2021 r.<\/p>\n<h6><a href=\"https:\/\/turysta2.pttk.pl\/wp-content\/uploads\/2021\/02\/152581543_766364430649155_8685268577928766513_n-1.jpg\"><img loading=\"lazy\" decoding=\"async\" class=\"alignnone size-large wp-image-26688\" src=\"https:\/\/turysta2.pttk.pl\/wp-content\/uploads\/2021\/02\/152581543_766364430649155_8685268577928766513_n-1-1024x768.jpg\" alt=\"\" width=\"604\" height=\"453\" srcset=\"https:\/\/turysta2.pttk.pl\/wp-content\/uploads\/2021\/02\/152581543_766364430649155_8685268577928766513_n-1-1024x768.jpg 1024w, https:\/\/turysta2.pttk.pl\/wp-content\/uploads\/2021\/02\/152581543_766364430649155_8685268577928766513_n-1-300x225.jpg 300w, https:\/\/turysta2.pttk.pl\/wp-content\/uploads\/2021\/02\/152581543_766364430649155_8685268577928766513_n-1-768x576.jpg 768w, https:\/\/turysta2.pttk.pl\/wp-content\/uploads\/2021\/02\/152581543_766364430649155_8685268577928766513_n-1-1536x1152.jpg 1536w, https:\/\/turysta2.pttk.pl\/wp-content\/uploads\/2021\/02\/152581543_766364430649155_8685268577928766513_n-1-200x150.jpg 200w, https:\/\/turysta2.pttk.pl\/wp-content\/uploads\/2021\/02\/152581543_766364430649155_8685268577928766513_n-1.jpg 2048w\" sizes=\"auto, (max-width: 604px) 100vw, 604px\" \/><\/a><\/h6>\n<h6><strong><em>Przy pomniku Polski Walcz\u0105cej na szczycie Diablej G\u00f3ry<\/em><\/strong><\/h6>\n<p><a href=\"https:\/\/turysta2.pttk.pl\/wp-content\/uploads\/2021\/02\/152881412_268803577977790_1930353763503723713_n-1.jpg\"><img loading=\"lazy\" decoding=\"async\" class=\"alignnone size-large wp-image-26684\" src=\"https:\/\/turysta2.pttk.pl\/wp-content\/uploads\/2021\/02\/152881412_268803577977790_1930353763503723713_n-1-1024x768.jpg\" alt=\"\" width=\"604\" height=\"453\" srcset=\"https:\/\/turysta2.pttk.pl\/wp-content\/uploads\/2021\/02\/152881412_268803577977790_1930353763503723713_n-1-1024x768.jpg 1024w, https:\/\/turysta2.pttk.pl\/wp-content\/uploads\/2021\/02\/152881412_268803577977790_1930353763503723713_n-1-300x225.jpg 300w, https:\/\/turysta2.pttk.pl\/wp-content\/uploads\/2021\/02\/152881412_268803577977790_1930353763503723713_n-1-768x576.jpg 768w, https:\/\/turysta2.pttk.pl\/wp-content\/uploads\/2021\/02\/152881412_268803577977790_1930353763503723713_n-1-1536x1152.jpg 1536w, https:\/\/turysta2.pttk.pl\/wp-content\/uploads\/2021\/02\/152881412_268803577977790_1930353763503723713_n-1-200x150.jpg 200w, https:\/\/turysta2.pttk.pl\/wp-content\/uploads\/2021\/02\/152881412_268803577977790_1930353763503723713_n-1.jpg 2048w\" sizes=\"auto, (max-width: 604px) 100vw, 604px\" \/><\/a><\/p>\n<p>Wycieczka mia\u0142a charakter indywidualny,\u00a0 uczestnicy spotkali si\u0119\u00a0 na parkingu przy ko\u015bciele \u015bw. \u0141ukasza w Sk\u00f3rkowicach. Ch\u0119tni do udzia\u0142u w wydarzeniu tury\u015bci przybyli\u00a0 z \u0141odzi, Ko\u0144skich, Piotrkowa Trybunalskiego, Opoczna, Przedborza, Bia\u0142aczowa i oczywi\u015bcie \u017barnowa. Spor\u0105 grup\u0119 stanowili te\u017c cz\u0142onkowie Stowarzyszenia \u201eSk\u00f3rkowice i okolice\u201d i Ko\u0142a Gospody\u0144 Wiejskich w Sk\u00f3rkowicach. Po oficjalnym rozpocz\u0119ciu i przypomnieniu zasad regulaminowych, by\u0142a okazja do wr\u0119czenia uprzednio zdobytych odznak. Cz\u0142onkini \u00a0Ko\u0142a Terenowego PTTK w \u017barnowie, Blanka Jakubowska otrzyma\u0142a br\u0105zow\u0105 odznak\u0119 turystyki pieszej , natomiast pi\u0119ciolatka Julia Szo\u0142owska z Bia\u0142aczowa odznak\u0119\u00a0 \u201eSiedmiomilowe buty\u201d w stopniu z\u0142otym. Dla wszystkich turyst\u00f3w bior\u0105cych udzia\u0142 w wycieczce przygotowano pami\u0105tkowe plakietki upami\u0119tniaj\u0105ce imprez\u0119.<\/p>\n<p><a href=\"https:\/\/turysta2.pttk.pl\/wp-content\/uploads\/2021\/02\/151790105_1870801899741453_6326529268016774538_o.jpg\"><img loading=\"lazy\" decoding=\"async\" class=\"alignnone size-large wp-image-26679\" src=\"https:\/\/turysta2.pttk.pl\/wp-content\/uploads\/2021\/02\/151790105_1870801899741453_6326529268016774538_o-1024x473.jpg\" alt=\"\" width=\"604\" height=\"279\" srcset=\"https:\/\/turysta2.pttk.pl\/wp-content\/uploads\/2021\/02\/151790105_1870801899741453_6326529268016774538_o-1024x473.jpg 1024w, https:\/\/turysta2.pttk.pl\/wp-content\/uploads\/2021\/02\/151790105_1870801899741453_6326529268016774538_o-300x139.jpg 300w, https:\/\/turysta2.pttk.pl\/wp-content\/uploads\/2021\/02\/151790105_1870801899741453_6326529268016774538_o-768x355.jpg 768w, https:\/\/turysta2.pttk.pl\/wp-content\/uploads\/2021\/02\/151790105_1870801899741453_6326529268016774538_o.jpg 1385w\" sizes=\"auto, (max-width: 604px) 100vw, 604px\" \/><\/a><\/p>\n<p>Zwiedzanie Sk\u00f3rkowic rozpocz\u0119\u0142o si\u0119 od ko\u015bcio\u0142a \u015bw. \u0141ukasza, nast\u0119pnie tury\u015bci przeszli na teren cmentarza parafialnego, aby zobaczy\u0107 kapliczk\u0119 s\u0142upow\u0105 i kwater\u0119 \u017co\u0142nierzy z I wojny \u015bwiatowej oraz Izb\u0119 Regionaln\u0105 w miejscowej bibliotece. Histori\u0119 miejscowo\u015bci zaprezentowa\u0142 w\u00f3jt gminy \u017barn\u00f3w dr Krzysztof Nawrocki\u00a0 podkre\u015blaj\u0105c, \u017ce liczy \u00a0ona co najmniej\u00a0 700 lat, bowiem pierwsza wzmianka pisana pochodzi z 1313 r. \u00a0Ko\u015bci\u00f3\u0142 \u015bw. \u0141ukasza i cmentarz w Sk\u00f3rkowicach, przedstawiali kolejno: Hubert Szulc, Przemys\u0142aw i Barbara Ciszewscy.<\/p>\n<p><a href=\"https:\/\/turysta2.pttk.pl\/wp-content\/uploads\/2021\/02\/151826438_3723705281008680_8354996579892992900_o.jpg\"><img loading=\"lazy\" decoding=\"async\" class=\"alignnone size-large wp-image-26681\" src=\"https:\/\/turysta2.pttk.pl\/wp-content\/uploads\/2021\/02\/151826438_3723705281008680_8354996579892992900_o.jpg\" alt=\"\" width=\"604\" height=\"821\" srcset=\"https:\/\/turysta2.pttk.pl\/wp-content\/uploads\/2021\/02\/151826438_3723705281008680_8354996579892992900_o.jpg 736w, https:\/\/turysta2.pttk.pl\/wp-content\/uploads\/2021\/02\/151826438_3723705281008680_8354996579892992900_o-221x300.jpg 221w\" sizes=\"auto, (max-width: 604px) 100vw, 604px\" \/><\/a><\/p>\n<h6><em><strong>W Izbie Regionalnej w Klewie<\/strong><\/em><\/h6>\n<p>Po zwiedzeniu trzech w\/w obiekt\u00f3w krajoznawczych, tury\u015bci udali si\u0119 w stron\u0119 Por\u0119by, id\u0105c nast\u0119pnie do rezerwatu przyrody \u201eDiabla G\u00f3ra\u201d. Prowadz\u0105cy \u00a0wycieczkowicz\u00f3w\u00a0 Przemys\u0142aw Ciszewski i Hubert Szulc, zatrzymywali si\u0119 \u00a0przy pomnikach po\u015bwi\u0119conych walkom partyzant\u00f3w z Niemcami w okresie II wojny \u015bwiatowej, zapoznaj\u0105c bli\u017cej turyst\u00f3w z histori\u0105 tamtych dni. D\u0142u\u017cszy odpoczynek z posi\u0142kiem turystycznym i zwiedzaniem Izby Regionalnej w domu Barbary i Przemys\u0142awa Ciszewskich zaplanowany by\u0142 w Klewie.<\/p>\n<p>Tutaj wr\u0119czone zosta\u0142y srebrne Turystyczno- Krajoznawcze Odznaki Gminy \u017barn\u00f3w osobom, kt\u00f3re spe\u0142ni\u0142y wymogi regulaminowe. Byli to: Urszula J\u0119drasik z \u017barnowa, Miros\u0142awa Firmowska z \u0141odzi, Wojciech Pasek i Ada D\u0119bowska z Ko\u0144skich oraz Hubert Szulc, Maksymilian i Maja Szulcowie ze Sk\u00f3rkowic.<\/p>\n<h4><a href=\"https:\/\/turysta2.pttk.pl\/wp-content\/uploads\/2021\/02\/151755592_3723698457676029_1654576444154604208_o.jpg\"><img loading=\"lazy\" decoding=\"async\" class=\"alignnone size-large wp-image-26680\" src=\"https:\/\/turysta2.pttk.pl\/wp-content\/uploads\/2021\/02\/151755592_3723698457676029_1654576444154604208_o.jpg\" alt=\"\" width=\"604\" height=\"821\" srcset=\"https:\/\/turysta2.pttk.pl\/wp-content\/uploads\/2021\/02\/151755592_3723698457676029_1654576444154604208_o.jpg 736w, https:\/\/turysta2.pttk.pl\/wp-content\/uploads\/2021\/02\/151755592_3723698457676029_1654576444154604208_o-221x300.jpg 221w\" sizes=\"auto, (max-width: 604px) 100vw, 604px\" \/><\/a><\/h4>\n<h6><strong><em>Julia Szo\u0142owska z odznak\u0105 \"Siedmiomilowe buty\"<\/em><\/strong><\/h6>\n<p>\u0141\u0105cznie w tym roku przyznano osiem odznak,\u00a0 z czego siedem po opisywanej sobotniej wycieczce.\u00a0 <a href=\"https:\/\/turysta2.pttk.pl\/wp-content\/uploads\/2021\/02\/152881412_268803577977790_1930353763503723713_n.jpg\"><img loading=\"lazy\" decoding=\"async\" class=\"alignnone size-large wp-image-26676\" src=\"https:\/\/turysta2.pttk.pl\/wp-content\/uploads\/2021\/02\/152881412_268803577977790_1930353763503723713_n-1024x768.jpg\" alt=\"\" width=\"604\" height=\"453\" srcset=\"https:\/\/turysta2.pttk.pl\/wp-content\/uploads\/2021\/02\/152881412_268803577977790_1930353763503723713_n-1024x768.jpg 1024w, https:\/\/turysta2.pttk.pl\/wp-content\/uploads\/2021\/02\/152881412_268803577977790_1930353763503723713_n-300x225.jpg 300w, https:\/\/turysta2.pttk.pl\/wp-content\/uploads\/2021\/02\/152881412_268803577977790_1930353763503723713_n-768x576.jpg 768w, https:\/\/turysta2.pttk.pl\/wp-content\/uploads\/2021\/02\/152881412_268803577977790_1930353763503723713_n-1536x1152.jpg 1536w, https:\/\/turysta2.pttk.pl\/wp-content\/uploads\/2021\/02\/152881412_268803577977790_1930353763503723713_n-200x150.jpg 200w, https:\/\/turysta2.pttk.pl\/wp-content\/uploads\/2021\/02\/152881412_268803577977790_1930353763503723713_n.jpg 2048w\" sizes=\"auto, (max-width: 604px) 100vw, 604px\" \/><\/a><\/p>\n<p>Cz\u0119\u015b\u0107 turyst\u00f3w pow\u0119drowa\u0142a dodatkowo do pomnika w Klewie \u2013 Borkach upami\u0119tniaj\u0105cego bitw\u0119 25 pp AK pod Diabl\u0105 G\u00f3r\u0105.\u00a0 Ko\u0144cowym punktem w\u0119dr\u00f3wki pieszej, by\u0142 parking przy ko\u015bciele w Sk\u00f3rkowicach, z kt\u00f3rego tury\u015bci rozpocz\u0119li imprez\u0119. Podsumowuj\u0105c nale\u017cy doda\u0107, i\u017c w zamierzeniach \u017carnowskiego oddzia\u0142u PTTK, s\u0105\u00a0 planowane dalsze wycieczki umo\u017cliwiaj\u0105ce zdobywanie odznak regionalnych.<\/p>\n<p><a href=\"https:\/\/turysta2.pttk.pl\/wp-content\/uploads\/2021\/02\/151790105_1870742503080726_8146218862886164108_n-1.jpg\"><img loading=\"lazy\" decoding=\"async\" class=\"alignnone size-full wp-image-26695\" src=\"https:\/\/turysta2.pttk.pl\/wp-content\/uploads\/2021\/02\/151790105_1870742503080726_8146218862886164108_n-1.jpg\" alt=\"\" width=\"960\" height=\"720\" srcset=\"https:\/\/turysta2.pttk.pl\/wp-content\/uploads\/2021\/02\/151790105_1870742503080726_8146218862886164108_n-1.jpg 960w, https:\/\/turysta2.pttk.pl\/wp-content\/uploads\/2021\/02\/151790105_1870742503080726_8146218862886164108_n-1-300x225.jpg 300w, https:\/\/turysta2.pttk.pl\/wp-content\/uploads\/2021\/02\/151790105_1870742503080726_8146218862886164108_n-1-768x576.jpg 768w, https:\/\/turysta2.pttk.pl\/wp-content\/uploads\/2021\/02\/151790105_1870742503080726_8146218862886164108_n-1-200x150.jpg 200w\" sizes=\"auto, (max-width: 960px) 100vw, 960px\" \/><\/a><\/p>\n<h6><em><strong>Pomnik w Klewie - Borkach upami\u0119tniaj\u0105cy bitw\u0119 25 pp AK<\/strong><\/em><\/h6>\n<p>&nbsp;<\/p>\n<p>W\u0142odzimierz Szafi\u0144ski<\/p>\n","protected":false},"excerpt":{"rendered":"&nbsp; 20 lutego odby\u0142a si\u0119 wycieczka piesza, zorganizowana przez Oddzia\u0142 PTTK w \u017barnowie. G\u0142\u00f3wnym celem imprezy by\u0142a promocja Turystyczno-Krajoznawczej Odznaki Gminy \u017barn\u00f3w, kt\u00f3ra funkcjonuje od 1 stycznia 2021 r. Przy pomniku Polski Walcz\u0105cej na szczycie Diablej G\u00f3ry Wycieczka mia\u0142a charakter indywidualny,\u00a0 uczestnicy spotkali si\u0119\u00a0 na parkingu przy ko\u015bciele \u015bw. \u0141ukasza w Sk\u00f3rkowicach. Ch\u0119tni do udzia\u0142u w wydarzeniu tury\u015bci przybyli\u00a0 z&nbsp;<a href=\"https:\/\/turysta2.pttk.pl\/?p=26674\" class=\"read-more\">Continue Reading<\/a>","protected":false},"author":5,"featured_media":26677,"comment_status":"closed","ping_status":"closed","sticky":false,"template":"","format":"image","meta":{"footnotes":""},"categories":[93,68],"tags":[],"class_list":["post-26674","post","type-post","status-publish","format-image","has-post-thumbnail","hentry","category-aktualnosci","category-turystyka-piesza","post_format-post-format-image","cat-93-id","cat-68-id"],"aioseo_notices":[],"_links":{"self":[{"href":"https:\/\/turysta2.pttk.pl\/index.php?rest_route=\/wp\/v2\/posts\/26674","targetHints":{"allow":["GET"]}}],"collection":[{"href":"https:\/\/turysta2.pttk.pl\/index.php?rest_route=\/wp\/v2\/posts"}],"about":[{"href":"https:\/\/turysta2.pttk.pl\/index.php?rest_route=\/wp\/v2\/types\/post"}],"author":[{"embeddable":true,"href":"https:\/\/turysta2.pttk.pl\/index.php?rest_route=\/wp\/v2\/users\/5"}],"replies":[{"embeddable":true,"href":"https:\/\/turysta2.pttk.pl\/index.php?rest_route=%2Fwp%2Fv2%2Fcomments&post=26674"}],"version-history":[{"count":16,"href":"https:\/\/turysta2.pttk.pl\/index.php?rest_route=\/wp\/v2\/posts\/26674\/revisions"}],"predecessor-version":[{"id":26701,"href":"https:\/\/turysta2.pttk.pl\/index.php?rest_route=\/wp\/v2\/posts\/26674\/revisions\/26701"}],"wp:featuredmedia":[{"embeddable":true,"href":"https:\/\/turysta2.pttk.pl\/index.php?rest_route=\/wp\/v2\/media\/26677"}],"wp:attachment":[{"href":"https:\/\/turysta2.pttk.pl\/index.php?rest_route=%2Fwp%2Fv2%2Fmedia&parent=26674"}],"wp:term":[{"taxonomy":"category","embeddable":true,"href":"https:\/\/turysta2.pttk.pl\/index.php?rest_route=%2Fwp%2Fv2%2Fcategories&post=26674"},{"taxonomy":"post_tag","embeddable":true,"href":"https:\/\/turysta2.pttk.pl\/index.php?rest_route=%2Fwp%2Fv2%2Ftags&post=26674"}],"curies":[{"name":"wp","href":"https:\/\/api.w.org\/{rel}","templated":true}]}}