{"id":26626,"date":"2021-02-10T15:42:28","date_gmt":"2021-02-10T13:42:28","guid":{"rendered":"https:\/\/turysta2.pttk.pl\/?p=26626"},"modified":"2021-02-10T15:44:55","modified_gmt":"2021-02-10T13:44:55","slug":"zimowe-wedrowki-piesze","status":"publish","type":"post","link":"https:\/\/turysta2.pttk.pl\/?p=26626","title":{"rendered":"Zimowe w\u0119dr\u00f3wki piesze"},"content":{"rendered":"<p>&nbsp;<\/p>\n<p>W bie\u017c\u0105cym roku \u017carnowscy tury\u015bci piesi mieli okazj\u0119 uczestniczenia \u0142\u0105cznie w sze\u015bciu imprezach organizowanych przez macierzysty Oddzia\u0142, jak r\u00f3wnie\u017c\u00a0 Oddzia\u0142 PTTK w Ko\u0144skich.<\/p>\n<p>Trzy razy odby\u0142y si\u0119 w styczniu br. w\u0119dr\u00f3wki organizowane przez\u00a0 Oddzia\u0142 w \u017barnowie, a by\u0142y to: \u201eSpacerkiem wok\u00f3\u0142 Afryki\u201d ( 6 stycznia ), Zimowy spacer wok\u00f3\u0142 \u017barnowa ( 9 stycznia) oraz XXIV Rajd Szlakiem Powstania Styczniowego ( 23 stycznia).<\/p>\n<p>Od wielu lat cz\u0142onkowie \u017carnowskiego PTTK ch\u0119tnie uczestnicz\u0105 w imprezach koneckich. Od pocz\u0105tku tego roku byli\u00a0 na dw\u00f3ch w\u0119dr\u00f3wkach w styczniu: na XXXIV Rajdzie Zimowym\u00a0 ( 16 stycznia ) oraz na IV Rajdzie Borysa (30 stycznia).<\/p>\n<p>6 lutego kilkoro piechur\u00f3w z O\/PTTK \u017barn\u00f3w wzi\u0119\u0142o udzia\u0142 w XXII\u00a0 Zimowym Marszu\u00a0 na 25 km. W\u0119dr\u00f3wka przebiega\u0142a tras\u0105 z Ko\u0144skich przez Pi\u0142\u0119, Baczyn\u0119, Star\u0105 Ku\u017anic\u0119 do Ko\u0144skich. Ka\u017cdy z uczestnik\u00f3w otrzymywa\u0142 kart\u0119 startow\u0105 i mapk\u0119 trasy oraz okoliczno\u015bciow\u0105 plakietk\u0119.<\/p>\n<p>Przej\u015bcie odbywa\u0142o si\u0119 w re\u017cimie epidemicznym, a po doj\u015bciu do mety w Ko\u0144skich, tury\u015bci otrzymywali certyfikat uczestnictwa i pami\u0105tkowy medal rajdowy.<\/p>\n<p>Tury\u015bci piesi\u00a0 z \u017barnowa maj\u0105 mo\u017cliwo\u015b\u0107 wzi\u0119cia udzia\u0142u w konkursie \u201e Liderzy turystyki pieszej w O\/PTTK \u017barn\u00f3w\u201d. Konkurs \u00a0ten trwa od 1 stycznia do 31 grudnia 2021 r. i jest inicjatyw\u0105 zwi\u0105zan\u0105 z przypadaj\u0105c\u0105 w styczniu 2022 roku XXV rocznic\u0105 powo\u0142ania w \u017barnowie Oddzia\u0142u PTTK.<\/p>\n<p>Wyr\u00f3\u017cnionych zostanie 10\u00a0 najlepszych \u201epiechur\u00f3w\u201d, dla kt\u00f3rych przewidziano specjalne dyplomy i puchary. Cieszy\u0107 mo\u017ce fakt, \u017ce wraz z rodzicami w\u0119druj\u0105 spragnione aktywno\u015bci na \u015bwie\u017cym powietrzu dzieci. Nasi najm\u0142odsi tury\u015bci do lat 10, \u00a0mog\u0105 zdobywa\u0107 odznaki PTTK takie jak : Disney i PTTK, Siedmiomilowe buty i Dzieci\u0119c\u0105 Odznak\u0119 Turystyczn\u0105 PTTK.<\/p>\n<p>W\u0142odzimierz Szafi\u0144ski<\/p>\n","protected":false},"excerpt":{"rendered":"&nbsp; W bie\u017c\u0105cym roku \u017carnowscy tury\u015bci piesi mieli okazj\u0119 uczestniczenia \u0142\u0105cznie w sze\u015bciu imprezach organizowanych przez macierzysty Oddzia\u0142, jak r\u00f3wnie\u017c\u00a0 Oddzia\u0142 PTTK w Ko\u0144skich. Trzy razy odby\u0142y si\u0119 w styczniu br. w\u0119dr\u00f3wki organizowane przez\u00a0 Oddzia\u0142 w \u017barnowie, a by\u0142y to: \u201eSpacerkiem wok\u00f3\u0142 Afryki\u201d ( 6 stycznia ), Zimowy spacer wok\u00f3\u0142 \u017barnowa ( 9 stycznia) oraz XXIV Rajd Szlakiem Powstania Styczniowego&nbsp;<a href=\"https:\/\/turysta2.pttk.pl\/?p=26626\" class=\"read-more\">Continue Reading<\/a>","protected":false},"author":5,"featured_media":0,"comment_status":"closed","ping_status":"closed","sticky":false,"template":"","format":"gallery","meta":{"footnotes":""},"categories":[93,68],"tags":[],"class_list":["post-26626","post","type-post","status-publish","format-gallery","hentry","category-aktualnosci","category-turystyka-piesza","post_format-post-format-gallery","cat-93-id","cat-68-id"],"aioseo_notices":[],"_links":{"self":[{"href":"https:\/\/turysta2.pttk.pl\/index.php?rest_route=\/wp\/v2\/posts\/26626","targetHints":{"allow":["GET"]}}],"collection":[{"href":"https:\/\/turysta2.pttk.pl\/index.php?rest_route=\/wp\/v2\/posts"}],"about":[{"href":"https:\/\/turysta2.pttk.pl\/index.php?rest_route=\/wp\/v2\/types\/post"}],"author":[{"embeddable":true,"href":"https:\/\/turysta2.pttk.pl\/index.php?rest_route=\/wp\/v2\/users\/5"}],"replies":[{"embeddable":true,"href":"https:\/\/turysta2.pttk.pl\/index.php?rest_route=%2Fwp%2Fv2%2Fcomments&post=26626"}],"version-history":[{"count":5,"href":"https:\/\/turysta2.pttk.pl\/index.php?rest_route=\/wp\/v2\/posts\/26626\/revisions"}],"predecessor-version":[{"id":26639,"href":"https:\/\/turysta2.pttk.pl\/index.php?rest_route=\/wp\/v2\/posts\/26626\/revisions\/26639"}],"wp:attachment":[{"href":"https:\/\/turysta2.pttk.pl\/index.php?rest_route=%2Fwp%2Fv2%2Fmedia&parent=26626"}],"wp:term":[{"taxonomy":"category","embeddable":true,"href":"https:\/\/turysta2.pttk.pl\/index.php?rest_route=%2Fwp%2Fv2%2Fcategories&post=26626"},{"taxonomy":"post_tag","embeddable":true,"href":"https:\/\/turysta2.pttk.pl\/index.php?rest_route=%2Fwp%2Fv2%2Ftags&post=26626"}],"curies":[{"name":"wp","href":"https:\/\/api.w.org\/{rel}","templated":true}]}}