{"id":26562,"date":"2021-01-27T14:56:08","date_gmt":"2021-01-27T12:56:08","guid":{"rendered":"https:\/\/turysta2.pttk.pl\/?p=26562"},"modified":"2021-12-16T22:10:45","modified_gmt":"2021-12-16T20:10:45","slug":"pamietaja-o-swoich-poprzednikach","status":"publish","type":"post","link":"https:\/\/turysta2.pttk.pl\/?p=26562","title":{"rendered":"Pami\u0119taj\u0105 o swoich poprzednikach&#8230;"},"content":{"rendered":"<p>Na terenie obecnego wojew\u00f3dztwa \u015bwi\u0119tokrzyskiego zorganizowany ruch krajoznawczy rozwija si\u0119 od marca 1908 roku, kiedy powo\u0142ano oddzia\u0142 prowincjonalny Polskiego Towarzystwa Krajoznawczego w Kielcach. Przed wybuchem I wojny \u015bwiatowej powsta\u0142y kolejne oddzia\u0142y: w Sandomierzu, J\u0119drzejowie, Pi\u0144czowie, Suchedniowie i Ostrowcu. Od tamtych lat w oddzia\u0142ach PTK, a po 1950 r. Polskiego Towarzystwa Turystyczno-Krajoznawczego pracowa\u0142o spo\u0142ecznie wielu wybitnych krajoznawc\u00f3w. Zapisali si\u0119 oni w swoich \u015brodowiskach r\u00f3wnie\u017c w dzia\u0142alno\u015bci o\u015bwiatowej, naukowej, kulturalnej i samorz\u0105dowej.<!--more--><\/p>\n<p>Od lat osiemdziesi\u0105tych XX w. oddzia\u0142y PTTK konsekwentnie upami\u0119tniaj\u0105 ich dokonania. Oddzia\u0142y PTTK w Sandomierzu i Ostrowcu \u015awi\u0119tokrzyskim przyj\u0119\u0142y za swych patron\u00f3w Aleksandra Patkowskiego (1890-1942) i Mieczys\u0142awa Radwana (1889-1968). Na wniosek Zarz\u0105du Oddzia\u0142u PTTK Rada Miasta w Kielcach nada\u0142a ulicom imiona prekursor\u00f3w muzealnictwa i krajoznawstwa \u2013 Tadeusza W\u0142oszka (1843-1933), Sylwestra Kowalczewskiego (1902-1975) i Edmunda Massalskiego (1886-1975). Tak\u017ce w Sandomierzu patronem ulicy jest Aleksander Patkowski, a w Ostrowcu \u015awi\u0119tokrzyskim Mieczys\u0142aw Radwan.<\/p>\n<p><a href=\"https:\/\/turysta2.pttk.pl\/wp-content\/uploads\/2021\/01\/Tablica-szlaku-im.-Edmunda-Massalskiego-w-Swietej-Katarzynie-1.jpg\"><img loading=\"lazy\" decoding=\"async\" class=\"alignnone size-full wp-image-26564\" src=\"https:\/\/turysta2.pttk.pl\/wp-content\/uploads\/2021\/01\/Tablica-szlaku-im.-Edmunda-Massalskiego-w-Swietej-Katarzynie-1.jpg\" alt=\"\" width=\"300\" height=\"200\" \/>\\<\/a><\/p>\n<h6>Tablica na G\u0142\u00f3wnym Szlaku \u015awi\u0119tokrzyskim im. Edmunda Massalskiego, umieszczona na budynku Domu Wycieczkowego PTTK w \u015awi\u0119tej Katarzynie (fot. Danuta Rembalska)<\/h6>\n<p>&nbsp;<\/p>\n<p>Oryginaln\u0105 form\u0105 upami\u0119tniania zas\u0142u\u017conych cz\u0142onk\u00f3w Towarzystwa by\u0142a inicjatywa nadania patronat\u00f3w szlakom turystycznym w G\u00f3rach \u015awi\u0119tokrzyskich i na Ponidziu. G\u0142\u00f3wny szlak \u015bwi\u0119tokrzyski wiod\u0105cy z Ku\u017aniak do Go\u0142oszyc nosi imi\u0119 Edmunda Massalskiego. Oddzia\u0142 \u015awi\u0119tokrzyski PTTK w Kielcach nada\u0142 tak\u017ce imiona: Sylwestra Kowalczewskiego szlakowi z Kielc do Ch\u0119cin, Edmunda Padechowicza (1890-1978) \u2013 z Ch\u0119cin do \u0141agowa, Edwarda Wo\u0142oszyna (1903-1977) - z Cedzyny do W\u0105chocka i Juliusza Brauna (1904-1990) \u2013 z Wiernej Rzeki do Ch\u0119cin. Oddzia\u0142 PTTK w Pi\u0144czowie wytyczy\u0142 szlak z Pi\u0144czowa do Wi\u015blicy i nada\u0142 mu imi\u0119 Wac\u0142awa \u017belichowskiego (1903-1993). Oddzia\u0142 starachowicki nazwa\u0142 imieniem d\u0142ugoletniego prezesa Jerzego G\u0142owackiego (1932-1991) szlak \u0142\u0105cz\u0105cy Starachowice przez Bodzentyn z \u0141\u0105czn\u0105. Oddzia\u0142 ostrowiecki nada\u0142 imi\u0119 Stanis\u0142awa Je\u017cewskiego (1898-1989) szlakowi z P\u0119tkowic przez Krzemionki Opatowskie, Now\u0105 S\u0142upi\u0119 na \u015awi\u0119ty Krzy\u017c. Oddzia\u0142 konecki wytyczy\u0142 szlak z Ku\u017aniak do Pogorza\u0142ego i obra\u0142 za jego patrona pierwszego prezesa PTK w Ko\u0144skich i pomys\u0142odawc\u0119 utworzenia muzeum regionalnego \u2013 Stanis\u0142awa Malanowicza (1877-1942).Wszystkie te szlaki zosta\u0142y opisane w przewodnikach nazywanych potocznie przez turyst\u00f3w \u201ez\u0142ot\u0105 seri\u0105\u201d, od koloru ok\u0142adek.<\/p>\n<p>&nbsp;<\/p>\n<p><a href=\"https:\/\/turysta2.pttk.pl\/wp-content\/uploads\/2021\/01\/Szlak-S.Kowalczewskiego.jpg\"><img loading=\"lazy\" decoding=\"async\" class=\"alignnone size-full wp-image-26570\" src=\"https:\/\/turysta2.pttk.pl\/wp-content\/uploads\/2021\/01\/Szlak-S.Kowalczewskiego.jpg\" alt=\"\" width=\"210\" height=\"300\" \/><\/a> <a href=\"https:\/\/turysta2.pttk.pl\/wp-content\/uploads\/2021\/01\/Szlak-J.-Brauna-1.jpg\"><img loading=\"lazy\" decoding=\"async\" class=\"alignnone size-full wp-image-26569\" src=\"https:\/\/turysta2.pttk.pl\/wp-content\/uploads\/2021\/01\/Szlak-J.-Brauna-1.jpg\" alt=\"\" width=\"211\" height=\"300\" \/><\/a> <a href=\"https:\/\/turysta2.pttk.pl\/wp-content\/uploads\/2021\/01\/Szlak-E.-Padechowicza-1.jpg\"><img loading=\"lazy\" decoding=\"async\" class=\"alignnone size-full wp-image-26568\" src=\"https:\/\/turysta2.pttk.pl\/wp-content\/uploads\/2021\/01\/Szlak-E.-Padechowicza-1.jpg\" alt=\"\" width=\"212\" height=\"300\" \/><\/a> <a href=\"https:\/\/turysta2.pttk.pl\/wp-content\/uploads\/2021\/01\/Szlak-J.-Glowackiego.jpg\"><img loading=\"lazy\" decoding=\"async\" class=\"alignnone size-full wp-image-26567\" src=\"https:\/\/turysta2.pttk.pl\/wp-content\/uploads\/2021\/01\/Szlak-J.-Glowackiego.jpg\" alt=\"\" width=\"213\" height=\"300\" \/><\/a> <a href=\"https:\/\/turysta2.pttk.pl\/wp-content\/uploads\/2021\/01\/Szlak-S.Kowalczewskiego-1.jpg\"><img loading=\"lazy\" decoding=\"async\" class=\"alignnone size-full wp-image-26566\" src=\"https:\/\/turysta2.pttk.pl\/wp-content\/uploads\/2021\/01\/Szlak-S.Kowalczewskiego-1.jpg\" alt=\"\" width=\"210\" height=\"300\" \/><\/a> <a href=\"https:\/\/turysta2.pttk.pl\/wp-content\/uploads\/2021\/01\/Szlak-S.-Malanowicza.jpg\"><img loading=\"lazy\" decoding=\"async\" class=\"alignnone size-full wp-image-26565\" src=\"https:\/\/turysta2.pttk.pl\/wp-content\/uploads\/2021\/01\/Szlak-S.-Malanowicza.jpg\" alt=\"\" width=\"215\" height=\"300\" \/><\/a> <a href=\"https:\/\/turysta2.pttk.pl\/wp-content\/uploads\/2021\/01\/Szlak-W.-Zelichowskiego.jpg\"><img loading=\"lazy\" decoding=\"async\" class=\"alignnone size-full wp-image-26563\" src=\"https:\/\/turysta2.pttk.pl\/wp-content\/uploads\/2021\/01\/Szlak-W.-Zelichowskiego.jpg\" alt=\"\" width=\"216\" height=\"300\" \/><\/a><\/p>\n<h6>Ok\u0142adki przewodnik\u00f3w szlak\u00f3w turystycznych w G\u00f3rach \u015awi\u0119tokrzyskich i na Ponidziu, nosz\u0105ce imiona wybitnych krajoznawc\u00f3w (fot. Danuta Rembalska)<\/h6>\n<p>&nbsp;<\/p>\n<p>W ostatnim dziesi\u0119cioleciu powsta\u0142y dwa nowe szlaki. Klub G\u00f3rski PTTK w Kielcach w 2016 r. wytyczy\u0142 szlak \u0142\u0105cz\u0105cy Now\u0105 S\u0142upi\u0119 - G\u00f3r\u0119 Che\u0142mow\u0105 - G\u00f3r\u0119 Szczytniak ze wsi\u0105 Pi\u00f3rk\u00f3w. Otrzyma\u0142 on imi\u0119 znanego przewodnika i dzia\u0142acza na polu ochrony przyrody Jerzego Kapu\u015bci\u0144skiego (1939-2011). Przyjaciele i w\u0142adze miasta ustawi\u0142y \u201e\u0142aweczk\u0119\u201d w kszta\u0142cie liter J-K i wytyczy\u0142y \u015bcie\u017ck\u0119 dydaktyczn\u0105 nosz\u0105c\u0105 imi\u0119 J. Kapu\u015bci\u0144skiego w najpi\u0119kniejszym rezerwacie przyrody nieo\u017cywionej - Kadzielnia w Kielcach. W 2018 r. Klub Turyst\u00f3w Pieszych PTTK \u201ePrzygoda\u201d w Kielcach opracowa\u0142 szlak z Piekoszowa przez Jaworzni\u0119 do miejscowo\u015bci S\u0142owik i nada\u0142 mu imi\u0119 Tomasza W\u0105growskiego (1952-2010) \u2013 wybitnego badacza i popularyzatora dziej\u00f3w turystyki i krajoznawstwa w regionie \u015bwi\u0119tokrzyskim. Szlakami tymi w\u0119druj\u0105 tury\u015bci indywidualni, wycieczki zbiorowe i uczestnicy licznych rajd\u00f3w turystycznych. Imionami krajoznawc\u00f3w nazwano r\u00f3wnie\u017c rezerwaty przyrody nieo\u017cywionej. G\u00f3ra Zelejowa w Parku Krajobrazowym Kielecko-Ch\u0119ci\u0144skim nosi imi\u0119 S. Kowalczewskiego, a Wietrznia w Kielcach \u2013 geologa, podr\u00f3\u017cnika, himalaisty, honorowego przewodnika \u015bwi\u0119tokrzyskiego \u2013 Zbigniewa Rubinowskiego (1929-1997). W rezerwacie Wietrznia znajduje si\u0119 znane w Polsce Centrum Geoedukacji, unikalna plac\u00f3wka w skali europejskiej.<\/p>\n<p>Andrzej Rembalski<\/p>\n<p>&nbsp;<\/p>\n","protected":false},"excerpt":{"rendered":"Na terenie obecnego wojew\u00f3dztwa \u015bwi\u0119tokrzyskiego zorganizowany ruch krajoznawczy rozwija si\u0119 od marca 1908 roku, kiedy powo\u0142ano oddzia\u0142 prowincjonalny Polskiego Towarzystwa Krajoznawczego w Kielcach. Przed wybuchem I wojny \u015bwiatowej powsta\u0142y kolejne oddzia\u0142y: w Sandomierzu, J\u0119drzejowie, Pi\u0144czowie, Suchedniowie i Ostrowcu. Od tamtych lat w oddzia\u0142ach PTK, a po 1950 r. Polskiego Towarzystwa Turystyczno-Krajoznawczego pracowa\u0142o spo\u0142ecznie wielu wybitnych krajoznawc\u00f3w. Zapisali si\u0119 oni w&nbsp;<a href=\"https:\/\/turysta2.pttk.pl\/?p=26562\" class=\"read-more\">Continue Reading<\/a>","protected":false},"author":5,"featured_media":26564,"comment_status":"closed","ping_status":"closed","sticky":false,"template":"","format":"standard","meta":{"footnotes":""},"categories":[87],"tags":[],"class_list":["post-26562","post","type-post","status-publish","format-standard","has-post-thumbnail","hentry","category-dawniej-bywalo","cat-87-id"],"aioseo_notices":[],"_links":{"self":[{"href":"https:\/\/turysta2.pttk.pl\/index.php?rest_route=\/wp\/v2\/posts\/26562","targetHints":{"allow":["GET"]}}],"collection":[{"href":"https:\/\/turysta2.pttk.pl\/index.php?rest_route=\/wp\/v2\/posts"}],"about":[{"href":"https:\/\/turysta2.pttk.pl\/index.php?rest_route=\/wp\/v2\/types\/post"}],"author":[{"embeddable":true,"href":"https:\/\/turysta2.pttk.pl\/index.php?rest_route=\/wp\/v2\/users\/5"}],"replies":[{"embeddable":true,"href":"https:\/\/turysta2.pttk.pl\/index.php?rest_route=%2Fwp%2Fv2%2Fcomments&post=26562"}],"version-history":[{"count":7,"href":"https:\/\/turysta2.pttk.pl\/index.php?rest_route=\/wp\/v2\/posts\/26562\/revisions"}],"predecessor-version":[{"id":26581,"href":"https:\/\/turysta2.pttk.pl\/index.php?rest_route=\/wp\/v2\/posts\/26562\/revisions\/26581"}],"wp:featuredmedia":[{"embeddable":true,"href":"https:\/\/turysta2.pttk.pl\/index.php?rest_route=\/wp\/v2\/media\/26564"}],"wp:attachment":[{"href":"https:\/\/turysta2.pttk.pl\/index.php?rest_route=%2Fwp%2Fv2%2Fmedia&parent=26562"}],"wp:term":[{"taxonomy":"category","embeddable":true,"href":"https:\/\/turysta2.pttk.pl\/index.php?rest_route=%2Fwp%2Fv2%2Fcategories&post=26562"},{"taxonomy":"post_tag","embeddable":true,"href":"https:\/\/turysta2.pttk.pl\/index.php?rest_route=%2Fwp%2Fv2%2Ftags&post=26562"}],"curies":[{"name":"wp","href":"https:\/\/api.w.org\/{rel}","templated":true}]}}