{"id":26526,"date":"2021-01-22T11:54:29","date_gmt":"2021-01-22T09:54:29","guid":{"rendered":"https:\/\/turysta2.pttk.pl\/?p=26526"},"modified":"2021-01-27T15:06:03","modified_gmt":"2021-01-27T13:06:03","slug":"skarb-narodow-na-turystycznym-szlaku-tarlow-swiety-krzyz","status":"publish","type":"post","link":"https:\/\/turysta2.pttk.pl\/?p=26526","title":{"rendered":"Skarb Narod\u00f3w. Na turystycznym szlaku: Tar\u0142\u00f3w- \u015awi\u0119ty Krzy\u017c"},"content":{"rendered":"<p>Pierwsze turystyczne szlaki piesze ostrowieccy dzia\u0142acze Polskiego Towarzystwa Krajoznawczego wytyczyli w 1927 roku. Prowadzi\u0142y: na \u015awi\u0119ty Krzy\u017c z Ostrowca, \u0106mielowa i Nietuliska. Kolejne szlaki: z \u0106mielowa do Ba\u0142towa i z W\u0105chocka do Bodzentyna wytyczono w 1930 roku.<!--more--><\/p>\n<p>Wybuch II wojny \u015bwiatowej i okupacja hitlerowska zniszczy\u0142a bogaty dorobek krajoznawczy i turystyczny oddzia\u0142u. Reaktywowany po wojnie oddzia\u0142 PTK i p\u00f3\u017aniejszy Oddzia\u0142 Polskiego Towarzystwa Turystyczno-Krajoznawczego, mimo ogromnych trudno\u015bci, utrzymywa\u0142 do u\u017cytku turyst\u00f3w dwa szlaki niebieskie: Grzegorzowice \u2013 Kun\u00f3w i Ostrowiec \u2013 Krzemionki. Na bazie tych szlak\u00f3w w 1981 roku wytyczono nowy szlak z Grzegorzowic do P\u0119tkowic przez Kun\u00f3w, Kaplic\u0119, Krzemionki, Ba\u0142t\u00f3w. Szlak w 1989 roku otrzyma\u0142 imi\u0119 Stanis\u0142awa Je\u017cewskiego, nestora ostrowieckich krajoznawc\u00f3w, zas\u0142u\u017conego pedagoga, uczestnika obu wojen \u015bwiatowych i wojny 1920 roku, dzia\u0142acza PTKi PTTK, opiekuna zabytk\u00f3w, autora licznych publikacji historycznych i krajoznawczych, Honorowego Cz\u0142onka PTTK. W kolejnych latach szlak przed\u0142u\u017cono z Grzegorzowic na \u015awi\u0119ty Krzy\u017c i z P\u0119tkowic do Tar\u0142owa. Obecnie szlak: Tar\u0142\u00f3w \u2013 \u015awi\u0119ty Krzy\u017c liczy 95 kilometr\u00f3w.<\/p>\n<h5><a href=\"https:\/\/turysta2.pttk.pl\/wp-content\/uploads\/2021\/01\/sdzwonnica-w-Kunowie.jpg\"><img loading=\"lazy\" decoding=\"async\" class=\"aligncenter size-large wp-image-26538\" src=\"https:\/\/turysta2.pttk.pl\/wp-content\/uploads\/2021\/01\/sdzwonnica-w-Kunowie-768x1024.jpg\" alt=\"\" width=\"604\" height=\"805\" srcset=\"https:\/\/turysta2.pttk.pl\/wp-content\/uploads\/2021\/01\/sdzwonnica-w-Kunowie-768x1024.jpg 768w, https:\/\/turysta2.pttk.pl\/wp-content\/uploads\/2021\/01\/sdzwonnica-w-Kunowie-225x300.jpg 225w, https:\/\/turysta2.pttk.pl\/wp-content\/uploads\/2021\/01\/sdzwonnica-w-Kunowie-1152x1536.jpg 1152w, https:\/\/turysta2.pttk.pl\/wp-content\/uploads\/2021\/01\/sdzwonnica-w-Kunowie.jpg 1224w\" sizes=\"auto, (max-width: 604px) 100vw, 604px\" \/><\/a> Dzwonnica w Kunowie<\/h5>\n<p>W\u0119dr\u00f3wka szlakiem, kt\u00f3ry przebiega przez obszar Przedg\u00f3rza I\u0142\u017ceckiego, Wy\u017cyn\u0119 Sandomiersk\u0105 i ko\u0144czy si\u0119 na szczycie \u0141ysog\u00f3r \u2013 \u0141y\u015bcu, mo\u017ce sta\u0107 si\u0119 fascynuj\u0105c\u0105 przygod\u0105 dla ka\u017cdego turysty. Na szlaku znajduje si\u0119 wiele zabytk\u00f3w architektury.<\/p>\n<h5><a href=\"https:\/\/turysta2.pttk.pl\/wp-content\/uploads\/2021\/01\/sKaplica-przy-trakcie-ilzeckim.jpg\"><img loading=\"lazy\" decoding=\"async\" class=\"aligncenter size-large wp-image-26534\" src=\"https:\/\/turysta2.pttk.pl\/wp-content\/uploads\/2021\/01\/sKaplica-przy-trakcie-ilzeckim-768x1024.jpg\" alt=\"\" width=\"604\" height=\"805\" srcset=\"https:\/\/turysta2.pttk.pl\/wp-content\/uploads\/2021\/01\/sKaplica-przy-trakcie-ilzeckim-768x1024.jpg 768w, https:\/\/turysta2.pttk.pl\/wp-content\/uploads\/2021\/01\/sKaplica-przy-trakcie-ilzeckim-225x300.jpg 225w, https:\/\/turysta2.pttk.pl\/wp-content\/uploads\/2021\/01\/sKaplica-przy-trakcie-ilzeckim-1152x1536.jpg 1152w, https:\/\/turysta2.pttk.pl\/wp-content\/uploads\/2021\/01\/sKaplica-przy-trakcie-ilzeckim.jpg 1224w\" sizes=\"auto, (max-width: 604px) 100vw, 604px\" \/><\/a>Kaplica przy Trakcie I\u0142\u017ceckim<\/h5>\n<p>Najcenniejsze to barokowy ko\u015bci\u00f3\u0142 w Tar\u0142owie i pobenedykty\u0144ski zesp\u00f3\u0142 klasztorny na \u015awi\u0119tym Krzy\u017cu. Oba obiekty zwi\u0105zane z fundacjami rodziny Ole\u015bnickich. Ko\u015bci\u00f3\u0142 w Tar\u0142owie zbudowany w po\u0142. XVII w., fundowa\u0142 Zbigniew Ole\u015bnicki \u2013 starosta opoczy\u0144ski. Wn\u0119trza ko\u015bcio\u0142a zdobi\u0105 pi\u0119kne dekoracje stiukowe, szczeg\u00f3lnie ciekawe sceny alegoryczne na temat znikomo\u015bci \u017cycia ludzkiego, tzw.\u00a0 \u201etaniec \u015bmierci\u201d w kaplicy Pana Jezusa. Pod kaplic\u0105 krypty grobowe, miejsce spoczynku cz\u0142onk\u00f3w rodziny fundatora. Nekropolia tar\u0142owska jest r\u00f3wnie\u017c miejscem spoczynku Anny Stanis\u0142awskiej, pierwszej polskiej poetki, \u017cony Jana Zbigniewa Ole\u015bnickiego, bohatera spod Chocimia.<\/p>\n<h5><a href=\"https:\/\/turysta2.pttk.pl\/wp-content\/uploads\/2021\/01\/sTarlow-Taniec-smierci-2.jpg\"><img loading=\"lazy\" decoding=\"async\" class=\"aligncenter size-large wp-image-26543\" src=\"https:\/\/turysta2.pttk.pl\/wp-content\/uploads\/2021\/01\/sTarlow-Taniec-smierci-2-1024x768.jpg\" alt=\"\" width=\"604\" height=\"453\" srcset=\"https:\/\/turysta2.pttk.pl\/wp-content\/uploads\/2021\/01\/sTarlow-Taniec-smierci-2-1024x768.jpg 1024w, https:\/\/turysta2.pttk.pl\/wp-content\/uploads\/2021\/01\/sTarlow-Taniec-smierci-2-300x225.jpg 300w, https:\/\/turysta2.pttk.pl\/wp-content\/uploads\/2021\/01\/sTarlow-Taniec-smierci-2-768x576.jpg 768w, https:\/\/turysta2.pttk.pl\/wp-content\/uploads\/2021\/01\/sTarlow-Taniec-smierci-2-1536x1152.jpg 1536w, https:\/\/turysta2.pttk.pl\/wp-content\/uploads\/2021\/01\/sTarlow-Taniec-smierci-2-200x150.jpg 200w, https:\/\/turysta2.pttk.pl\/wp-content\/uploads\/2021\/01\/sTarlow-Taniec-smierci-2.jpg 1632w\" sizes=\"auto, (max-width: 604px) 100vw, 604px\" \/><\/a>Tar\u0142\u00f3w. Taniec \u015bmierci<\/h5>\n<p>W sk\u0142ad zespo\u0142u klasztornego na \u0141y\u015bcu opr\u00f3cz ko\u015bcio\u0142a, kru\u017cgank\u00f3w i zabudowa\u0144 klasztornych wchodzi renesansowa Kaplica Ole\u015bnickich, obecnie nazywana r\u00f3wnie\u017c kaplic\u0105 Drzewa Krzy\u017ca \u015awi\u0119tego, wzniesiona przez Miko\u0142aja Ole\u015bnickiego, wojewod\u0119 lubelskiego. W wyposa\u017ceniu kaplicy o\u0142tarz g\u0142\u00f3wny, portal i przylegaj\u0105cy do portalu nagrobek wykonane z r\u00f3\u017cnobarwnego marmuru. Pi\u0119trowy nagrobek przedstawia posta\u0107 spoczywaj\u0105cego wojewody i jego \u017cony, a w podziemiach krypty grobowe ze szcz\u0105tkami rodziny Ole\u015bnickich.<\/p>\n<h5><a href=\"https:\/\/turysta2.pttk.pl\/wp-content\/uploads\/2021\/01\/sStary-Mlyn-w-Baltowie-1.jpg\"><img loading=\"lazy\" decoding=\"async\" class=\"alignnone size-large wp-image-26550\" src=\"https:\/\/turysta2.pttk.pl\/wp-content\/uploads\/2021\/01\/sStary-Mlyn-w-Baltowie-1-1024x768.jpg\" alt=\"\" width=\"604\" height=\"453\" srcset=\"https:\/\/turysta2.pttk.pl\/wp-content\/uploads\/2021\/01\/sStary-Mlyn-w-Baltowie-1-1024x768.jpg 1024w, https:\/\/turysta2.pttk.pl\/wp-content\/uploads\/2021\/01\/sStary-Mlyn-w-Baltowie-1-300x225.jpg 300w, https:\/\/turysta2.pttk.pl\/wp-content\/uploads\/2021\/01\/sStary-Mlyn-w-Baltowie-1-768x576.jpg 768w, https:\/\/turysta2.pttk.pl\/wp-content\/uploads\/2021\/01\/sStary-Mlyn-w-Baltowie-1-1536x1152.jpg 1536w, https:\/\/turysta2.pttk.pl\/wp-content\/uploads\/2021\/01\/sStary-Mlyn-w-Baltowie-1-200x150.jpg 200w, https:\/\/turysta2.pttk.pl\/wp-content\/uploads\/2021\/01\/sStary-Mlyn-w-Baltowie-1.jpg 1632w\" sizes=\"auto, (max-width: 604px) 100vw, 604px\" \/><\/a><\/h5>\n<h5>M\u0142yn w Ba\u0142towie<\/h5>\n<p>Unikatowym zabytkiem, jest po\u0142o\u017cona przy starym trakcie Ostrowiec \u2013 I\u0142\u017ca, wolnostoj\u0105ca, wzniesiona staraniem bp krakowskiego Zbigniewa Ole\u015bnickiego w 1430 roku, gotycka kaplica pw. \u015bw. Katarzyny, o\u015bmioboczna, kryta gontem, wewn\u0105trz sklepiona eliptyczn\u0105 kopu\u0142\u0105 ze zwornikiem zdobionym herbem fundatora \u2013 D\u0119bno.<\/p>\n<p>Na uwag\u0119 zas\u0142uguj\u0105 r\u00f3wnie\u017c ko\u015bcio\u0142y: neobarokowy z pi\u0119kn\u0105 fasad\u0105 w Ba\u0142towie, p\u00f3\u017anorenesansowy w Kunowie z kamiennymi o\u0142tarzami wykonanymi przez miejscowych kamieniarzy i dzwonnic\u0105 zbudowan\u0105 wg projektu Wojciecha Gersona oraz roma\u0144ska rotunda zbudowana z polnego kamienia, obecnie prezbiterium ko\u015bcio\u0142a w Grzegorzowicach.<\/p>\n<h5><a href=\"https:\/\/turysta2.pttk.pl\/wp-content\/uploads\/2021\/01\/sOltarz-gowny-w-kunowskim-kosciele.jpg\"><img loading=\"lazy\" decoding=\"async\" class=\"aligncenter size-large wp-image-26537\" src=\"https:\/\/turysta2.pttk.pl\/wp-content\/uploads\/2021\/01\/sOltarz-gowny-w-kunowskim-kosciele-768x1024.jpg\" alt=\"\" width=\"604\" height=\"805\" srcset=\"https:\/\/turysta2.pttk.pl\/wp-content\/uploads\/2021\/01\/sOltarz-gowny-w-kunowskim-kosciele-768x1024.jpg 768w, https:\/\/turysta2.pttk.pl\/wp-content\/uploads\/2021\/01\/sOltarz-gowny-w-kunowskim-kosciele-225x300.jpg 225w, https:\/\/turysta2.pttk.pl\/wp-content\/uploads\/2021\/01\/sOltarz-gowny-w-kunowskim-kosciele-1152x1536.jpg 1152w, https:\/\/turysta2.pttk.pl\/wp-content\/uploads\/2021\/01\/sOltarz-gowny-w-kunowskim-kosciele.jpg 1224w\" sizes=\"auto, (max-width: 604px) 100vw, 604px\" \/><\/a>O\u0142tarz g\u0142\u00f3wny w kunowskim ko\u015bciele<\/h5>\n<p>W\u0119druj\u0105c szlakiem, mo\u017cna spotka\u0107 liczne miejsca zwi\u0105zane z powstaniem styczniowym. Zwyci\u0119sk\u0105 \u201eBitw\u0119 pod Jezi\u00f3rkiem\u201d oddzia\u0142u p\u0142k Dionizego Czachowskiego upami\u0119tnia pomnik w Sudole, a \u201eBitw\u0119 pod Ska\u0142k\u0105\u201d pod dow\u00f3dztwem genera\u0142a Mariana Langiewicza, pomnik na cmentarzu ko\u015bcielnym w Nowej S\u0142upi. Mogi\u0142y powsta\u0144c\u00f3w znajdziemy na cmentarzach w Tar\u0142owie, Kunowie, Nowej S\u0142upi.<\/p>\n<h5><a href=\"https:\/\/turysta2.pttk.pl\/wp-content\/uploads\/2021\/01\/sPomnik-powstanczy-w-Sudole.jpg\"><img loading=\"lazy\" decoding=\"async\" class=\"aligncenter size-large wp-image-26532\" src=\"https:\/\/turysta2.pttk.pl\/wp-content\/uploads\/2021\/01\/sPomnik-powstanczy-w-Sudole-1024x768.jpg\" alt=\"\" width=\"604\" height=\"453\" srcset=\"https:\/\/turysta2.pttk.pl\/wp-content\/uploads\/2021\/01\/sPomnik-powstanczy-w-Sudole-1024x768.jpg 1024w, https:\/\/turysta2.pttk.pl\/wp-content\/uploads\/2021\/01\/sPomnik-powstanczy-w-Sudole-300x225.jpg 300w, https:\/\/turysta2.pttk.pl\/wp-content\/uploads\/2021\/01\/sPomnik-powstanczy-w-Sudole-768x576.jpg 768w, https:\/\/turysta2.pttk.pl\/wp-content\/uploads\/2021\/01\/sPomnik-powstanczy-w-Sudole-1536x1152.jpg 1536w, https:\/\/turysta2.pttk.pl\/wp-content\/uploads\/2021\/01\/sPomnik-powstanczy-w-Sudole-200x150.jpg 200w, https:\/\/turysta2.pttk.pl\/wp-content\/uploads\/2021\/01\/sPomnik-powstanczy-w-Sudole.jpg 1632w\" sizes=\"auto, (max-width: 604px) 100vw, 604px\" \/><\/a>Pomnik powsta\u0144czy w Sudole<\/h5>\n<p>Mi\u0142o\u015bnik\u00f3w przyrody zachwyci \u015awi\u0119tokrzyski Park Narodowy, Obszar Chronionego Krajobrazu Doliny Kamiennej, trzy rezerwaty: \u201eModrzewie\u201d i \u201eUl\u00f3w\u201d w Ba\u0142towie oraz \u201eKrzemionki Opatowskie\u201d, a tak\u017ce liczne pomniki przyrody o\u017cywionej i nieo\u017cywionej, natomiast mi\u0142o\u015bnik\u00f3w techniki \u201eStary M\u0142yn\u201d z oryginalnym wyposa\u017ceniem, wchodz\u0105cy<br \/>\nw sk\u0142ad Ba\u0142towskiego Kompleksu Turystycznego w Ba\u0142towie, ruiny walcowni z czas\u00f3w Staszica w Nietulisku Du\u017cym, zabytkowy jaz w Do\u0142ach Biskupich i Muzeum Staro\u017cytnego Hutnictwa im. Mieczys\u0142awa Radwana w Nowej S\u0142upi.<\/p>\n<h5><a href=\"https:\/\/turysta2.pttk.pl\/wp-content\/uploads\/2021\/01\/sJaz-na-Swislinie.jpg\"><img loading=\"lazy\" decoding=\"async\" class=\"aligncenter size-large wp-image-26540\" src=\"https:\/\/turysta2.pttk.pl\/wp-content\/uploads\/2021\/01\/sJaz-na-Swislinie-1024x768.jpg\" alt=\"\" width=\"604\" height=\"453\" srcset=\"https:\/\/turysta2.pttk.pl\/wp-content\/uploads\/2021\/01\/sJaz-na-Swislinie-1024x768.jpg 1024w, https:\/\/turysta2.pttk.pl\/wp-content\/uploads\/2021\/01\/sJaz-na-Swislinie-300x225.jpg 300w, https:\/\/turysta2.pttk.pl\/wp-content\/uploads\/2021\/01\/sJaz-na-Swislinie-768x576.jpg 768w, https:\/\/turysta2.pttk.pl\/wp-content\/uploads\/2021\/01\/sJaz-na-Swislinie-1536x1152.jpg 1536w, https:\/\/turysta2.pttk.pl\/wp-content\/uploads\/2021\/01\/sJaz-na-Swislinie-200x150.jpg 200w, https:\/\/turysta2.pttk.pl\/wp-content\/uploads\/2021\/01\/sJaz-na-Swislinie.jpg 1632w\" sizes=\"auto, (max-width: 604px) 100vw, 604px\" \/><\/a>Jaz na \u015awi\u015blinie<\/h5>\n<p>Najcenniejszym obiektem, po\u0142o\u017conym przy szlaku, s\u0105 prastare kopalnie krzemienia pasiastego w Krzemionkach, eksploatowane w latach 3900-1600 p.n.e., odkryte w 1922 roku przez geologa Jana Samsonowicza. Udost\u0119pnione do zwiedzania.<\/p>\n<h5><a href=\"https:\/\/turysta2.pttk.pl\/wp-content\/uploads\/2021\/01\/sMuzeum-Archeologiczne-i-Rezerwat-Krzemionki.jpg\"><img loading=\"lazy\" decoding=\"async\" class=\"aligncenter size-large wp-image-26536\" src=\"https:\/\/turysta2.pttk.pl\/wp-content\/uploads\/2021\/01\/sMuzeum-Archeologiczne-i-Rezerwat-Krzemionki-1024x768.jpg\" alt=\"\" width=\"604\" height=\"453\" srcset=\"https:\/\/turysta2.pttk.pl\/wp-content\/uploads\/2021\/01\/sMuzeum-Archeologiczne-i-Rezerwat-Krzemionki-1024x768.jpg 1024w, https:\/\/turysta2.pttk.pl\/wp-content\/uploads\/2021\/01\/sMuzeum-Archeologiczne-i-Rezerwat-Krzemionki-300x225.jpg 300w, https:\/\/turysta2.pttk.pl\/wp-content\/uploads\/2021\/01\/sMuzeum-Archeologiczne-i-Rezerwat-Krzemionki-768x576.jpg 768w, https:\/\/turysta2.pttk.pl\/wp-content\/uploads\/2021\/01\/sMuzeum-Archeologiczne-i-Rezerwat-Krzemionki-1536x1152.jpg 1536w, https:\/\/turysta2.pttk.pl\/wp-content\/uploads\/2021\/01\/sMuzeum-Archeologiczne-i-Rezerwat-Krzemionki-200x150.jpg 200w, https:\/\/turysta2.pttk.pl\/wp-content\/uploads\/2021\/01\/sMuzeum-Archeologiczne-i-Rezerwat-Krzemionki.jpg 1632w\" sizes=\"auto, (max-width: 604px) 100vw, 604px\" \/><\/a>Muzeum Archeologiczne i Rezerwat Krzemionki<\/h5>\n<p>Pi\u0119\u0107set metrowa trasa podziemna, ukazuje wyrobiska neolitycznych kopalni, a warunki \u017cycia pradziejowych g\u00f3rnik\u00f3w przedstawia rekonstrukcja osady. \u201eKrzemionki\u201d, przez dr Jerzego Tomasza B\u0105bla, archeologa i badacza neolitycznych kopalni, nazwane \u201eSkarbem Narod\u00f3w\u201d, w 2019 roku zosta\u0142y wpisane na List\u0119 \u015awiatowego Dziedzictwa UNESCO jako Krzemionkowski Region Pradziejowego Krzemienia Pasiastego.<\/p>\n<p>&nbsp;<\/p>\n<h5><a href=\"https:\/\/turysta2.pttk.pl\/wp-content\/uploads\/2021\/01\/sWnetrze-kopalni.jpg\"><img loading=\"lazy\" decoding=\"async\" class=\"aligncenter size-large wp-image-26529\" src=\"https:\/\/turysta2.pttk.pl\/wp-content\/uploads\/2021\/01\/sWnetrze-kopalni-768x1024.jpg\" alt=\"\" width=\"604\" height=\"805\" srcset=\"https:\/\/turysta2.pttk.pl\/wp-content\/uploads\/2021\/01\/sWnetrze-kopalni-768x1024.jpg 768w, https:\/\/turysta2.pttk.pl\/wp-content\/uploads\/2021\/01\/sWnetrze-kopalni-225x300.jpg 225w, https:\/\/turysta2.pttk.pl\/wp-content\/uploads\/2021\/01\/sWnetrze-kopalni-1152x1536.jpg 1152w, https:\/\/turysta2.pttk.pl\/wp-content\/uploads\/2021\/01\/sWnetrze-kopalni.jpg 1224w\" sizes=\"auto, (max-width: 604px) 100vw, 604px\" \/><\/a>Wn\u0119trze kopalni<\/h5>\n<p>W celu popularyzacji Muzeum Archeologicznego i Rezerwatu Krzemionki, Oddzia\u0142 \u015awi\u0119tokrzyski PTTK im. Stanis\u0142awa Je\u017cewskiego w Ostrowcu \u015awi\u0119tokrzyskim ustanowi\u0142 Odznak\u0119 Turystyczno - Krajoznawcz\u0105 PTTK \u201e<strong>KRZEMIONKI NA SZLAKU NEOLITU\u201d.<\/strong><\/p>\n<p><strong>\u00a0<\/strong><\/p>\n<p><strong>\u00a0Alicja M\u0119\u017cyk<\/strong><\/p>\n<p>&nbsp;<\/p>\n<p>&nbsp;<\/p>\n<p>A<\/p>\n<p>&nbsp;<\/p>\n<p>&nbsp;<\/p>\n<p>&nbsp;<\/p>\n<p>&nbsp;<\/p>\n<p>&nbsp;<\/p>\n<p>&nbsp;<\/p>\n<p>&nbsp;<\/p>\n<p>&nbsp;<\/p>\n<p>&nbsp;<\/p>\n<p>&nbsp;<\/p>\n<p>&nbsp;<\/p>\n<p>&nbsp;<\/p>\n<p>&nbsp;<\/p>\n<p>&nbsp;<\/p>\n<p><strong>\u00a0<\/strong><\/p>\n<p><strong>\u00a0\u00a0\u00a0\u00a0\u00a0\u00a0\u00a0\u00a0\u00a0\u00a0\u00a0 <\/strong><\/p>\n<p><strong>\u00a0\u00a0\u00a0\u00a0\u00a0\u00a0\u00a0\u00a0\u00a0\u00a0\u00a0 <\/strong><\/p>\n<p><strong>\u00a0<\/strong><\/p>\n","protected":false},"excerpt":{"rendered":"Pierwsze turystyczne szlaki piesze ostrowieccy dzia\u0142acze Polskiego Towarzystwa Krajoznawczego wytyczyli w 1927 roku. Prowadzi\u0142y: na \u015awi\u0119ty Krzy\u017c z Ostrowca, \u0106mielowa i Nietuliska. Kolejne szlaki: z \u0106mielowa do Ba\u0142towa i z W\u0105chocka do Bodzentyna wytyczono w 1930 roku.","protected":false},"author":5,"featured_media":26552,"comment_status":"closed","ping_status":"closed","sticky":false,"template":"","format":"gallery","meta":{"footnotes":""},"categories":[1,5],"tags":[],"class_list":["post-26526","post","type-post","status-publish","format-gallery","has-post-thumbnail","hentry","category-bez-kategorii","category-a-to-polska-wlasnie","post_format-post-format-gallery","cat-1-id","cat-5-id"],"aioseo_notices":[],"_links":{"self":[{"href":"https:\/\/turysta2.pttk.pl\/index.php?rest_route=\/wp\/v2\/posts\/26526","targetHints":{"allow":["GET"]}}],"collection":[{"href":"https:\/\/turysta2.pttk.pl\/index.php?rest_route=\/wp\/v2\/posts"}],"about":[{"href":"https:\/\/turysta2.pttk.pl\/index.php?rest_route=\/wp\/v2\/types\/post"}],"author":[{"embeddable":true,"href":"https:\/\/turysta2.pttk.pl\/index.php?rest_route=\/wp\/v2\/users\/5"}],"replies":[{"embeddable":true,"href":"https:\/\/turysta2.pttk.pl\/index.php?rest_route=%2Fwp%2Fv2%2Fcomments&post=26526"}],"version-history":[{"count":10,"href":"https:\/\/turysta2.pttk.pl\/index.php?rest_route=\/wp\/v2\/posts\/26526\/revisions"}],"predecessor-version":[{"id":26577,"href":"https:\/\/turysta2.pttk.pl\/index.php?rest_route=\/wp\/v2\/posts\/26526\/revisions\/26577"}],"wp:featuredmedia":[{"embeddable":true,"href":"https:\/\/turysta2.pttk.pl\/index.php?rest_route=\/wp\/v2\/media\/26552"}],"wp:attachment":[{"href":"https:\/\/turysta2.pttk.pl\/index.php?rest_route=%2Fwp%2Fv2%2Fmedia&parent=26526"}],"wp:term":[{"taxonomy":"category","embeddable":true,"href":"https:\/\/turysta2.pttk.pl\/index.php?rest_route=%2Fwp%2Fv2%2Fcategories&post=26526"},{"taxonomy":"post_tag","embeddable":true,"href":"https:\/\/turysta2.pttk.pl\/index.php?rest_route=%2Fwp%2Fv2%2Ftags&post=26526"}],"curies":[{"name":"wp","href":"https:\/\/api.w.org\/{rel}","templated":true}]}}