{"id":26388,"date":"2020-11-24T14:58:35","date_gmt":"2020-11-24T12:58:35","guid":{"rendered":"https:\/\/turysta2.pttk.pl\/?p=26388"},"modified":"2021-01-12T19:36:55","modified_gmt":"2021-01-12T17:36:55","slug":"wycieczka-do-cmielowa-oddzial-swietokrzyskim-pttk-im-stanislawa-jezewskiego-w-ostrowcu-swietokrzyskim","status":"publish","type":"post","link":"https:\/\/turysta2.pttk.pl\/?p=26388","title":{"rendered":"Wycieczka do \u0106mielowa &#8211; Oddzia\u0142 \u015awi\u0119tokrzyski PTTK im. Stanis\u0142awa Je\u017cewskiego w Ostrowcu \u015awi\u0119tokrzyskim"},"content":{"rendered":"<p>&nbsp;<\/p>\n<p>5 wrze\u015bnia 2020 r. przewodnicy, krajoznawcy i tury\u015bci skupieni przy Oddziale, wzi\u0119li udzia\u0142 w wycieczce do \u0106mielowa. G\u0142\u00f3wnym celem wycieczki by\u0142 udzia\u0142 w uroczystym ods\u0142oni\u0119ciu odnowionego nagrobka Antoniny Petroneli z Rzewuskich Ma\u0142achowskiej\u00a0 w \u0107mielowskim ko\u015bciele pw. Wniebowzi\u0119cia NMP.<!--more--><\/p>\n<p>\u0106miel\u00f3w to miasto nad Kamienn\u0105 zamieszka\u0142e ju\u017c w okresie neolitu przez ludy kultury puchar\u00f3w lejkowatych, eksploatuj\u0105ce kopalnie krzemienia, \u015blady odsady zachowa\u0142y si\u0119 na Gawro\u0144cu. Pierwsze informacje o istnieniu parafii pochodz\u0105 z 1325 roku, a o istnieniu zamku z 1388. Po nabyciu d\u00f3br \u0107mielowskich przez rodzin\u0119 Szyd\u0142owieckich i otrzymanych prawach miejskich w 1505 roku, nast\u0105pi\u0142 szybki rozw\u00f3j miasta. Nast\u0119pny, r\u00f3wnie pomy\u015blny okres dla \u0106mielowa zaczyna si\u0119 w 1753 roku, kiedy w\u0142a\u015bcicielami zostaje rodzina Ma\u0142achowskich. Szczeg\u00f3lnie dla rozwoju gospodarczego miasta przyczyni\u0142 si\u0119 Jacek hr. Ma\u0142achowski, zak\u0142adaj\u0105c w 1804 roku fabryk\u0119 porcelany. Kanclerz Jacek Ma\u0142achowski zmar\u0142 27 marca 1821 roku w Bodzechowie, w wieku 83 lat, pochowany zosta\u0142 na cmentarzu w \u0106mielowie.<\/p>\n<p><a href=\"https:\/\/turysta2.pttk.pl\/wp-content\/uploads\/2020\/11\/6.-Napis-na-nagrobkua.jpg\"><img loading=\"lazy\" decoding=\"async\" class=\"aligncenter size-large wp-image-26391\" src=\"https:\/\/turysta2.pttk.pl\/wp-content\/uploads\/2020\/11\/6.-Napis-na-nagrobkua.jpg\" alt=\"\" width=\"577\" height=\"433\" srcset=\"https:\/\/turysta2.pttk.pl\/wp-content\/uploads\/2020\/11\/6.-Napis-na-nagrobkua.jpg 577w, https:\/\/turysta2.pttk.pl\/wp-content\/uploads\/2020\/11\/6.-Napis-na-nagrobkua-300x225.jpg 300w, https:\/\/turysta2.pttk.pl\/wp-content\/uploads\/2020\/11\/6.-Napis-na-nagrobkua-200x150.jpg 200w\" sizes=\"auto, (max-width: 577px) 100vw, 577px\" \/><\/a><\/p>\n<p>Wycieczka rozpocz\u0119\u0142a si\u0119 od zwiedzenia cmentarza parafialnego,\u00a0 za\u0142o\u017conego w 1807 roku i odszukania \u015blad\u00f3w poch\u00f3wku Jacka Ma\u0142achowskiego. Kaplica grobowa zosta\u0142a zniszczona, nie ma \u015bladu po krypcie grobowej, jedynym \u015bladem poch\u00f3wku Kanclerza jest tablica na murze cmentarnym ufundowana przez ksi\u0119dza Jana Wi\u015bniewskiego.<\/p>\n<p>Kolejnym punktem programu wycieczki by\u0142o zwiedzanie ko\u015bcio\u0142a, murowana \u015bwi\u0105tynia mimo wielokrotnych przebud\u00f3w zachowa\u0142a gotycka sylwetk\u0119, a w barokowym wyposa\u017ceniu \u00a0wn\u0119trza na uwag\u0119 zas\u0142uguje o\u0142tarz wielki z obrazem Matki Bo\u017cej Pocieszenia i boczny M\u0119ki Pa\u0144skiej z rze\u017ab\u0105 Ukrzy\u017cowanego Chrystusa na tle Jerozolimy.<\/p>\n<p>Uroczysto\u015b\u0107 zorganizowana przez Proboszcza parafii ks. Czes\u0142awa Gumieniaka i Stowarzyszenie Mi\u0142o\u015bnik\u00f3w Historii \u0106mielowa rozpocz\u0119\u0142a si\u0119 od wyk\u0142adu dr Piotra Olszewskiego \u201eJacek i Antonina Ma\u0142achowscy a \u0106miel\u00f3w\u201d - znawcy tematu, autora pracy p.t. \u201eKanclerz Jacek Na\u0142\u0119cz Ma\u0142achowski \/1737-1821\/.\u201d \u00a0Prelegent szeroko om\u00f3wi\u0142 zas\u0142ugi kanclerza i jego ma\u0142\u017conki dla \u0106mielowa, po czym nast\u0105pi\u0142o ods\u0142oni\u0119cie odnowionego nagrobka. Nagrobek wykonany z piaskowca w formie piramidy z herbami Ma\u0142achowskich \u2013 \u201eNa\u0142\u0119cz\u201d i Rzewuskich \u2013 \u201eKrzywda\u201d oraz napisem: \u201e Tu le\u017cy Antonina z Rzewuskich sukcesorka cn\u00f3t, czyn\u00f3w,\u00a0 marsza\u0142k\u00f3w, hetman\u00f3w i innych pierwszych urz\u0119d\u00f3w i m\u0119\u017c\u00f3w siostra. Ma\u0142\u017conka Hyacynta \u00a0Ma\u0142achowskiego, Kanclerza Wielkiego Polskiego, Kollatora, kt\u00f3ry trzykro\u0107 sk\u0142ada\u0142 Ministerstwo, a kray Seym mu go dawa\u0142 gdy wszyscy urz\u0119du ubiegali si\u0119. Prywatne p\u0119dz\u0105c \u017cycie wdowiec pozosta\u0142 z dwoygiem tylko dzieci Franciszki i syna Jana z Dukli pomnik stawiaj\u0105cego prosz\u0105ce o westchnienie za dobr\u0105 Pani\u0105, Matk\u0119 i Przyjaci\u00f3\u0142k\u0119 i przyk\u0142adn\u0105 Ma\u0142\u017conk\u0119 zmar\u0142\u0105 29 juniy RO. 1806.\u201d - \u00a0znajduje si\u0119 na po\u0142udniowej \u015bcianie nawy. Uroczysto\u015b\u0107 u\u015bwietni\u0142 koncert muzyki organowej.<\/p>\n<p>Alicja M\u0119\u017cyk<em><br \/>\n<\/em><\/p>\n<p>&nbsp;<\/p>\n<p><a href=\"https:\/\/turysta2.pttk.pl\/wp-content\/uploads\/2020\/11\/4.-Kosciol-w-Cmielowie-scaled.jpg\"><img loading=\"lazy\" decoding=\"async\" class=\"aligncenter size-large wp-image-26389\" src=\"https:\/\/turysta2.pttk.pl\/wp-content\/uploads\/2020\/11\/4.-Kosciol-w-Cmielowie-1024x768.jpg\" alt=\"\" width=\"604\" height=\"453\" srcset=\"https:\/\/turysta2.pttk.pl\/wp-content\/uploads\/2020\/11\/4.-Kosciol-w-Cmielowie-1024x768.jpg 1024w, https:\/\/turysta2.pttk.pl\/wp-content\/uploads\/2020\/11\/4.-Kosciol-w-Cmielowie-300x225.jpg 300w, https:\/\/turysta2.pttk.pl\/wp-content\/uploads\/2020\/11\/4.-Kosciol-w-Cmielowie-768x576.jpg 768w, https:\/\/turysta2.pttk.pl\/wp-content\/uploads\/2020\/11\/4.-Kosciol-w-Cmielowie-1536x1152.jpg 1536w, https:\/\/turysta2.pttk.pl\/wp-content\/uploads\/2020\/11\/4.-Kosciol-w-Cmielowie-2048x1536.jpg 2048w, https:\/\/turysta2.pttk.pl\/wp-content\/uploads\/2020\/11\/4.-Kosciol-w-Cmielowie-200x150.jpg 200w\" sizes=\"auto, (max-width: 604px) 100vw, 604px\" \/><\/a>\u00a0\u00a0 <a href=\"https:\/\/turysta2.pttk.pl\/wp-content\/uploads\/2020\/11\/3.-Nagrobek-Antoniny-Malachowskiejaa.jpg\"><img loading=\"lazy\" decoding=\"async\" class=\"aligncenter size-full wp-image-26393\" src=\"https:\/\/turysta2.pttk.pl\/wp-content\/uploads\/2020\/11\/3.-Nagrobek-Antoniny-Malachowskiejaa.jpg\" alt=\"\" width=\"577\" height=\"433\" srcset=\"https:\/\/turysta2.pttk.pl\/wp-content\/uploads\/2020\/11\/3.-Nagrobek-Antoniny-Malachowskiejaa.jpg 577w, https:\/\/turysta2.pttk.pl\/wp-content\/uploads\/2020\/11\/3.-Nagrobek-Antoniny-Malachowskiejaa-300x225.jpg 300w, https:\/\/turysta2.pttk.pl\/wp-content\/uploads\/2020\/11\/3.-Nagrobek-Antoniny-Malachowskiejaa-200x150.jpg 200w\" sizes=\"auto, (max-width: 577px) 100vw, 577px\" \/><\/a><\/p>\n<p>&nbsp;<\/p>\n<p>.<\/p>\n<p>&nbsp;<\/p>\n<p>&nbsp;<\/p>\n<p>&nbsp;<\/p>\n<p>&nbsp;<\/p>\n<p>&nbsp;<\/p>\n<p>&nbsp;<\/p>\n<p><strong>\u00a0<\/strong><\/p>\n","protected":false},"excerpt":{"rendered":"&nbsp; 5 wrze\u015bnia 2020 r. przewodnicy, krajoznawcy i tury\u015bci skupieni przy Oddziale, wzi\u0119li udzia\u0142 w wycieczce do \u0106mielowa. G\u0142\u00f3wnym celem wycieczki by\u0142 udzia\u0142 w uroczystym ods\u0142oni\u0119ciu odnowionego nagrobka Antoniny Petroneli z Rzewuskich Ma\u0142achowskiej\u00a0 w \u0107mielowskim ko\u015bciele pw. Wniebowzi\u0119cia NMP.","protected":false},"author":5,"featured_media":26392,"comment_status":"closed","ping_status":"closed","sticky":false,"template":"","format":"gallery","meta":{"footnotes":""},"categories":[68],"tags":[],"class_list":["post-26388","post","type-post","status-publish","format-gallery","has-post-thumbnail","hentry","category-turystyka-piesza","post_format-post-format-gallery","cat-68-id"],"aioseo_notices":[],"_links":{"self":[{"href":"https:\/\/turysta2.pttk.pl\/index.php?rest_route=\/wp\/v2\/posts\/26388","targetHints":{"allow":["GET"]}}],"collection":[{"href":"https:\/\/turysta2.pttk.pl\/index.php?rest_route=\/wp\/v2\/posts"}],"about":[{"href":"https:\/\/turysta2.pttk.pl\/index.php?rest_route=\/wp\/v2\/types\/post"}],"author":[{"embeddable":true,"href":"https:\/\/turysta2.pttk.pl\/index.php?rest_route=\/wp\/v2\/users\/5"}],"replies":[{"embeddable":true,"href":"https:\/\/turysta2.pttk.pl\/index.php?rest_route=%2Fwp%2Fv2%2Fcomments&post=26388"}],"version-history":[{"count":10,"href":"https:\/\/turysta2.pttk.pl\/index.php?rest_route=\/wp\/v2\/posts\/26388\/revisions"}],"predecessor-version":[{"id":26508,"href":"https:\/\/turysta2.pttk.pl\/index.php?rest_route=\/wp\/v2\/posts\/26388\/revisions\/26508"}],"wp:featuredmedia":[{"embeddable":true,"href":"https:\/\/turysta2.pttk.pl\/index.php?rest_route=\/wp\/v2\/media\/26392"}],"wp:attachment":[{"href":"https:\/\/turysta2.pttk.pl\/index.php?rest_route=%2Fwp%2Fv2%2Fmedia&parent=26388"}],"wp:term":[{"taxonomy":"category","embeddable":true,"href":"https:\/\/turysta2.pttk.pl\/index.php?rest_route=%2Fwp%2Fv2%2Fcategories&post=26388"},{"taxonomy":"post_tag","embeddable":true,"href":"https:\/\/turysta2.pttk.pl\/index.php?rest_route=%2Fwp%2Fv2%2Ftags&post=26388"}],"curies":[{"name":"wp","href":"https:\/\/api.w.org\/{rel}","templated":true}]}}