{"id":26275,"date":"2020-11-16T12:35:15","date_gmt":"2020-11-16T10:35:15","guid":{"rendered":"https:\/\/turysta2.pttk.pl\/?p=26275"},"modified":"2021-09-13T14:57:07","modified_gmt":"2021-09-13T12:57:07","slug":"powolano-polska-rade-turystyki","status":"publish","type":"post","link":"https:\/\/turysta2.pttk.pl\/?p=26275","title":{"rendered":"Powsta\u0142a Polska Rada Turystyki"},"content":{"rendered":"<p>Przedstawiciele kilkunastu izb turystycznych podj\u0119li decyzj\u0119 o po\u0142\u0105czeniu si\u0142 w walce o przetrwanie bran\u017cy turystycznej. W czwartek 5 listopada 2020 r. powo\u0142ano Polsk\u0105 Rad\u0119 Turystyki. Za\u0142o\u017ceniem Rady jest wielowariantowa reprezentacja wszystkich podmiot\u00f3w powi\u0105zanych z bran\u017c\u0105 turystyczn\u0105 dzia\u0142aj\u0105cych zar\u00f3wno na terenie Polski jak i poza jej granicami. Celem przy\u015bwiecaj\u0105cym organizatorom Rady, jest powo\u0142anie silnej reprezentacji do dzia\u0142ania zar\u00f3wno na szczeblu lokalnym jak i w trakcie rozm\u00f3w z administracj\u0105 pa\u0144stwow\u0105.<\/p>\n<pre>pa\u017adziernik-grudzie\u0144 4(4)<\/pre>\n<p><em>Ostatnie miesi\u0105ce s\u0105 dla nas wszystkich nie lada wyzwaniem. Walczymy nie tylko ze skutkami pandemii SARS-CoV-2, ale r\u00f3wnie\u017c z wynikaj\u0105cymi z niej po\u015brednio sytuacjami ekonomicznymi, gospodarczymi i spo\u0142ecznymi. Nasze firmy tworzone cz\u0119sto latami, nasza pozycja zawodowa oraz wytwarzane miejsca pracy s\u0105 zagro\u017cone. Dla niekt\u00f3rych minione miesi\u0105ce okaza\u0142y si\u0119 za trudne i mimo stara\u0144 musieli zlikwidowa\u0107 prowadzone biznesy. Niekt\u00f3rzy z nas pr\u00f3buj\u0105 si\u0119 przebran\u017cowi\u0107, inni po\u015bwi\u0119caj\u0105 prywatny maj\u0105tek na utrzymanie miejsc pracy. W zwi\u0105zku z powy\u017cszym postanowili\u015bmy po\u0142\u0105czy\u0107 si\u0142y, by razem poszuka\u0107 rozwi\u0105za\u0144 i wsp\u00f3lnie stawi\u0107 czo\u0142a dr\u0119cz\u0105cym nas problemom. Dlatego w dniu 5 listopada 2020 r. podj\u0119li\u015bmy decyzj\u0119 o powo\u0142aniu Polskiej Rady Turystyki.<\/em>\u00a0- t\u0142umaczy Rafa\u0142 Marek, prezes Krakowskiej Izby Turystyki.<\/p>\n<p>W sk\u0142ad Cz\u0142onk\u00f3w Za\u0142o\u017cycieli Polskiej Rady Turystyki wchodz\u0105:<\/p>\n<ul>\n<li>Dolno\u015bl\u0105ska Izba Turystyki<\/li>\n<li>Federacja Stowarzysze\u0144 Przewodnickich<\/li>\n<li>Izba Gospodarcza Kr\u0105g Turystyki Zdrowotnej<\/li>\n<li>Izba Turystyki Rzeczypospolitej Polskiej<\/li>\n<li>\"Gremium\" Ma\u0142opolska Izba Hotelarska<\/li>\n<li>Nowos\u0105decka Izba Turystyki<\/li>\n<li>Krakowska Izba Turystyki<\/li>\n<li>Krakowska Kongregacja Kupiecka<\/li>\n<li>Og\u00f3lnopolskie Stowarzyszenie Agent\u00f3w Turystycznych<\/li>\n<li>Regionalna Izba Turystyki w Lublinie<\/li>\n<li>Stowarzyszenie Ekologicznego Transportu Autokarowego \"STEKTRA\"<\/li>\n<li>Stowarzyszenie Turystyki i Atrakcji Rodzinnych<\/li>\n<li>Szczyrkowska Izba Gospodarcza<\/li>\n<li>\u015al\u0105ska Izba Turystyki<\/li>\n<li>Turystyczna Organizacja Otwarta<\/li>\n<li>Warszawska Izba Turystyki<\/li>\n<li>Wielkopolska Izba Turystyki<\/li>\n<li>Zwi\u0105zek Pracodawc\u00f3w Turystyki - \"Lewiatan\"<\/li>\n<\/ul>\n<p><em>Ta lista nie jest zamkni\u0119ta. Serdecznie zapraszamy do wsp\u00f3\u0142pracy ka\u017cd\u0105 organizacj\u0119, kt\u00f3rej le\u017cy na sercu dobro turystyki<\/em>\u00a0- m\u00f3wi Rafa\u0142 Marek.<\/p>\n<p>Koordynacj\u0105 dzia\u0142a\u0144 Rady b\u0119d\u0105 zajmowali si\u0119: Marek Ciechanowski - prezes Izby Turystyki Rzeczypospolitej Polskiej, Alina Dyba\u015b prezes Turystycznej Organizacji Otwartej, Rafa\u0142 Marek - prezes Krakowskiej Izby Turystyki oraz Marcin Wujec - prezes Og\u00f3lnopolskiego Stowarzyszenia Agent\u00f3w Turystycznych.<\/p>\n<p>Dominika Szymborska<\/p>\n","protected":false},"excerpt":{"rendered":"Przedstawiciele kilkunastu izb turystycznych podj\u0119li decyzj\u0119 o po\u0142\u0105czeniu si\u0142 w walce o przetrwanie bran\u017cy turystycznej. W czwartek 5 listopada 2020 r. powo\u0142ano Polsk\u0105 Rad\u0119 Turystyki. Za\u0142o\u017ceniem Rady jest wielowariantowa reprezentacja wszystkich podmiot\u00f3w powi\u0105zanych z bran\u017c\u0105 turystyczn\u0105 dzia\u0142aj\u0105cych zar\u00f3wno na terenie Polski jak i poza jej granicami. Celem przy\u015bwiecaj\u0105cym organizatorom Rady, jest powo\u0142anie silnej reprezentacji do dzia\u0142ania zar\u00f3wno na szczeblu lokalnym&nbsp;<a href=\"https:\/\/turysta2.pttk.pl\/?p=26275\" class=\"read-more\">Continue Reading<\/a>","protected":false},"author":5,"featured_media":26277,"comment_status":"closed","ping_status":"closed","sticky":false,"template":"","format":"standard","meta":{"footnotes":""},"categories":[11],"tags":[],"class_list":["post-26275","post","type-post","status-publish","format-standard","has-post-thumbnail","hentry","category-turysta-poleca","cat-11-id"],"aioseo_notices":[],"_links":{"self":[{"href":"https:\/\/turysta2.pttk.pl\/index.php?rest_route=\/wp\/v2\/posts\/26275","targetHints":{"allow":["GET"]}}],"collection":[{"href":"https:\/\/turysta2.pttk.pl\/index.php?rest_route=\/wp\/v2\/posts"}],"about":[{"href":"https:\/\/turysta2.pttk.pl\/index.php?rest_route=\/wp\/v2\/types\/post"}],"author":[{"embeddable":true,"href":"https:\/\/turysta2.pttk.pl\/index.php?rest_route=\/wp\/v2\/users\/5"}],"replies":[{"embeddable":true,"href":"https:\/\/turysta2.pttk.pl\/index.php?rest_route=%2Fwp%2Fv2%2Fcomments&post=26275"}],"version-history":[{"count":8,"href":"https:\/\/turysta2.pttk.pl\/index.php?rest_route=\/wp\/v2\/posts\/26275\/revisions"}],"predecessor-version":[{"id":26316,"href":"https:\/\/turysta2.pttk.pl\/index.php?rest_route=\/wp\/v2\/posts\/26275\/revisions\/26316"}],"wp:featuredmedia":[{"embeddable":true,"href":"https:\/\/turysta2.pttk.pl\/index.php?rest_route=\/wp\/v2\/media\/26277"}],"wp:attachment":[{"href":"https:\/\/turysta2.pttk.pl\/index.php?rest_route=%2Fwp%2Fv2%2Fmedia&parent=26275"}],"wp:term":[{"taxonomy":"category","embeddable":true,"href":"https:\/\/turysta2.pttk.pl\/index.php?rest_route=%2Fwp%2Fv2%2Fcategories&post=26275"},{"taxonomy":"post_tag","embeddable":true,"href":"https:\/\/turysta2.pttk.pl\/index.php?rest_route=%2Fwp%2Fv2%2Ftags&post=26275"}],"curies":[{"name":"wp","href":"https:\/\/api.w.org\/{rel}","templated":true}]}}