{"id":26168,"date":"2020-11-09T10:38:43","date_gmt":"2020-11-09T08:38:43","guid":{"rendered":"https:\/\/turysta2.pttk.pl\/?p=26168"},"modified":"2020-11-19T11:07:11","modified_gmt":"2020-11-19T09:07:11","slug":"wedrowali-na-xxiv-rajdzie-niepodleglosci","status":"publish","type":"post","link":"https:\/\/turysta2.pttk.pl\/?p=26168","title":{"rendered":"W\u0119dr\u00f3wki  na XXIV Rajdzie Niepodleg\u0142o\u015bci"},"content":{"rendered":"<p>7 listopada odby\u0142 si\u0119 Rajd Niepodleg\u0142o\u015bci. By\u0142a to ju\u017c 24 edycja imprezy! Dotychczasowe organizowane by\u0142y we wsp\u00f3\u0142pracy oddzia\u0142\u00f3w: PTTK Ko\u0144skie i PTTK \u017barn\u00f3w. Tegoroczna\u00a0 edycja zosta\u0142a zorganizowana przez PTTK Ko\u0144skie i odby\u0142a si\u0119 na trasie okr\u0119\u017cnej: z Ko\u0144skich przez Koczwar\u0119, Pomyk\u00f3w i Pi\u0142\u0119 do Ko\u0144skich. Podstawowe cele rajdu to: uczczenie 102 rocznicy odzyskania niepodleg\u0142o\u015bci, podkre\u015blenie jubileuszu 85 lecia O\/PTTK w Ko\u0144skich i 35 lecia Klubu Turystyki Aktywnej \u201ePasat\u201d, poznanie walor\u00f3w krajoznawczych Ziemi Koneckiej oraz w\u0142\u0105czenie si\u0119 do og\u00f3lnopolskiej akcji \u201ePoznajemy Polsk\u0119 z PTTK\u201d. W imprezie wzi\u0119\u0142o udzia\u0142 110 os\u00f3b, kt\u00f3re pokonywa\u0142y tras\u0119 w ma\u0142ych grupach (do 5 os\u00f3b) lub indywidualnie (z uwagi na zagro\u017cenie epidemiologiczne).<\/p>\n<pre>lipiec-wrzesie\u0144\/3(3)2020<\/pre>\n<p><a href=\"https:\/\/turysta2.pttk.pl\/wp-content\/uploads\/2020\/11\/124241176_3791737430860720_7143061970709675257_n-1.jpg\"><img loading=\"lazy\" decoding=\"async\" class=\"aligncenter size-full wp-image-26172\" src=\"https:\/\/turysta2.pttk.pl\/wp-content\/uploads\/2020\/11\/124241176_3791737430860720_7143061970709675257_n-1.jpg\" alt=\"\" width=\"960\" height=\"540\" srcset=\"https:\/\/turysta2.pttk.pl\/wp-content\/uploads\/2020\/11\/124241176_3791737430860720_7143061970709675257_n-1.jpg 960w, https:\/\/turysta2.pttk.pl\/wp-content\/uploads\/2020\/11\/124241176_3791737430860720_7143061970709675257_n-1-300x169.jpg 300w, https:\/\/turysta2.pttk.pl\/wp-content\/uploads\/2020\/11\/124241176_3791737430860720_7143061970709675257_n-1-768x432.jpg 768w\" sizes=\"auto, (max-width: 960px) 100vw, 960px\" \/><\/a><\/p>\n<p>Na starcie ka\u017cdy z uczestnik\u00f3w podczas weryfikacji otrzymywa\u0142 opis trasy i wyrusza\u0142 na samodzielny spacer.\u00a0 Trasa rajdu by\u0142a tak pomy\u015blana, aby tury\u015bci mogli przej\u015b\u0107 obok miejsc pami\u0119ci narodowej, a ch\u0119tni rozwi\u0105za\u0107 edukacyjn\u0105 zgadywank\u0119 zwi\u0105zan\u0105 z postaciami historycznymi walcz\u0105cymi o nasz\u0105 niepodleg\u0142o\u015b\u0107.\u00a0\u00a0Jak zwykle w rajdzie uczestniczyli piechurzy z woj. \u015bwi\u0119tokrzyskiego (Kielc, Skar\u017cyska Kamiennej i Ko\u0144skich) i \u0142\u00f3dzkiego.\u00a0\u00a0Oddzia\u0142 PTTK w \u017barnowie reprezentowany by\u0142 przez 41 os\u00f3b. Byli to cz\u0142onkowie i sympatycy, w tym kilkoro doros\u0142ych i 27 uczni\u00f3w z Bia\u0142aczowa. Dla podkre\u015blenia patriotycznego charakteru imprezy, uczniowie SP w Bia\u0142aczowie odbyli spacer z bia\u0142o - czerwonymi flagami. Ju\u017c na starcie uczestnicy otrzymali pami\u0105tkowe plakietki rajdowe z wypisanymi na odwrocie numerami startowymi. Po doj\u015bciu na met\u0119 szcz\u0119\u015bliwe numery dawa\u0142y prawo do odebrania rajdowych upomink\u00f3w.<\/p>\n<p><a href=\"https:\/\/turysta2.pttk.pl\/wp-content\/uploads\/2020\/11\/124429716_3791736424194154_3122063413089981437_n-1.jpg\"><img loading=\"lazy\" decoding=\"async\" class=\"aligncenter size-full wp-image-26180\" src=\"https:\/\/turysta2.pttk.pl\/wp-content\/uploads\/2020\/11\/124429716_3791736424194154_3122063413089981437_n-1.jpg\" alt=\"\" width=\"600\" height=\"451\" srcset=\"https:\/\/turysta2.pttk.pl\/wp-content\/uploads\/2020\/11\/124429716_3791736424194154_3122063413089981437_n-1.jpg 600w, https:\/\/turysta2.pttk.pl\/wp-content\/uploads\/2020\/11\/124429716_3791736424194154_3122063413089981437_n-1-300x226.jpg 300w, https:\/\/turysta2.pttk.pl\/wp-content\/uploads\/2020\/11\/124429716_3791736424194154_3122063413089981437_n-1-200x150.jpg 200w\" sizes=\"auto, (max-width: 600px) 100vw, 600px\" \/><\/a><\/p>\n<p>Na zako\u0144czenie imprezy, ka\u017cdy turysta otrzyma\u0142 na koniec dyplom \u2013 certyfikat potwierdzaj\u0105cy udzia\u0142 w imprezie oraz m\u00f3g\u0142 skorzysta\u0107 z pami\u0105tkowej piecz\u0105tki. Dla zdecydowanej wi\u0119kszo\u015bci turyst\u00f3w wa\u017cne by\u0142o uzyskanie punkt\u00f3w do odznaki turystyki pieszej, a tak\u017ce do regionalnej odznaki \u201eTurysta Ziemi Koneckiej\u201d. Przestrzegaj\u0105c zasad obowi\u0105zuj\u0105cych w okresie epidemii, organizatorzy nie inicjowali wsp\u00f3lnego rozpocz\u0119cia i zako\u0144czenia rajdu, a ka\u017cdy z uczestnik\u00f3w traktowany by\u0142 indywidualnie. Pomimo tego tury\u015bci ocenili imprez\u0119 pozytywnie, doceniaj\u0105c starania grupy organizator\u00f3w z PTTK Ko\u0144skie.<\/p>\n<p><a href=\"https:\/\/turysta2.pttk.pl\/wp-content\/uploads\/2020\/11\/a-1.jpg\"><img loading=\"lazy\" decoding=\"async\" class=\"aligncenter size-large wp-image-26188\" src=\"https:\/\/turysta2.pttk.pl\/wp-content\/uploads\/2020\/11\/a-1-1024x768.jpg\" alt=\"\" width=\"604\" height=\"453\" srcset=\"https:\/\/turysta2.pttk.pl\/wp-content\/uploads\/2020\/11\/a-1-1024x768.jpg 1024w, https:\/\/turysta2.pttk.pl\/wp-content\/uploads\/2020\/11\/a-1-300x225.jpg 300w, https:\/\/turysta2.pttk.pl\/wp-content\/uploads\/2020\/11\/a-1-768x576.jpg 768w, https:\/\/turysta2.pttk.pl\/wp-content\/uploads\/2020\/11\/a-1-1536x1152.jpg 1536w, https:\/\/turysta2.pttk.pl\/wp-content\/uploads\/2020\/11\/a-1-200x150.jpg 200w, https:\/\/turysta2.pttk.pl\/wp-content\/uploads\/2020\/11\/a-1.jpg 1632w\" sizes=\"auto, (max-width: 604px) 100vw, 604px\" \/><\/a><\/p>\n<p>W\u0142odzimierz Szafi\u0144ski<\/p>\n<p>&nbsp;<\/p>\n<p>&nbsp;<\/p>\n","protected":false},"excerpt":{"rendered":"7 listopada odby\u0142 si\u0119 Rajd Niepodleg\u0142o\u015bci. By\u0142a to ju\u017c 24 edycja imprezy! Dotychczasowe organizowane by\u0142y we wsp\u00f3\u0142pracy oddzia\u0142\u00f3w: PTTK Ko\u0144skie i PTTK \u017barn\u00f3w. Tegoroczna\u00a0 edycja zosta\u0142a zorganizowana przez PTTK Ko\u0144skie i odby\u0142a si\u0119 na trasie okr\u0119\u017cnej: z Ko\u0144skich przez Koczwar\u0119, Pomyk\u00f3w i Pi\u0142\u0119 do Ko\u0144skich. Podstawowe cele rajdu to: uczczenie 102 rocznicy odzyskania niepodleg\u0142o\u015bci, podkre\u015blenie jubileuszu 85 lecia O\/PTTK w&nbsp;<a href=\"https:\/\/turysta2.pttk.pl\/?p=26168\" class=\"read-more\">Continue Reading<\/a>","protected":false},"author":5,"featured_media":26178,"comment_status":"closed","ping_status":"closed","sticky":false,"template":"","format":"standard","meta":{"footnotes":""},"categories":[1,68],"tags":[],"class_list":["post-26168","post","type-post","status-publish","format-standard","has-post-thumbnail","hentry","category-bez-kategorii","category-turystyka-piesza","cat-1-id","cat-68-id"],"aioseo_notices":[],"_links":{"self":[{"href":"https:\/\/turysta2.pttk.pl\/index.php?rest_route=\/wp\/v2\/posts\/26168","targetHints":{"allow":["GET"]}}],"collection":[{"href":"https:\/\/turysta2.pttk.pl\/index.php?rest_route=\/wp\/v2\/posts"}],"about":[{"href":"https:\/\/turysta2.pttk.pl\/index.php?rest_route=\/wp\/v2\/types\/post"}],"author":[{"embeddable":true,"href":"https:\/\/turysta2.pttk.pl\/index.php?rest_route=\/wp\/v2\/users\/5"}],"replies":[{"embeddable":true,"href":"https:\/\/turysta2.pttk.pl\/index.php?rest_route=%2Fwp%2Fv2%2Fcomments&post=26168"}],"version-history":[{"count":17,"href":"https:\/\/turysta2.pttk.pl\/index.php?rest_route=\/wp\/v2\/posts\/26168\/revisions"}],"predecessor-version":[{"id":26321,"href":"https:\/\/turysta2.pttk.pl\/index.php?rest_route=\/wp\/v2\/posts\/26168\/revisions\/26321"}],"wp:featuredmedia":[{"embeddable":true,"href":"https:\/\/turysta2.pttk.pl\/index.php?rest_route=\/wp\/v2\/media\/26178"}],"wp:attachment":[{"href":"https:\/\/turysta2.pttk.pl\/index.php?rest_route=%2Fwp%2Fv2%2Fmedia&parent=26168"}],"wp:term":[{"taxonomy":"category","embeddable":true,"href":"https:\/\/turysta2.pttk.pl\/index.php?rest_route=%2Fwp%2Fv2%2Fcategories&post=26168"},{"taxonomy":"post_tag","embeddable":true,"href":"https:\/\/turysta2.pttk.pl\/index.php?rest_route=%2Fwp%2Fv2%2Ftags&post=26168"}],"curies":[{"name":"wp","href":"https:\/\/api.w.org\/{rel}","templated":true}]}}