{"id":26115,"date":"2020-10-26T15:40:06","date_gmt":"2020-10-26T13:40:06","guid":{"rendered":"https:\/\/turysta2.pttk.pl\/?p=26115"},"modified":"2020-10-26T15:43:50","modified_gmt":"2020-10-26T13:43:50","slug":"jesien-na-pilicy","status":"publish","type":"post","link":"https:\/\/turysta2.pttk.pl\/?p=26115","title":{"rendered":"Jesie\u0144 na Pilicy"},"content":{"rendered":"<p>W niedziel\u0119 11 pa\u017adziernika br., odby\u0142 si\u0119 kolejny sp\u0142yw kajakowy zorganizowany przez Oddzia\u0142 PTTK w \u017barnowie.\u00a0 Przed zwodowaniem kajak\u00f3w w Tomaszowie Mazowieckim, nast\u0105pi\u0142o wr\u0119czenie br\u0105zowej turystycznej odznaki kajakowej Rados\u0142awowi Jurczykowi, kt\u00f3ry przep\u0142yn\u0105\u0142 ponad 400 km r\u00f3\u017cnymi rzekami Polski.\u00a0 <!--more--><\/p>\n<p>Siedemnastoosobowa grupa kajakarzy, mia\u0142a tym razem do przebycia 20 km szlaku wodnego Pilic\u0105 \u00a0do Zako\u015bciela. Pomimo ch\u0142odnego dnia, p\u0142yn\u0119\u0142o si\u0119 dobrze: wysoki stan \u00a0wody, bezwietrzny dzie\u0144 i przede wszystkim brak opad\u00f3w sprzyja\u0142y kajakarzom. W Spale zrobili\u015bmy przerw\u0119 na posi\u0142ek, dzieci uczestnicz\u0105ce w sp\u0142ywie mia\u0142y mo\u017cliwo\u015b\u0107 skorzystania z placu zabaw.<\/p>\n<p>Drugi odcinek trasy wi\u00f3d\u0142 przez Teofil\u00f3w i Inow\u0142\u00f3dz. Pi\u0119knie prezentowa\u0142 si\u0119 widziany z Pilicy roma\u0144ski ko\u015bci\u00f3\u0142 \u015bw. Idziego i\u00a0 otaczaj\u0105ca rzek\u0119 przyroda.<a href=\"https:\/\/turysta2.pttk.pl\/wp-content\/uploads\/2020\/10\/121307900_310874976783020_5482029357206064780_o.jpg\"><img loading=\"lazy\" decoding=\"async\" class=\"aligncenter size-large wp-image-26116\" src=\"https:\/\/turysta2.pttk.pl\/wp-content\/uploads\/2020\/10\/121307900_310874976783020_5482029357206064780_o-1024x640.jpg\" alt=\"\" width=\"604\" height=\"378\" srcset=\"https:\/\/turysta2.pttk.pl\/wp-content\/uploads\/2020\/10\/121307900_310874976783020_5482029357206064780_o-1024x640.jpg 1024w, https:\/\/turysta2.pttk.pl\/wp-content\/uploads\/2020\/10\/121307900_310874976783020_5482029357206064780_o-300x187.jpg 300w, https:\/\/turysta2.pttk.pl\/wp-content\/uploads\/2020\/10\/121307900_310874976783020_5482029357206064780_o-768x480.jpg 768w, https:\/\/turysta2.pttk.pl\/wp-content\/uploads\/2020\/10\/121307900_310874976783020_5482029357206064780_o-1536x959.jpg 1536w, https:\/\/turysta2.pttk.pl\/wp-content\/uploads\/2020\/10\/121307900_310874976783020_5482029357206064780_o.jpg 1889w\" sizes=\"auto, (max-width: 604px) 100vw, 604px\" \/><\/a>P\u0142yn\u0105c, spotykali\u015bmy na wodzie stada kaczek i \u0142ab\u0119dzie z przych\u00f3wkiem. \u00a0Du\u017ca cz\u0119\u015b\u0107 sp\u0142ywu, prowadzi\u0142a przez tereny obj\u0119te ochron\u0105 przyrody, min. przez Spalski Park Krajobrazowy. \u201eJesie\u0144 na Pilicy\u201d to nazwa cyklicznego sp\u0142ywu, kt\u00f3ry tradycyjnie organizujemy w pa\u017adzierniku od kilku lat.<\/p>\n<p>W\u0142odzimierz Szafi\u0144ski<\/p>\n","protected":false},"excerpt":{"rendered":"W niedziel\u0119 11 pa\u017adziernika br., odby\u0142 si\u0119 kolejny sp\u0142yw kajakowy zorganizowany przez Oddzia\u0142 PTTK w \u017barnowie.\u00a0 Przed zwodowaniem kajak\u00f3w w Tomaszowie Mazowieckim, nast\u0105pi\u0142o wr\u0119czenie br\u0105zowej turystycznej odznaki kajakowej Rados\u0142awowi Jurczykowi, kt\u00f3ry przep\u0142yn\u0105\u0142 ponad 400 km r\u00f3\u017cnymi rzekami Polski.\u00a0","protected":false},"author":5,"featured_media":26118,"comment_status":"closed","ping_status":"closed","sticky":false,"template":"","format":"gallery","meta":{"footnotes":""},"categories":[70],"tags":[],"class_list":["post-26115","post","type-post","status-publish","format-gallery","has-post-thumbnail","hentry","category-turystyka-wodna","post_format-post-format-gallery","cat-70-id"],"aioseo_notices":[],"_links":{"self":[{"href":"https:\/\/turysta2.pttk.pl\/index.php?rest_route=\/wp\/v2\/posts\/26115","targetHints":{"allow":["GET"]}}],"collection":[{"href":"https:\/\/turysta2.pttk.pl\/index.php?rest_route=\/wp\/v2\/posts"}],"about":[{"href":"https:\/\/turysta2.pttk.pl\/index.php?rest_route=\/wp\/v2\/types\/post"}],"author":[{"embeddable":true,"href":"https:\/\/turysta2.pttk.pl\/index.php?rest_route=\/wp\/v2\/users\/5"}],"replies":[{"embeddable":true,"href":"https:\/\/turysta2.pttk.pl\/index.php?rest_route=%2Fwp%2Fv2%2Fcomments&post=26115"}],"version-history":[{"count":5,"href":"https:\/\/turysta2.pttk.pl\/index.php?rest_route=\/wp\/v2\/posts\/26115\/revisions"}],"predecessor-version":[{"id":26120,"href":"https:\/\/turysta2.pttk.pl\/index.php?rest_route=\/wp\/v2\/posts\/26115\/revisions\/26120"}],"wp:featuredmedia":[{"embeddable":true,"href":"https:\/\/turysta2.pttk.pl\/index.php?rest_route=\/wp\/v2\/media\/26118"}],"wp:attachment":[{"href":"https:\/\/turysta2.pttk.pl\/index.php?rest_route=%2Fwp%2Fv2%2Fmedia&parent=26115"}],"wp:term":[{"taxonomy":"category","embeddable":true,"href":"https:\/\/turysta2.pttk.pl\/index.php?rest_route=%2Fwp%2Fv2%2Fcategories&post=26115"},{"taxonomy":"post_tag","embeddable":true,"href":"https:\/\/turysta2.pttk.pl\/index.php?rest_route=%2Fwp%2Fv2%2Ftags&post=26115"}],"curies":[{"name":"wp","href":"https:\/\/api.w.org\/{rel}","templated":true}]}}