{"id":26087,"date":"2020-10-09T15:41:41","date_gmt":"2020-10-09T13:41:41","guid":{"rendered":"https:\/\/turysta2.pttk.pl\/?p=26087"},"modified":"2021-12-16T22:23:00","modified_gmt":"2021-12-16T20:23:00","slug":"vii-miedzypokoleniowa-sztafeta-turystyczna-2","status":"publish","type":"post","link":"https:\/\/turysta2.pttk.pl\/?p=26087","title":{"rendered":"VII Mi\u0119dzypokoleniowa Sztafeta Turystyczna, Klub Krajoznawc\u00f3w &#8220;Bliza&#8221;"},"content":{"rendered":"<p><strong>\u201eGdy\u0144ski Turysta Przyrodnik w og\u00f3lnopolskiej akcji MST\u201d<\/strong><\/p>\n<p><strong>Organizatorem akcji\u00a0 organizowanej w dniu 26 wrze\u015bnia by\u0142 Klub Krajoznawc\u00f3w \u201eBLIZA\u201d Oddzia\u0142u Morskiego PTTK w Gdyni z prezesem klubu Alicj\u0105 Wrzosek. W sztafecie uczestniczyli prezesi i cz\u0142onkowie klub\u00f3w z Oddzia\u0142u Morskiego i m\u0142odzie\u017c, g\u0142\u00f3wnie z Centrum Kszta\u0142cenia Zawodowego i Ustawicznego nr 1 w Gdyni. Z zaproszonych go\u015bci wymieni\u0107 nale\u017cy in\u017c. Micha\u0142a Grabowskiego, In\u017cyniera Nadzoru Nadle\u015bnictwa Gda\u0144sk z siedzib\u0105 w Gdyni i Dariusza D\u0119bskiego, przewodnicz\u0105cego Pomorskiej Komisji Krajoznawczej PTTK w Gda\u0144sku oraz Rafa\u0142a Kubisia, prezesa Oddzia\u0142u Sopockiego PTTK. Uczestniczy\u0142o w akcji 26.09.2020 r. blisko 50 os\u00f3b, a 2.10.2020 r. ponad 120 os\u00f3b, g\u0142\u00f3wnie ze szk\u00f3\u0142 podstawowych w Gdyni (99 uczni\u00f3w). Ponowili\u015bmy akcj\u0119 2.X. aby przyci\u0105gn\u0105\u0107 uczni\u00f3w szk\u00f3\u0142 podstawowych. W czasie przemarszu lasami przestrzegali\u015bmy zalecanych przez MZ warunk\u00f3w sanitarno-epidemiologicznych.<\/strong><\/p>\n<p>Tras\u0119 sztafety rozpocz\u0119li\u015bmy od przystanku SKM Gdynia Wzg\u00f3rze \u015awi\u0119tego Maksymiliana o godz. 10.00. Uczestnik\u00f3w sztafety powita\u0142a Alicja Wrzosek, prezes klubu i Ryszard J. Wrzosek, prezes honorowy OM PTTK. Przedstawiono program sztafety oraz posadzenia \u201eDrzewa Dziedzictwa PTTK\u201d. Prowadzi\u0142a\u00a0 j\u0105 A. Wrzosek, a zamyka\u0142 R.J. Wrzosek. Szli\u015bmy czarnym szlakiem Zag\u00f3rskiej Strugi, kt\u00f3ry prowadzi z centrum Gdyni do Wejherowa. Pierwszy post\u00f3j by\u0142 na Placu ks. Mowi\u0144skiego na Witominie, przy pomniku Madonny Gdy\u0144skiej. Wysoko\u015b\u0107 pomnika 27 m. a odlew Maryi z br\u0105zu \u2013 3m. wysoko\u015bci by\u0142 umieszczony na bryle kuli ziemskiej o \u015brednicy 2,5 m.. Pomnik postawiono w 2002 r. Nast\u0119pnie czarnym szlakiem doszli\u015bmy do rezerwatu przyrody \u201eKacze \u0141\u0119gi\u201d, gdzie spotkali\u015bmy si\u0119 z le\u015bnikiem in\u017c. Micha\u0142em Grabowskim, kt\u00f3ry nadzorowa\u0142 sadzenie drzewka, sadzonki 3-letniej lipy, kt\u00f3r\u0105 wysiano w 2018 r. tj. w 90.rocznic\u0119 OM PTTK w Gdyni. D\u0142ugo\u015b\u0107 sadzonki lipy 130 cm z korzeniami. Po 6 km na czarnym szlaku, obok turystycznej wiaty i na skrzy\u017cowaniu le\u015bnych \u015bcie\u017cek posadzili\u015bmy j\u0105. Wyznaczenie miejsca posadzenia drzewa PTTK wcze\u015bniej ustalono\u00a0 z podle\u015bniczym z Le\u015bnictwa Witomino. Przed posadzeniem drzewa A. Wrzosek odczyta\u0142a list Jerzego Kap\u0142ona, prezesa\u00a0 ZG PTTK do organizator\u00f3w i uczestnik\u00f3w \u201eVII Mi\u0119dzypokoleniowej Sztafety Turystycznej\u201d. Prezes podzi\u0119kowa\u0142 wszystkim za czas i energi\u0119, po\u015bwi\u0119cone w przygotowanie i przeprowadzenie tego wydarzenia. In\u017c. M. Grabowski z Nadle\u015bnictwa Gda\u0144sk przekaza\u0142 nam sadzonk\u0119 lipy, poniewa\u017c w tym roku nasze d\u0119by niszczy zaraza. M\u0142odzi uczestnicy sztafety wykopali do\u0142ek a nast\u0119pnie A. Wrzosek umie\u015bci\u0142a sadzonk\u0119 lipy w otworze, a inni uczestnicy zasypywali ziemi\u0105 i j\u0105 udeptali, zgodnie z zaleceniem le\u015bnika. Miejsce posadzenia lipy zosta\u0142o ogrodzone palikami, po\u0142\u0105czonymi \u017cerdziami na g\u00f3rze. Zmierzyli\u015bmy wysoko\u015b\u0107 posadzonej lipy, kt\u00f3ra wynosi 110 cm od powierzchni terenu. Dzia\u0142ania przy posadzeniu Drzewa Dziedzictwa PTTK \u2013 lipy, udokumentowano fotograficznie. Koordynaty GPS drzewa s\u0105 nast\u0119puj\u0105ce:<\/p>\n<p>Szeroko\u015b\u0107 geograficzna \u2013\u00a0 54,487177, d\u0142ugo\u015b\u0107 geograficzna\u00a0 -\u00a0 18,489268.<\/p>\n<p>\u201eKrykulec\u201d \u2013 wiata turystyczna na czarnym szlaku Zag\u00f3rskiej Strugi w le\u015bnictwie Witomino.<\/p>\n<p>Po posadzeniu lipy, in\u017c. Micha\u0142 Grabowski przedstawi\u0142 dzia\u0142ania le\u015bnik\u00f3w w Nadle\u015bnictwie Gda\u0144sk. Pogadanka dotyczy\u0142a g\u0142\u00f3wnie Tr\u00f3jmiejskiego Parku Krajobrazowego, jako \u017ce na jego terenie posadzono nasze drzewko PTTK. Opiek\u0119 nad Drzewem Dziedzictwa PTTK sprawuje Oddzia\u0142 Morski PTTK, a w jego imieniu Alicja Wrzosek jako spo\u0142eczny opiekun przyrodnik drzewa. A. Wrzosek zaproponowa\u0142a, aby w pobli\u017cu drzewa umie\u015bci\u0107 g\u0142az, kt\u00f3ry\u00a0 upami\u0119tni 100-letni\u0105 histori\u0119 OM PTTK w 2028 r. Zdecydowa\u0142a si\u0119 o dbanie i piel\u0119gnowanie sadzonki, g\u0142\u00f3wnie na pocz\u0105tku jej wzrostu przez podlewanie wod\u0105.<\/p>\n<p>VII sztafeta poprzedzona by\u0142a akcj\u0105 \u201eSprz\u0105tanie Gdyni\u201d w dn. 18 \u2013 20 wrze\u015bnia 2020 r. , w kt\u00f3rej uczestniczy\u0142 Klub Krajoznawc\u00f3w BLIZA z prezesem klubu A. Wrzosek. Sprz\u0105tali\u015bmy g\u0142\u00f3wnie w centrum Gdyni - Park Rady Europy oraz szlaki turystyczne Tr\u00f3jmiejskiego Parku Krajobrazowego. Przed sam\u0105 sztafet\u0105, 20.IX. b.r. przeszli\u015bmy czarny szlak Zag\u00f3rskiej Strugi, od centrum Gdyni do miejsca posadzenia drzewa i zebrali\u015bmy 4 worki puszek i butelek szklanych i plastykowych. Odpady zostawili\u015bmy w um\u00f3wionym z Wydzia\u0142em \u015arodowiska UM Gdyni miejscu przy ul. Witomi\u0144skiej. Po sztafecie spotkali\u015bmy si\u0119 z m\u0142odzie\u017c\u0105 na szlaku turystycznym 2 pa\u017adziernika 2020 r. gdzie na postojach by\u0142y pogadanki o ochronie przyrody w Gdyni, g\u0142\u00f3wnie o rezerwatach przyrody : Kacze \u0141\u0119gi i K\u0119pa Red\u0142owska.<\/p>\n<p>Alicja Wrzosek<\/p>\n<p>Ryszard J\u00f3zef Wrzosek<\/p>\n<p><a href=\"https:\/\/turysta2.pttk.pl\/wp-content\/uploads\/2020\/10\/Deseczka-z-data2.jpg\"><img loading=\"lazy\" decoding=\"async\" class=\"aligncenter size-large wp-image-26088\" src=\"https:\/\/turysta2.pttk.pl\/wp-content\/uploads\/2020\/10\/Deseczka-z-data2-1024x704.jpg\" alt=\"\" width=\"604\" height=\"415\" srcset=\"https:\/\/turysta2.pttk.pl\/wp-content\/uploads\/2020\/10\/Deseczka-z-data2-1024x704.jpg 1024w, https:\/\/turysta2.pttk.pl\/wp-content\/uploads\/2020\/10\/Deseczka-z-data2-300x206.jpg 300w, https:\/\/turysta2.pttk.pl\/wp-content\/uploads\/2020\/10\/Deseczka-z-data2-768x528.jpg 768w, https:\/\/turysta2.pttk.pl\/wp-content\/uploads\/2020\/10\/Deseczka-z-data2-1536x1056.jpg 1536w, https:\/\/turysta2.pttk.pl\/wp-content\/uploads\/2020\/10\/Deseczka-z-data2.jpg 1705w\" sizes=\"auto, (max-width: 604px) 100vw, 604px\" \/><\/a>OM PTTK Gdynia<\/p>\n","protected":false},"excerpt":{"rendered":"\u201eGdy\u0144ski Turysta Przyrodnik w og\u00f3lnopolskiej akcji MST\u201d Organizatorem akcji\u00a0 organizowanej w dniu 26 wrze\u015bnia by\u0142 Klub Krajoznawc\u00f3w \u201eBLIZA\u201d Oddzia\u0142u Morskiego PTTK w Gdyni z prezesem klubu Alicj\u0105 Wrzosek. W sztafecie uczestniczyli prezesi i cz\u0142onkowie klub\u00f3w z Oddzia\u0142u Morskiego i m\u0142odzie\u017c, g\u0142\u00f3wnie z Centrum Kszta\u0142cenia Zawodowego i Ustawicznego nr 1 w Gdyni. Z zaproszonych go\u015bci wymieni\u0107 nale\u017cy in\u017c. Micha\u0142a Grabowskiego, In\u017cyniera&nbsp;<a href=\"https:\/\/turysta2.pttk.pl\/?p=26087\" class=\"read-more\">Continue Reading<\/a>","protected":false},"author":5,"featured_media":26088,"comment_status":"closed","ping_status":"closed","sticky":false,"template":"","format":"standard","meta":{"footnotes":""},"categories":[1],"tags":[],"class_list":["post-26087","post","type-post","status-publish","format-standard","has-post-thumbnail","hentry","category-bez-kategorii","cat-1-id"],"aioseo_notices":[],"_links":{"self":[{"href":"https:\/\/turysta2.pttk.pl\/index.php?rest_route=\/wp\/v2\/posts\/26087","targetHints":{"allow":["GET"]}}],"collection":[{"href":"https:\/\/turysta2.pttk.pl\/index.php?rest_route=\/wp\/v2\/posts"}],"about":[{"href":"https:\/\/turysta2.pttk.pl\/index.php?rest_route=\/wp\/v2\/types\/post"}],"author":[{"embeddable":true,"href":"https:\/\/turysta2.pttk.pl\/index.php?rest_route=\/wp\/v2\/users\/5"}],"replies":[{"embeddable":true,"href":"https:\/\/turysta2.pttk.pl\/index.php?rest_route=%2Fwp%2Fv2%2Fcomments&post=26087"}],"version-history":[{"count":5,"href":"https:\/\/turysta2.pttk.pl\/index.php?rest_route=\/wp\/v2\/posts\/26087\/revisions"}],"predecessor-version":[{"id":26284,"href":"https:\/\/turysta2.pttk.pl\/index.php?rest_route=\/wp\/v2\/posts\/26087\/revisions\/26284"}],"wp:featuredmedia":[{"embeddable":true,"href":"https:\/\/turysta2.pttk.pl\/index.php?rest_route=\/wp\/v2\/media\/26088"}],"wp:attachment":[{"href":"https:\/\/turysta2.pttk.pl\/index.php?rest_route=%2Fwp%2Fv2%2Fmedia&parent=26087"}],"wp:term":[{"taxonomy":"category","embeddable":true,"href":"https:\/\/turysta2.pttk.pl\/index.php?rest_route=%2Fwp%2Fv2%2Fcategories&post=26087"},{"taxonomy":"post_tag","embeddable":true,"href":"https:\/\/turysta2.pttk.pl\/index.php?rest_route=%2Fwp%2Fv2%2Ftags&post=26087"}],"curies":[{"name":"wp","href":"https:\/\/api.w.org\/{rel}","templated":true}]}}