{"id":26051,"date":"2020-10-08T13:23:44","date_gmt":"2020-10-08T11:23:44","guid":{"rendered":"https:\/\/turysta2.pttk.pl\/?p=26051"},"modified":"2020-11-19T11:07:45","modified_gmt":"2020-11-19T09:07:45","slug":"bogactwo-florystyczne-mazowieckiego-parku-krajobrazowego-wycieczka-rowerowa","status":"publish","type":"post","link":"https:\/\/turysta2.pttk.pl\/?p=26051","title":{"rendered":"Bogactwo florystyczne Mazowieckiego Parku Krajobrazowego. Wycieczka rowerowa."},"content":{"rendered":"<p><strong>Warszawa, jako jedyna europejska stolica funkcjonuje w bezpo\u015brednim s\u0105siedztwie parku narodowego. Znajduj\u0105ca si\u0119 na p\u00f3\u0142nocnych peryferiach miasta Puszcza Kampinoska nie jest jednak jedynym z du\u017cych kompleks\u00f3w le\u015bnych, otaczaj\u0105cych metropoli\u0119. By pozna\u0107 ca\u0142y tak zwany \u201cZielony Pier\u015bcie\u0144 Warszawy\u201d, nale\u017cy powiedzie\u0107 jeszcze o dw\u00f3ch innych niezwyk\u0142ych miejscach: Chojnowskim Parku Krajobrazowym i Mazowieckim Parku Krajobrazowym (MPK). Ten ostatni pos\u0142u\u017cy nam jako teren naszej wycieczki.<\/strong><\/p>\n<pre>lipiec-wrzesie\u0144\/3(3)2020<\/pre>\n<p>MPK im. Czes\u0142awa \u0141aszka to park o charakterze le\u015bnym. Granice obejmuj\u0105 r\u00f3wnin\u0119 moreny dennej z zespo\u0142ami zalesionych wydm polodowcowych, ekosystemy podmok\u0142e, w tym torfowiska, kompleksy le\u015bne, \u015br\u00f3dle\u015bne tereny otwarte stanowi\u0105ce mozaik\u0119 polno-\u0142\u0105kowo-osadnicz\u0105 oraz ma\u0142e wiejskie uk\u0142ady osadnicze. Bogactwo flory reprezentuje sze\u015b\u0107dziesi\u0105t jeden pomnik\u00f3w przyrody i ponad setka gatunk\u00f3w rzadkich, b\u0105d\u017a obj\u0119tych ochron\u0105 gatunkow\u0105 (z\u00a0przewag\u0105 tych drugich). Atrakcyjno\u015b\u0107 terenu jest dope\u0142niana przez bogat\u0105 flor\u0119, liczne zabytki i pozosta\u0142o\u015bci fortyfikacji<br \/>\nz okresu I i II Wojny \u015awiatowej.<\/p>\n<p>Wycieczka przewidziana jest dla m\u0142odzie\u017cy szk\u00f3\u0142 \u015brednich, co\u00a0nie\u00a0wyklucza r\u00f3wnie\u017c starszych grup wiekowych. Sugeruje\u00a0si\u0119 przeprowadzi\u0107 j\u0105 od 29 IV do 07 X, ze wzgl\u0119du na termin dzia\u0142ania plac\u00f3wki naukowej przy bagnie \u201cTorfy\u201d. Czas trwania to mi\u0119dzy 6 a 7 godzin. Zaleca si\u0119 rozpocz\u0119cie jej mi\u0119dzy 9-t\u0105 a 10-t\u0105. Ka\u017cdy<br \/>\nz uczestnik\u00f3w powinien posiada\u0107 kart\u0119 rowerow\u0105 lub dow\u00f3d to\u017csamo\u015bci potwierdzaj\u0105cy uko\u0144czenie osiemnastego roku \u017cycia, rower i w\u0142asny prowiant<br \/>\nw postaci drugiego \u015bniadania. Przed wycieczk\u0105 organizator powinien skontaktowa\u0107 si\u0119 z o\u015brodkiem edukacyjnym \u201cBaza Torfy\u201d w celu ustalenia terminu lekcji. Sugeruje si\u0119 zam\u00f3wienie posi\u0142ku obiadowego (w postaci ogniska i kie\u0142basek), kt\u00f3ry\u00a0odb\u0119dzie\u00a0si\u0119 na terenie przystani \u201cEm\u00f3w\u201d.<\/p>\n<p>Trasa przejazdu obejmuje:<\/p>\n<ol>\n<li>Rezerwat im. Kr\u00f3la Jana III Sobieskiego<\/li>\n<li>Macierowe Bagno - Zielony \u0141ug<\/li>\n<li>Jezioro Torfy w Aleksandrowie - Kaczy \u0141ug<\/li>\n<li>Bia\u0142y \u0141ug<\/li>\n<li>Pomnik Lotnika<\/li>\n<li>D\u0105b Bartek Mazowiecki<\/li>\n<li>Uj\u015bcie Mieni do \u015awidru<\/li>\n<li>G\u00f3ry \u0141yse<\/li>\n<li>Rezerwat \u201cNa Torfach\u201d<\/li>\n<\/ol>\n<p><strong>Rezerwat im. Kr\u00f3la Jana III Sobieskiego<\/strong><\/p>\n<p>Uczestnicy wycieczki spotykaj\u0105 si\u0119 na przystanku autobusowym Wierzchowskiego 01, przy wej\u015bciu do rezerwatu im. Kr\u00f3la Jana III Sobieskiego. Znajduje si\u0119 on w p\u00f3\u0142nocno wschodniej cz\u0119\u015bci dzielnicy Wawer we wschodniej cz\u0119\u015bci Warszawy. Na p\u00f3\u0142noc od drogi nr.2 Warszawa-Terespol. Obejmuje on rozleg\u0142\u0105, nisk\u0105 wydm\u0119 poro\u015bni\u0119t\u0105 lasem sosnowo-d\u0119bowo-lipowym z domieszk\u0105 czarnej brzozy.<\/p>\n<p>Taka w\u0119dr\u00f3wka daje wyobra\u017cenie jak wygl\u0105da\u0142a kiedy\u015b mazowiecka puszcza. Na terenie parku niekt\u00f3re drogi s\u0105 zagospodarowane turystycznie, jest te\u017c \u015bcie\u017cka edukacyjna. Rezerwat pe\u0142ni wa\u017cn\u0105 funkcj\u0119 naukow\u0105, kt\u00f3rej celem jest zachowanie naturalnych po\u0142aci las\u00f3w charakterystycznych dla tego regionu. Znajduj\u0105 si\u0119 tu te\u017c miejsca pami\u0119ci m.in.: Cmentarz ofiar II Wojny \u015awiatowej, kapliczka w miejscu dawnego o\u0142tarza polowego czy obelisk Pi\u0142sudskiego upami\u0119tniaj\u0105cy \u0107wiczenia legion\u00f3w.<\/p>\n<p><a href=\"https:\/\/turysta2.pttk.pl\/wp-content\/uploads\/2020\/10\/T.png\"><img loading=\"lazy\" decoding=\"async\" class=\"aligncenter size-full wp-image-26076\" src=\"https:\/\/turysta2.pttk.pl\/wp-content\/uploads\/2020\/10\/T.png\" alt=\"\" width=\"576\" height=\"744\" srcset=\"https:\/\/turysta2.pttk.pl\/wp-content\/uploads\/2020\/10\/T.png 576w, https:\/\/turysta2.pttk.pl\/wp-content\/uploads\/2020\/10\/T-232x300.png 232w\" sizes=\"auto, (max-width: 576px) 100vw, 576px\" \/><\/a><\/p>\n<p>Pocz\u0105tkowo obj\u0119ty by\u0142 pod \u015bcis\u0142\u0105 ochron\u0105 (ju\u017c od 1922 r.) z zakazem wst\u0119pu i ogrodzony drutem kolczastym w celu zachowania fragment\u00f3w pierwotnego lasu charakterystycznego dla Mazowsza. Obecnie przewa\u017caj\u0105 tu\u00a0gr\u0105dy o bogatym runie z d\u0119bem szypu\u0142kowym, lip\u0105 drobnolistn\u0105 i grabem zwyczajnym.\u00a0W rezerwacie podziwiamy bory sosnowo-d\u0119bowe, lipowo-d\u0119bowe - czyli fragmenty naturalnego lasu mieszanego i li\u015bciastego.<\/p>\n<p>Chronionymi formacjami lasu s\u0105 tu gr\u0105dy subkontynentalne (dominuj\u0105ce gatunki to: grab, d\u0105b szypu\u0142kowy i lipa drobnolistna), bory mieszane (g\u0142\u00f3wnie sosna z domieszk\u0105 \u015bwierku i buku) oraz zanikaj\u0105ce na terenie Polski d\u0105browy \u015bwietliste (d\u0119by) charakteryzuj\u0105ce si\u0119 ubogim podszytem i wyj\u0105tkowo bujn\u0105 ro\u015blinno\u015bci\u0105 pi\u0119tra runa.<\/p>\n<p>Rezerwat to\u00a0r\u00f3wnie\u017c ostoja tak rzadko spotykanych zwierz\u0105t w okolicy Warszawy jak kuna le\u015bna czy borsuk. Opuszczaj\u0105c rezerwat udajemy si\u0119 do skrzy\u017cowania Traktu Brzeskiego z\u00a0ul. H. Wierzbowskiego. Jedziemy w kierunku Instytutu Kardiologii im. Kardyna\u0142a Wyszy\u0144skiego. Nast\u0119pnie ul. Zorzy obok oczyszczalni \u015bciek\u00f3w \u201cCyraneczka\u201d, przecinamy Kana\u0142 Wawerski, zmierzamy ku\u00a0Macierowemu Bagnu. Mo\u017cemy ju\u017c obserwowa\u0107 b\u00f3r sosnowy, \u0142agodnie przechodz\u0105cy w b\u00f3r mieszany z ca\u0142ym bogactwem ich flory. Rozpoznajemy ro\u015bliny tworz\u0105ce runo i podszyt le\u015bny:<\/p>\n<ul>\n<li>krzaczaste d\u0119by<\/li>\n<li>jarz\u0119biny<\/li>\n<li>kruszyny pospolite<\/li>\n<li>czeremchy<\/li>\n<li>bor\u00f3wk\u0119 brusznic\u0119<\/li>\n<li>r\u00f3\u017cne rodzaje mch\u00f3w\n<ul>\n<li>torfowiec<\/li>\n<li>rokietnik pospolity<\/li>\n<li>p\u0142onnik pospolity<\/li>\n<li>w\u0105trobowiec<\/li>\n<li>bielistka siwa<\/li>\n<li>mech w\u0142a\u015bciwy plagiotropowy<\/li>\n<\/ul>\n<\/li>\n<\/ul>\n<p><a href=\"https:\/\/turysta2.pttk.pl\/wp-content\/uploads\/2020\/10\/20180930_152521.jpg\"><img loading=\"lazy\" decoding=\"async\" class=\"aligncenter size-large wp-image-26054\" src=\"https:\/\/turysta2.pttk.pl\/wp-content\/uploads\/2020\/10\/20180930_152521-1024x768.jpg\" alt=\"\" width=\"604\" height=\"453\" srcset=\"https:\/\/turysta2.pttk.pl\/wp-content\/uploads\/2020\/10\/20180930_152521-1024x768.jpg 1024w, https:\/\/turysta2.pttk.pl\/wp-content\/uploads\/2020\/10\/20180930_152521-300x225.jpg 300w, https:\/\/turysta2.pttk.pl\/wp-content\/uploads\/2020\/10\/20180930_152521-768x576.jpg 768w, https:\/\/turysta2.pttk.pl\/wp-content\/uploads\/2020\/10\/20180930_152521-1536x1152.jpg 1536w, https:\/\/turysta2.pttk.pl\/wp-content\/uploads\/2020\/10\/20180930_152521-200x150.jpg 200w, https:\/\/turysta2.pttk.pl\/wp-content\/uploads\/2020\/10\/20180930_152521.jpg 1632w\" sizes=\"auto, (max-width: 604px) 100vw, 604px\" \/><\/a><\/p>\n<p><strong>Macierowe Bagno - Zielony \u0141ug<\/strong><\/p>\n<p>Wje\u017cd\u017camy na uroczysko. Jest ono po\u0142o\u017cone na obszarze osiedla Stara Mi\u0142osna. Macierowe Bagno to torfowisko o\u00a0powierzchni 5 ha o charakterze przej\u015bciowym porastaj\u0105ce lasem sosnowo-brzozowym. Zielony \u0141ug za\u015b, to pod\u0142u\u017cny zbiornik wodny zmieniaj\u0105cy si\u0119 w suchych latach w kilka mniejszych, zabagnionych i zarastaj\u0105cych krzewami. Cz\u0119sto oba zbiorniki s\u0105 nazywane jako jedna lokacja: Uroczysko Zielony \u0141ug.<\/p>\n<p>Jest to idealne miejsce by pozna\u0107 torfowiska przej\u015bciowe, kt\u00f3re stanowi\u0105 zaledwie 4% wszystkich polskich torfowisk. S\u0105 to takie, kt\u00f3re porasta zar\u00f3wno ro\u015blinno\u015b\u0107 charakterystyczna dla torfowisk niskich (porastanych przez szuwary, o do\u015b\u0107 bogatej florze) jak i wysokich (porastanych przez turzycowiska, z\u00a0wyra\u017an\u0105 grub\u0105 warstw\u0105 torfu). Stoj\u0105ce w wodzie drzewa \u015bwiadcz\u0105 o\u00a0wyst\u0119powaniu procesu porastania torfowiska, kt\u00f3re powsta\u0142o wskutek zarastania starych \u015br\u00f3dle\u015bnych zbiornik\u00f3w wodnych. Powierzchni\u0119 porasta mech z rodziny torfowc\u00f3w, kt\u00f3ry ro\u015bnie tworz\u0105c ko\u017cuch i magazynuje wod\u0119 daj\u0105c dobre \u015brodowisko do rozwoju takim ro\u015blinom jak:<\/p>\n<ul>\n<li>Turzyca bagienna<\/li>\n<li>turzyca b\u0142otna<\/li>\n<li>\u017curawina<\/li>\n<li>we\u0142nianka w\u0105skolistna<\/li>\n<li>bor\u00f3wka bagienna<\/li>\n<li>bagno zwyczajne<\/li>\n<li>p\u0142ywacz drobny<\/li>\n<li>modrzewnica zwyczajna<\/li>\n<\/ul>\n<p>W miejscach nie okupowanych przez mech szerz\u0105 si\u0119 po\u0142acie trzciny pospolitej.<\/p>\n<p><a href=\"https:\/\/turysta2.pttk.pl\/wp-content\/uploads\/2020\/10\/Kopia-20180819_1936501.jpg\"><img loading=\"lazy\" decoding=\"async\" class=\"aligncenter size-large wp-image-26055\" src=\"https:\/\/turysta2.pttk.pl\/wp-content\/uploads\/2020\/10\/Kopia-20180819_1936501-1024x768.jpg\" alt=\"\" width=\"604\" height=\"453\" srcset=\"https:\/\/turysta2.pttk.pl\/wp-content\/uploads\/2020\/10\/Kopia-20180819_1936501-1024x768.jpg 1024w, https:\/\/turysta2.pttk.pl\/wp-content\/uploads\/2020\/10\/Kopia-20180819_1936501-300x225.jpg 300w, https:\/\/turysta2.pttk.pl\/wp-content\/uploads\/2020\/10\/Kopia-20180819_1936501-768x576.jpg 768w, https:\/\/turysta2.pttk.pl\/wp-content\/uploads\/2020\/10\/Kopia-20180819_1936501-1536x1152.jpg 1536w, https:\/\/turysta2.pttk.pl\/wp-content\/uploads\/2020\/10\/Kopia-20180819_1936501-200x150.jpg 200w, https:\/\/turysta2.pttk.pl\/wp-content\/uploads\/2020\/10\/Kopia-20180819_1936501.jpg 1632w\" sizes=\"auto, (max-width: 604px) 100vw, 604px\" \/><\/a>\u00a0Opuszczaj\u0105c bagno kierujemy si\u0119 do\u00a0Kaczego \u0141ugu. Skr\u0119camy w ulic\u0119 Fromborsk\u0105 by u jej ko\u0144ca przej\u015b\u0107 pod estakad\u0105 po\u0142udniowej obwodnicy Warszawy.<\/p>\n<p><a href=\"https:\/\/turysta2.pttk.pl\/wp-content\/uploads\/2020\/10\/AAA.jpg\"><img loading=\"lazy\" decoding=\"async\" class=\"aligncenter size-large wp-image-26058\" src=\"https:\/\/turysta2.pttk.pl\/wp-content\/uploads\/2020\/10\/AAA-1024x768.jpg\" alt=\"\" width=\"604\" height=\"453\" srcset=\"https:\/\/turysta2.pttk.pl\/wp-content\/uploads\/2020\/10\/AAA-1024x768.jpg 1024w, https:\/\/turysta2.pttk.pl\/wp-content\/uploads\/2020\/10\/AAA-300x225.jpg 300w, https:\/\/turysta2.pttk.pl\/wp-content\/uploads\/2020\/10\/AAA-768x576.jpg 768w, https:\/\/turysta2.pttk.pl\/wp-content\/uploads\/2020\/10\/AAA-1536x1152.jpg 1536w, https:\/\/turysta2.pttk.pl\/wp-content\/uploads\/2020\/10\/AAA-200x150.jpg 200w, https:\/\/turysta2.pttk.pl\/wp-content\/uploads\/2020\/10\/AAA.jpg 1632w\" sizes=\"auto, (max-width: 604px) 100vw, 604px\" \/><\/a><\/p>\n<p><strong>Torfy w Aleksandrowie - Kaczy \u0141ug<\/strong><\/p>\n<p>Zatrzymujemy si\u0119 na posi\u0142ek przy drewnianej wiacie przy sztucznym, acz\u00a0urokliwym, zbiorniku wodnym, powsta\u0142ym w dawnym wyrobisku torfu, tzw.\u00a0potorfie. Wida\u0107 to dok\u0142adnie na zdj\u0119ciach satelitarnych, \u017ce kszta\u0142t jego jest prostok\u0105tny a w szerszej perspektywie (z torfowiskiem) ma tak\u017ce regularne zarysy. Ca\u0142o\u015b\u0107 zajmuje oko\u0142o 6 ha.<\/p>\n<p><a href=\"https:\/\/turysta2.pttk.pl\/wp-content\/uploads\/2020\/10\/AAAAAAAAAAAAAAAAAAAAAA-scaled.jpg\"><img loading=\"lazy\" decoding=\"async\" class=\"aligncenter size-large wp-image-26059\" src=\"https:\/\/turysta2.pttk.pl\/wp-content\/uploads\/2020\/10\/AAAAAAAAAAAAAAAAAAAAAA-1024x768.jpg\" alt=\"\" width=\"604\" height=\"453\" srcset=\"https:\/\/turysta2.pttk.pl\/wp-content\/uploads\/2020\/10\/AAAAAAAAAAAAAAAAAAAAAA-1024x768.jpg 1024w, https:\/\/turysta2.pttk.pl\/wp-content\/uploads\/2020\/10\/AAAAAAAAAAAAAAAAAAAAAA-300x225.jpg 300w, https:\/\/turysta2.pttk.pl\/wp-content\/uploads\/2020\/10\/AAAAAAAAAAAAAAAAAAAAAA-768x576.jpg 768w, https:\/\/turysta2.pttk.pl\/wp-content\/uploads\/2020\/10\/AAAAAAAAAAAAAAAAAAAAAA-1536x1152.jpg 1536w, https:\/\/turysta2.pttk.pl\/wp-content\/uploads\/2020\/10\/AAAAAAAAAAAAAAAAAAAAAA-2048x1536.jpg 2048w, https:\/\/turysta2.pttk.pl\/wp-content\/uploads\/2020\/10\/AAAAAAAAAAAAAAAAAAAAAA-200x150.jpg 200w\" sizes=\"auto, (max-width: 604px) 100vw, 604px\" \/><\/a>Najciekawszym miejscem do obserwacji s\u0105 jego brzegi. Dla\u00a0niewtajemniczonych mog\u0105 stanowi\u0107 \u015bmierteln\u0105 pu\u0142apk\u0119, ale dla nas to\u00a0wprost podr\u0119cznikowy przyk\u0142ad trz\u0119sawiska wysokiego. Od brzeg\u00f3w odbiega p\u0142o (ko\u017cuch na powierzchni wody sk\u0142adaj\u0105cy si\u0119 ze zbitej warstwy torfowca i\u00a0innych ro\u015blin bagiennych) si\u0119gaj\u0105c w g\u0142\u0105b jeziora dziesi\u0105tki metr\u00f3w. Oddzielone wizualnie przez trzcin\u0119 i pa\u0142k\u0119 wodn\u0105 od brzeg\u00f3w zbiornika, najlepiej widoczne jest podczas spaceru k\u0142adk\u0105 u\u017cywan\u0105 przez rybak\u00f3w. Mo\u017cemy go wtedy dotkn\u0105\u0107, poczu\u0107 jak faluje ca\u0142y teren w promieniu kilku metr\u00f3w od nas. Pod warstw\u0105 torfowc\u00f3w znajduje si\u0119 kilka metr\u00f3w wody, b\u0105d\u017a bardzo wodnistego mu\u0142u. Cho\u0107 p\u0142a mszarne nie sprzyjaj\u0105 rozwojowi innych gatunk\u00f3w ni\u017c torfowce i rosiczkowate, s\u0105 to tak rzadko spotykane habitaty, i\u017c ro\u015bliny na nich wyst\u0119puj\u0105ce r\u00f3wnie\u017c nie\u00a0nale\u017c\u0105 do cz\u0119stych.<\/p>\n<p><a href=\"https:\/\/turysta2.pttk.pl\/wp-content\/uploads\/2020\/10\/NJKFLI.jpg\"><img loading=\"lazy\" decoding=\"async\" class=\"aligncenter size-large wp-image-26061\" src=\"https:\/\/turysta2.pttk.pl\/wp-content\/uploads\/2020\/10\/NJKFLI-1024x768.jpg\" alt=\"\" width=\"604\" height=\"453\" srcset=\"https:\/\/turysta2.pttk.pl\/wp-content\/uploads\/2020\/10\/NJKFLI-1024x768.jpg 1024w, https:\/\/turysta2.pttk.pl\/wp-content\/uploads\/2020\/10\/NJKFLI-300x225.jpg 300w, https:\/\/turysta2.pttk.pl\/wp-content\/uploads\/2020\/10\/NJKFLI-768x576.jpg 768w, https:\/\/turysta2.pttk.pl\/wp-content\/uploads\/2020\/10\/NJKFLI-1536x1152.jpg 1536w, https:\/\/turysta2.pttk.pl\/wp-content\/uploads\/2020\/10\/NJKFLI-2048x1536.jpg 2048w, https:\/\/turysta2.pttk.pl\/wp-content\/uploads\/2020\/10\/NJKFLI-200x150.jpg 200w\" sizes=\"auto, (max-width: 604px) 100vw, 604px\" \/><\/a>Na ko\u0144cu k\u0142adki rozpoczyna si\u0119 otwarta to\u0144 wodna, pokryta gr\u0105\u017celami \u017c\u00f3\u0142tymi i grzybieniem bia\u0142ym.<\/p>\n<p><a href=\"https:\/\/turysta2.pttk.pl\/wp-content\/uploads\/2020\/10\/LKRERRYIFTX.jpg\"><img loading=\"lazy\" decoding=\"async\" class=\"aligncenter size-large wp-image-26062\" src=\"https:\/\/turysta2.pttk.pl\/wp-content\/uploads\/2020\/10\/LKRERRYIFTX-1024x768.jpg\" alt=\"\" width=\"604\" height=\"453\" srcset=\"https:\/\/turysta2.pttk.pl\/wp-content\/uploads\/2020\/10\/LKRERRYIFTX-1024x768.jpg 1024w, https:\/\/turysta2.pttk.pl\/wp-content\/uploads\/2020\/10\/LKRERRYIFTX-300x225.jpg 300w, https:\/\/turysta2.pttk.pl\/wp-content\/uploads\/2020\/10\/LKRERRYIFTX-768x576.jpg 768w, https:\/\/turysta2.pttk.pl\/wp-content\/uploads\/2020\/10\/LKRERRYIFTX-1536x1152.jpg 1536w, https:\/\/turysta2.pttk.pl\/wp-content\/uploads\/2020\/10\/LKRERRYIFTX-2048x1536.jpg 2048w, https:\/\/turysta2.pttk.pl\/wp-content\/uploads\/2020\/10\/LKRERRYIFTX-200x150.jpg 200w\" sizes=\"auto, (max-width: 604px) 100vw, 604px\" \/><\/a>Po \u015bniadaniu wracamy na ul. Zag\u00f3rza\u0144sk\u0105, prowadz\u0105c\u0105 lasem mieszanym przechodz\u0105cym w b\u00f3r sosnowy, porastaj\u0105cy piaszczyste wydmy. Za\u00a0wzniesieniem skr\u0119camy w prawo w czerwony szlak. Z pewno\u015bci\u0105 przyci\u0105gn\u0105 nasz\u0105 uwag\u0119 \u0142any paprotki zwyczajnej. Spostrze\u017cemy tu konwali\u0119 majow\u0105 oraz kokoryczk\u0119 wonn\u0105.<\/p>\n<p><a href=\"https:\/\/turysta2.pttk.pl\/wp-content\/uploads\/2020\/10\/PPP.jpg\"><img loading=\"lazy\" decoding=\"async\" class=\"aligncenter size-large wp-image-26063\" src=\"https:\/\/turysta2.pttk.pl\/wp-content\/uploads\/2020\/10\/PPP-1024x768.jpg\" alt=\"\" width=\"604\" height=\"453\" srcset=\"https:\/\/turysta2.pttk.pl\/wp-content\/uploads\/2020\/10\/PPP-1024x768.jpg 1024w, https:\/\/turysta2.pttk.pl\/wp-content\/uploads\/2020\/10\/PPP-300x225.jpg 300w, https:\/\/turysta2.pttk.pl\/wp-content\/uploads\/2020\/10\/PPP-768x576.jpg 768w, https:\/\/turysta2.pttk.pl\/wp-content\/uploads\/2020\/10\/PPP-1536x1152.jpg 1536w, https:\/\/turysta2.pttk.pl\/wp-content\/uploads\/2020\/10\/PPP-2048x1536.jpg 2048w, https:\/\/turysta2.pttk.pl\/wp-content\/uploads\/2020\/10\/PPP-200x150.jpg 200w\" sizes=\"auto, (max-width: 604px) 100vw, 604px\" \/><\/a><a href=\"https:\/\/turysta2.pttk.pl\/wp-content\/uploads\/2020\/10\/JAGODKA.jpg\"><img loading=\"lazy\" decoding=\"async\" class=\"aligncenter wp-image-26065 size-large\" src=\"https:\/\/turysta2.pttk.pl\/wp-content\/uploads\/2020\/10\/JAGODKA-e1602154569320-768x1024.jpg\" alt=\"\" width=\"604\" height=\"805\" srcset=\"https:\/\/turysta2.pttk.pl\/wp-content\/uploads\/2020\/10\/JAGODKA-e1602154569320-768x1024.jpg 768w, https:\/\/turysta2.pttk.pl\/wp-content\/uploads\/2020\/10\/JAGODKA-e1602154569320-225x300.jpg 225w, https:\/\/turysta2.pttk.pl\/wp-content\/uploads\/2020\/10\/JAGODKA-e1602154569320-1152x1536.jpg 1152w, https:\/\/turysta2.pttk.pl\/wp-content\/uploads\/2020\/10\/JAGODKA-e1602154569320.jpg 1224w\" sizes=\"auto, (max-width: 604px) 100vw, 604px\" \/><\/a><\/p>\n<p><strong>Bia\u0142y \u0141ug<\/strong><\/p>\n<p>Znajduje si\u0119 na zach\u00f3d od Wi\u0105zowskiej miejscowo\u015bci G\u00f3raszki. Nale\u017cy uwa\u017ca\u0107 by nie pomyli\u0107 go z\u00a0le\u017c\u0105cym nieopodal stawem o tej samej nazwie. Jest bezodp\u0142ywowym obszarem pomi\u0119dzy wydmami i tak jak poprzedni obiekt i ten powsta\u0142 w potorfiu. To kolejny przyk\u0142ad torfowiska po\u015bredniego. Zamiast po\u0142aci trzciny pospolitej, tu\u00a0nie\u00a0wyst\u0119puj\u0105cej w og\u00f3le, mamy obszerne turzycowiska i k\u0119py wsz\u0119dobylskiej we\u0142nianki. Z wody wystaj\u0105 nagie pnie brzozowe \u015bwiadcz\u0105ce o\u00a0niegdy\u015b wyst\u0119puj\u0105cej tu brzezinie bagiennej. Teren otacza w\u0105ski pas boru bagiennego i wszechobecne takim miejscom \u0142ozowiska. Rzadkimi i chronionymi gatunkami, kt\u00f3re mo\u017cna tutaj spotka\u0107 s\u0105:<\/p>\n<ul>\n<li>Bagno zwyczajne<\/li>\n<li>Rosiczka okr\u0105g\u0142olistna<\/li>\n<li>Kuku\u0142ka plamista (storczyk)<\/li>\n<li>Turzyca Nitkowata<\/li>\n<\/ul>\n<p>Wprawni obserwatorzy dostrzeg\u0105 tak\u017ce rzadki gatunek ptaka - bekasa kszyka.<\/p>\n<p><a href=\"https:\/\/turysta2.pttk.pl\/wp-content\/uploads\/2020\/10\/AAAAAAAAAAAAAAAAAAAAAAAAAAAAAQ.jpg\"><img loading=\"lazy\" decoding=\"async\" class=\"aligncenter wp-image-26066 size-large\" src=\"https:\/\/turysta2.pttk.pl\/wp-content\/uploads\/2020\/10\/AAAAAAAAAAAAAAAAAAAAAAAAAAAAAQ-e1602154547840-768x1024.jpg\" alt=\"\" width=\"604\" height=\"805\" srcset=\"https:\/\/turysta2.pttk.pl\/wp-content\/uploads\/2020\/10\/AAAAAAAAAAAAAAAAAAAAAAAAAAAAAQ-e1602154547840-768x1024.jpg 768w, https:\/\/turysta2.pttk.pl\/wp-content\/uploads\/2020\/10\/AAAAAAAAAAAAAAAAAAAAAAAAAAAAAQ-e1602154547840-225x300.jpg 225w, https:\/\/turysta2.pttk.pl\/wp-content\/uploads\/2020\/10\/AAAAAAAAAAAAAAAAAAAAAAAAAAAAAQ-e1602154547840-1152x1536.jpg 1152w, https:\/\/turysta2.pttk.pl\/wp-content\/uploads\/2020\/10\/AAAAAAAAAAAAAAAAAAAAAAAAAAAAAQ-e1602154547840.jpg 1224w\" sizes=\"auto, (max-width: 604px) 100vw, 604px\" \/><\/a><\/p>\n<p><strong>Pomnik Lotnika<\/strong><\/p>\n<p>Udajemy si\u0119 w kierunku rzeki Mieni. Z czerwonego szlaku wg. za\u0142\u0105czonej mapy kierujemy si\u0119 na po\u0142udnie.<\/p>\n<p><a href=\"https:\/\/turysta2.pttk.pl\/wp-content\/uploads\/2020\/10\/XXXXXXXXXXXXXXX.jpg\"><img loading=\"lazy\" decoding=\"async\" class=\"aligncenter size-large wp-image-26067\" src=\"https:\/\/turysta2.pttk.pl\/wp-content\/uploads\/2020\/10\/XXXXXXXXXXXXXXX-1024x768.jpg\" alt=\"\" width=\"604\" height=\"453\" srcset=\"https:\/\/turysta2.pttk.pl\/wp-content\/uploads\/2020\/10\/XXXXXXXXXXXXXXX-1024x768.jpg 1024w, https:\/\/turysta2.pttk.pl\/wp-content\/uploads\/2020\/10\/XXXXXXXXXXXXXXX-300x225.jpg 300w, https:\/\/turysta2.pttk.pl\/wp-content\/uploads\/2020\/10\/XXXXXXXXXXXXXXX-768x576.jpg 768w, https:\/\/turysta2.pttk.pl\/wp-content\/uploads\/2020\/10\/XXXXXXXXXXXXXXX-1536x1152.jpg 1536w, https:\/\/turysta2.pttk.pl\/wp-content\/uploads\/2020\/10\/XXXXXXXXXXXXXXX-2048x1536.jpg 2048w, https:\/\/turysta2.pttk.pl\/wp-content\/uploads\/2020\/10\/XXXXXXXXXXXXXXX-200x150.jpg 200w\" sizes=\"auto, (max-width: 604px) 100vw, 604px\" \/><\/a><\/p>\n<p>Teren wzniesie\u0144 morenowych poro\u015bni\u0119ty jest lasem sosnowym, sztucznie nasadzonym, tworz\u0105cym jednogatunkowy drzewostan sosnowy o\u00a0sk\u0105pym pod\u0142o\u017cu. Mijamy te\u017c przyk\u0142ady boru chrobotkowego na siedliskach boru suchego.<\/p>\n<p>W drodze do Bartka Mazowieckiego podje\u017cd\u017camy pod wzniesienie zwyczajowo nazywane G\u00f3r\u0105 Lotnika. Ze szczytu roztacza si\u0119 niezwyk\u0142a panorama na samo centrum stolicy. U podn\u00f3\u017ca mijamy pomnik lotnik\u00f3w z czas\u00f3w II W\u015a, kt\u00f3rzy zgin\u0119li podczas akcji niesienia pomocy humanistycznej powsta\u0144com w\u00a0Warszawie w 1944. To w\u0142a\u015bnie od niego wydma bierze swoj\u0105 nazw\u0119. Po\u00a0drodze mijamy tablice historyczne m\u00f3wi\u0105ce o umocnieniach linii obrony Warszawy. Dalej jedziemy do ul. Sosnowej gdzie mi\u0119dzy numerami 19 i 21 wchodzimy w przesmyk prowadz\u0105cy do k\u0142adki przerzuconej nad Mieni\u0105, z kt\u00f3rej skorzystamy. Po jej przekroczeniu znajdziemy si\u0119 w Rezerwacie \u201c\u015awider\u201d.<\/p>\n<p><strong>D\u0105b Bartek Mazowiecki<\/strong><\/p>\n<p>Naszym oczom uka\u017ce si\u0119 wysoki na 23 metry, licz\u0105cy prawie czterysta lat pomnik przyrody - d\u0105b szypu\u0142kowy Bartek Mazowiecki. Jego imponuj\u0105cy pie\u0144 o obwodzie 587 cm, skr\u0119cony wok\u00f3\u0142 w\u0142asnej osi i przeci\u0119ty szerok\u0105 listw\u0105 piorunow\u0105, poro\u015bni\u0119ty jest mchami i porostami. Warto sobie przy nim zrobi\u0107 chwil\u0119 postoju i nacieszy\u0107 nim wzrok. Dalsza trasa prowadzi w\u0105sk\u0105 \u015bcie\u017ck\u0105 nad Mieni\u0105, zielonym szlakiem przechodz\u0105cym w czerwony. W korycie rzeki le\u017cy du\u017co zwalonych drzew, cz\u0119\u015b\u0107 z nich zsun\u0119\u0142a si\u0119 ze stromych brzeg\u00f3w, cz\u0119\u015b\u0107 jest dzie\u0142em bobr\u00f3w.<\/p>\n<p><a href=\"https:\/\/turysta2.pttk.pl\/wp-content\/uploads\/2020\/10\/DAB.jpg\"><img loading=\"lazy\" decoding=\"async\" class=\"aligncenter size-large wp-image-26069\" src=\"https:\/\/turysta2.pttk.pl\/wp-content\/uploads\/2020\/10\/DAB-1024x768.jpg\" alt=\"\" width=\"604\" height=\"453\" srcset=\"https:\/\/turysta2.pttk.pl\/wp-content\/uploads\/2020\/10\/DAB-1024x768.jpg 1024w, https:\/\/turysta2.pttk.pl\/wp-content\/uploads\/2020\/10\/DAB-300x225.jpg 300w, https:\/\/turysta2.pttk.pl\/wp-content\/uploads\/2020\/10\/DAB-768x576.jpg 768w, https:\/\/turysta2.pttk.pl\/wp-content\/uploads\/2020\/10\/DAB-1536x1152.jpg 1536w, https:\/\/turysta2.pttk.pl\/wp-content\/uploads\/2020\/10\/DAB-2048x1536.jpg 2048w, https:\/\/turysta2.pttk.pl\/wp-content\/uploads\/2020\/10\/DAB-200x150.jpg 200w\" sizes=\"auto, (max-width: 604px) 100vw, 604px\" \/><\/a><\/p>\n<p><strong> Uj\u015bcie Mieni do \u015awidra<\/strong><\/p>\n<p>Rzeka Mienia, najwi\u0119kszy dop\u0142yw \u015awidra, na tym ostatnim odcinku jest obj\u0119ta ochron\u0105 rezerwatu. P\u0142ynie w le\u015bnym g\u0142\u0119bokim jarze Las\u00f3w Otwockich, w okolicach Emowa wpada do \u015awidra, r\u00f3wnie\u017c obj\u0119tego ochron\u0105.<\/p>\n<p><a href=\"https:\/\/turysta2.pttk.pl\/wp-content\/uploads\/2020\/10\/N.jpg\"><img loading=\"lazy\" decoding=\"async\" class=\"aligncenter size-large wp-image-26070\" src=\"https:\/\/turysta2.pttk.pl\/wp-content\/uploads\/2020\/10\/N-1024x768.jpg\" alt=\"\" width=\"604\" height=\"453\" srcset=\"https:\/\/turysta2.pttk.pl\/wp-content\/uploads\/2020\/10\/N-1024x768.jpg 1024w, https:\/\/turysta2.pttk.pl\/wp-content\/uploads\/2020\/10\/N-300x225.jpg 300w, https:\/\/turysta2.pttk.pl\/wp-content\/uploads\/2020\/10\/N-768x576.jpg 768w, https:\/\/turysta2.pttk.pl\/wp-content\/uploads\/2020\/10\/N-1536x1152.jpg 1536w, https:\/\/turysta2.pttk.pl\/wp-content\/uploads\/2020\/10\/N-2048x1536.jpg 2048w, https:\/\/turysta2.pttk.pl\/wp-content\/uploads\/2020\/10\/N-200x150.jpg 200w\" sizes=\"auto, (max-width: 604px) 100vw, 604px\" \/><\/a><\/p>\n<p>Mo\u017cemy zaobserwowa\u0107 tu procesy i formy fluwialne, czyli kr\u0119te meandry wraz z\u00a0licznymi wysepkami w nurcie rzeki oraz piaszczystymi \u0142achami, skarpami i\u00a0wodospadami. W wodach rezerwatu rosn\u0105 rdestnice, gr\u0105\u017cele \u017c\u00f3\u0142te i grzybienie bia\u0142e, zaobserwowane wcze\u015bniej na\u00a0Kaczym \u0141ugu. Rzeki p\u0142yn\u0105 jakoby w zielonym tunelu. Zaro\u015bla porastaj\u0105 krzewy olszynowe przeplatane z krzewami czeremchy, kruszyny pospolitej, trzmieliny pospolitej, je\u017cyny popielicy\u2026<\/p>\n<p>Dalsza droga prowadzi \u015bcie\u017ck\u0105 brzegiem rzeki, a\u017c do uj\u015bcia Mieni, dalej w g\u00f3r\u0119 \u015awidra. Na zakolach, na piaszczystej \u0142asze mijamy pla\u017c\u0119 w Ml\u0105dzu. Zatrzymujemy si\u0119 na terenie przystani kajakowej \u201cEm\u00f3w\u201d, na wcze\u015bniej zam\u00f3wiony posi\u0142ek obiadowy.<\/p>\n<p>&nbsp;<\/p>\n<p><a href=\"https:\/\/turysta2.pttk.pl\/wp-content\/uploads\/2020\/10\/RZEKA.jpg\"><img loading=\"lazy\" decoding=\"async\" class=\"aligncenter size-large wp-image-26072\" src=\"https:\/\/turysta2.pttk.pl\/wp-content\/uploads\/2020\/10\/RZEKA-1024x768.jpg\" alt=\"\" width=\"604\" height=\"453\" srcset=\"https:\/\/turysta2.pttk.pl\/wp-content\/uploads\/2020\/10\/RZEKA-1024x768.jpg 1024w, https:\/\/turysta2.pttk.pl\/wp-content\/uploads\/2020\/10\/RZEKA-300x225.jpg 300w, https:\/\/turysta2.pttk.pl\/wp-content\/uploads\/2020\/10\/RZEKA-768x576.jpg 768w, https:\/\/turysta2.pttk.pl\/wp-content\/uploads\/2020\/10\/RZEKA-1536x1152.jpg 1536w, https:\/\/turysta2.pttk.pl\/wp-content\/uploads\/2020\/10\/RZEKA-2048x1536.jpg 2048w, https:\/\/turysta2.pttk.pl\/wp-content\/uploads\/2020\/10\/RZEKA-200x150.jpg 200w\" sizes=\"auto, (max-width: 604px) 100vw, 604px\" \/><\/a><a href=\"https:\/\/turysta2.pttk.pl\/wp-content\/uploads\/2020\/10\/N-1.jpg\"><img loading=\"lazy\" decoding=\"async\" class=\"aligncenter size-large wp-image-26073\" src=\"https:\/\/turysta2.pttk.pl\/wp-content\/uploads\/2020\/10\/N-1-1024x768.jpg\" alt=\"\" width=\"604\" height=\"453\" srcset=\"https:\/\/turysta2.pttk.pl\/wp-content\/uploads\/2020\/10\/N-1-1024x768.jpg 1024w, https:\/\/turysta2.pttk.pl\/wp-content\/uploads\/2020\/10\/N-1-300x225.jpg 300w, https:\/\/turysta2.pttk.pl\/wp-content\/uploads\/2020\/10\/N-1-768x576.jpg 768w, https:\/\/turysta2.pttk.pl\/wp-content\/uploads\/2020\/10\/N-1-1536x1152.jpg 1536w, https:\/\/turysta2.pttk.pl\/wp-content\/uploads\/2020\/10\/N-1-2048x1536.jpg 2048w, https:\/\/turysta2.pttk.pl\/wp-content\/uploads\/2020\/10\/N-1-200x150.jpg 200w\" sizes=\"auto, (max-width: 604px) 100vw, 604px\" \/><\/a><\/p>\n<p><strong>G\u00f3ry \u0141yse<\/strong><\/p>\n<p>Opuszczaj\u0105c rezerwat \u015awider jedziemy przez most w Ml\u0105dzu w kierunku G\u00f3r \u0141ysych. Trasa wiedzie przez nieu\u017cytki poro\u015bni\u0119te topol\u0105 i brzoz\u0105. Nast\u0119pnie jedziemy przez Lasy Otwockie, mijamy opuszczone sanatorium Olin z ruinami kaplicy, mi\u0119dzywojenne sanatorium Zofi\u00f3wka o ciekawej architekturze i mrocznej historii. Pod\u0105\u017caj\u0105c niebieskim szlakiem zbli\u017camy\u00a0 si\u0119 do piaszczystej wydmy o stromym zboczu, poro\u015bni\u0119tej z rzadka kar\u0142owat\u0105 sosn\u0105 i brz\u00f3zkami. Na ziemi rozci\u0105gaj\u0105 si\u0119 pojedyncze k\u0119pki wrzos\u00f3w.<\/p>\n<p><a href=\"https:\/\/turysta2.pttk.pl\/wp-content\/uploads\/2020\/10\/CX.jpg\"><img loading=\"lazy\" decoding=\"async\" class=\"aligncenter size-large wp-image-26074\" src=\"https:\/\/turysta2.pttk.pl\/wp-content\/uploads\/2020\/10\/CX-1024x768.jpg\" alt=\"\" width=\"604\" height=\"453\" srcset=\"https:\/\/turysta2.pttk.pl\/wp-content\/uploads\/2020\/10\/CX-1024x768.jpg 1024w, https:\/\/turysta2.pttk.pl\/wp-content\/uploads\/2020\/10\/CX-300x225.jpg 300w, https:\/\/turysta2.pttk.pl\/wp-content\/uploads\/2020\/10\/CX-768x576.jpg 768w, https:\/\/turysta2.pttk.pl\/wp-content\/uploads\/2020\/10\/CX-1536x1152.jpg 1536w, https:\/\/turysta2.pttk.pl\/wp-content\/uploads\/2020\/10\/CX-2048x1536.jpg 2048w, https:\/\/turysta2.pttk.pl\/wp-content\/uploads\/2020\/10\/CX-200x150.jpg 200w\" sizes=\"auto, (max-width: 604px) 100vw, 604px\" \/><\/a><\/p>\n<p>Autor radzi zostawi\u0107 rowery i wspi\u0105\u0107 si\u0119 na g\u00f3r\u0119. Stajemy na\u00a0wysoko\u015bci 119 m n.p.m. Las na p\u00f3\u0142nocnym stoku zosta\u0142 zniszczony przez po\u017car, ale ju\u017c si\u0119 odbudowuje. Dooko\u0142a z piachu wyrastaj\u0105 m\u0142ode drzewka. Roztacza si\u0119 st\u0105d rozleg\u0142y widok na Mazowiecki Park Krajobrazowy.<\/p>\n<p>Po kr\u00f3tkim odpoczynku obieramy azymut na rezerwat \u201cNa Torfach\u201d. Warto zatrzyma\u0107 si\u0119 przy mijanej po lewej stronie okaza\u0142ej so\u015bnie Bo\u017cennie b\u0119d\u0105cej pomnikiem natury.<\/p>\n<p><a href=\"https:\/\/turysta2.pttk.pl\/wp-content\/uploads\/2020\/10\/KJJ.jpg\"><img loading=\"lazy\" decoding=\"async\" class=\"aligncenter size-large wp-image-26075\" src=\"https:\/\/turysta2.pttk.pl\/wp-content\/uploads\/2020\/10\/KJJ-1024x768.jpg\" alt=\"\" width=\"604\" height=\"453\" srcset=\"https:\/\/turysta2.pttk.pl\/wp-content\/uploads\/2020\/10\/KJJ-1024x768.jpg 1024w, https:\/\/turysta2.pttk.pl\/wp-content\/uploads\/2020\/10\/KJJ-300x225.jpg 300w, https:\/\/turysta2.pttk.pl\/wp-content\/uploads\/2020\/10\/KJJ-768x576.jpg 768w, https:\/\/turysta2.pttk.pl\/wp-content\/uploads\/2020\/10\/KJJ-1536x1152.jpg 1536w, https:\/\/turysta2.pttk.pl\/wp-content\/uploads\/2020\/10\/KJJ-2048x1536.jpg 2048w, https:\/\/turysta2.pttk.pl\/wp-content\/uploads\/2020\/10\/KJJ-200x150.jpg 200w\" sizes=\"auto, (max-width: 604px) 100vw, 604px\" \/><\/a><\/p>\n<p><strong>Rezerwat \u201cNa Torfach\u201d<\/strong><\/p>\n<p>Rezerwat przyrody im. Janusza Koz\u0142owskiego jest rezerwatem faunistycznym na terenie Karczewa. Powsta\u0142 w 1977 r. Jest najdalej wysuni\u0119tym na p\u00f3\u0142noc fragmentem wielkiego bagna Ca\u0142owanie, w wi\u0119kszo\u015bci osuszonego na \u0142\u0105ki i pastwiska. Malownicze Jezioro Torfy z wieloma wyspami i o bogatej linii brzegowej powsta\u0142o na pocz\u0105tku XX w i jest potorfiem. Obecnie to malownicza ostoja dzikiej przyrody i matecznik \u017c\u00f3\u0142wia b\u0142otnego. Podziwia\u0107 je mo\u017cna z dobrze utrzymanego niewielkiego mostku.<\/p>\n<p><a href=\"https:\/\/turysta2.pttk.pl\/wp-content\/uploads\/2020\/10\/LLLA.jpg\"><img loading=\"lazy\" decoding=\"async\" class=\"aligncenter size-large wp-image-26077\" src=\"https:\/\/turysta2.pttk.pl\/wp-content\/uploads\/2020\/10\/LLLA-1024x768.jpg\" alt=\"\" width=\"604\" height=\"453\" srcset=\"https:\/\/turysta2.pttk.pl\/wp-content\/uploads\/2020\/10\/LLLA-1024x768.jpg 1024w, https:\/\/turysta2.pttk.pl\/wp-content\/uploads\/2020\/10\/LLLA-300x225.jpg 300w, https:\/\/turysta2.pttk.pl\/wp-content\/uploads\/2020\/10\/LLLA-768x576.jpg 768w, https:\/\/turysta2.pttk.pl\/wp-content\/uploads\/2020\/10\/LLLA-1536x1152.jpg 1536w, https:\/\/turysta2.pttk.pl\/wp-content\/uploads\/2020\/10\/LLLA-2048x1536.jpg 2048w, https:\/\/turysta2.pttk.pl\/wp-content\/uploads\/2020\/10\/LLLA-200x150.jpg 200w\" sizes=\"auto, (max-width: 604px) 100vw, 604px\" \/><\/a><\/p>\n<p>Wok\u00f3\u0142 jeziora porastaj\u0105 lasy typowe dla teren\u00f3w podmok\u0142ych. W\u015br\u00f3d 150 gatunk\u00f3w sklasyfikowanych ro\u015blin spotykamy tu:<\/p>\n<ul>\n<li>brzoz\u0119 brodawkowat\u0105<\/li>\n<li>olsz\u0119 czarn\u0105<\/li>\n<li>topole<\/li>\n<li>osiki<\/li>\n<li>sosn\u0119 pospolit\u0105<\/li>\n<li>\u015bwierk pospolity<\/li>\n<li>grusz\u0119<\/li>\n<li>jarz\u0105b<\/li>\n<li>klon<\/li>\n<li>kruszyn\u0119 pospolit\u0105<\/li>\n<li>tarnin\u0119<\/li>\n<li>ja\u0142owiec<\/li>\n<li>czeremch\u0119<\/li>\n<li>konwali\u0119 majow\u0105<\/li>\n<li>czermie\u0144 b\u0142otn\u0105<\/li>\n<li>go\u017adzika kropkowanego<\/li>\n<\/ul>\n<p>Po rezerwacie oprowadzi nas przewodnik z o\u015brodka edukacyjnego \u201cBaza Torfy\u201d. Na tym zako\u0144czymy nasz\u0105 wycieczk\u0119 i szlakiem czarnym, a nast\u0119pnie niebieskim dotrzemy do stacji kolejowej w Otwocku. Autor poleca powr\u00f3t ulic\u0105 Andriollego, przy kt\u00f3rej znajduj\u0105 si\u0119 tablice dydaktyczne o faunie i florze regionu.<\/p>\n<p><strong>Podsumowanie<\/strong><\/p>\n<p>Ta wycieczka ma na celu ukazanie, i\u017c pozornie \u201cnudne\u201d lasy iglaste (g\u0142\u00f3wnie bory) dominuj\u0105ce na\u00a0peryferiach Warszawy mog\u0105 kry\u0107 wiele tajemnic i nie by\u0107 wcale monotonne. W subtelny spos\u00f3b przemyca wiedz\u0119, przeplataj\u0105c j\u0105 wraz z wysi\u0142kiem fizycznym i czasem sp\u0119dzonym na \u015bwie\u017cym powietrzu. Ma ona zach\u0119ci\u0107 m\u0142odszych i starszych mieszka\u0144c\u00f3w do polubienia miejsca jakim jest Mazowiecki Park Krajobrazowy.<\/p>\n<p>&nbsp;<\/p>\n<p>Jan Jagodzi\u0144ski<\/p>\n<p>&nbsp;<\/p>\n","protected":false},"excerpt":{"rendered":"Warszawa, jako jedyna europejska stolica funkcjonuje w bezpo\u015brednim s\u0105siedztwie parku narodowego. Znajduj\u0105ca si\u0119 na p\u00f3\u0142nocnych peryferiach miasta Puszcza Kampinoska nie jest jednak jedynym z du\u017cych kompleks\u00f3w le\u015bnych, otaczaj\u0105cych metropoli\u0119. By pozna\u0107 ca\u0142y tak zwany \u201cZielony Pier\u015bcie\u0144 Warszawy\u201d, nale\u017cy powiedzie\u0107 jeszcze o dw\u00f3ch innych niezwyk\u0142ych miejscach: Chojnowskim Parku Krajobrazowym i Mazowieckim Parku Krajobrazowym (MPK). Ten ostatni pos\u0142u\u017cy nam jako teren naszej&nbsp;<a href=\"https:\/\/turysta2.pttk.pl\/?p=26051\" class=\"read-more\">Continue Reading<\/a>","protected":false},"author":5,"featured_media":26056,"comment_status":"closed","ping_status":"closed","sticky":false,"template":"","format":"standard","meta":{"footnotes":""},"categories":[84],"tags":[],"class_list":["post-26051","post","type-post","status-publish","format-standard","has-post-thumbnail","hentry","category-poznajemy-szlaki","cat-84-id"],"aioseo_notices":[],"_links":{"self":[{"href":"https:\/\/turysta2.pttk.pl\/index.php?rest_route=\/wp\/v2\/posts\/26051","targetHints":{"allow":["GET"]}}],"collection":[{"href":"https:\/\/turysta2.pttk.pl\/index.php?rest_route=\/wp\/v2\/posts"}],"about":[{"href":"https:\/\/turysta2.pttk.pl\/index.php?rest_route=\/wp\/v2\/types\/post"}],"author":[{"embeddable":true,"href":"https:\/\/turysta2.pttk.pl\/index.php?rest_route=\/wp\/v2\/users\/5"}],"replies":[{"embeddable":true,"href":"https:\/\/turysta2.pttk.pl\/index.php?rest_route=%2Fwp%2Fv2%2Fcomments&post=26051"}],"version-history":[{"count":12,"href":"https:\/\/turysta2.pttk.pl\/index.php?rest_route=\/wp\/v2\/posts\/26051\/revisions"}],"predecessor-version":[{"id":26322,"href":"https:\/\/turysta2.pttk.pl\/index.php?rest_route=\/wp\/v2\/posts\/26051\/revisions\/26322"}],"wp:featuredmedia":[{"embeddable":true,"href":"https:\/\/turysta2.pttk.pl\/index.php?rest_route=\/wp\/v2\/media\/26056"}],"wp:attachment":[{"href":"https:\/\/turysta2.pttk.pl\/index.php?rest_route=%2Fwp%2Fv2%2Fmedia&parent=26051"}],"wp:term":[{"taxonomy":"category","embeddable":true,"href":"https:\/\/turysta2.pttk.pl\/index.php?rest_route=%2Fwp%2Fv2%2Fcategories&post=26051"},{"taxonomy":"post_tag","embeddable":true,"href":"https:\/\/turysta2.pttk.pl\/index.php?rest_route=%2Fwp%2Fv2%2Ftags&post=26051"}],"curies":[{"name":"wp","href":"https:\/\/api.w.org\/{rel}","templated":true}]}}