{"id":26018,"date":"2020-10-07T21:15:56","date_gmt":"2020-10-07T19:15:56","guid":{"rendered":"https:\/\/turysta2.pttk.pl\/?p=26018"},"modified":"2021-12-16T19:31:00","modified_gmt":"2021-12-16T17:31:00","slug":"siedemdziesiat-drzew-na-70-lecie-pttk-na-ziemi-jeleniogorskiej","status":"publish","type":"post","link":"https:\/\/turysta2.pttk.pl\/?p=26018","title":{"rendered":"Siedemdziesi\u0105t drzew na 70-lecie PTTK na Ziemi Jeleniog\u00f3rskiej"},"content":{"rendered":"<p>&nbsp;<\/p>\n<p>W dniu\u00a0 26 wrze\u015bnia 2020 r.\u00a0 o godzinie 14.00, zesp\u00f3\u0142 folklorystyczny \u201eSokoliki\u201d z Karpnik zaintonowa\u0142:<\/p>\n<p>\u201eNa\u00a0 Karpnickiej Ziemi<\/p>\n<p>Jest \u0142adna g\u00f3reczka<\/p>\n<p>A z g\u00f3reczki p\u0142ynie<\/p>\n<p>Ludowa muzyczka<\/p>\n<p>Starodawne pie\u015bni<\/p>\n<p>No i pi\u0119kne granie<\/p>\n<p>Niechaj w naszej wiosce<\/p>\n<p>D\u0142ugo pozostanie\u201d.<\/p>\n<p><a href=\"https:\/\/turysta2.pttk.pl\/wp-content\/uploads\/2020\/10\/0001_grupowekk.jpg\"><img loading=\"lazy\" decoding=\"async\" class=\"aligncenter size-large wp-image-26046\" src=\"https:\/\/turysta2.pttk.pl\/wp-content\/uploads\/2020\/10\/0001_grupowekk-1024x684.jpg\" alt=\"\" width=\"604\" height=\"403\" srcset=\"https:\/\/turysta2.pttk.pl\/wp-content\/uploads\/2020\/10\/0001_grupowekk-1024x684.jpg 1024w, https:\/\/turysta2.pttk.pl\/wp-content\/uploads\/2020\/10\/0001_grupowekk-300x200.jpg 300w, https:\/\/turysta2.pttk.pl\/wp-content\/uploads\/2020\/10\/0001_grupowekk-768x513.jpg 768w, https:\/\/turysta2.pttk.pl\/wp-content\/uploads\/2020\/10\/0001_grupowekk-1536x1025.jpg 1536w, https:\/\/turysta2.pttk.pl\/wp-content\/uploads\/2020\/10\/0001_grupowekk.jpg 1730w\" sizes=\"auto, (max-width: 604px) 100vw, 604px\" \/><\/a>Foto: Grzegorz Truchanowicz<\/p>\n<p>Uroczysto\u015b\u0107 \u201eSadzimy drzewa dla przysz\u0142ych pokole\u0144\u201d zainaugurowa\u0142\u00a0 Krzysztof T\u0119cza, prezes Oddzia\u0142u PTTK \u201eSudety Zachodnie\u201d Jelenia G\u00f3ra . To jubileusz 70-lecia powstania PTTK, kt\u00f3rego korzenie si\u0119gaj\u0105 XIX wieku.\u00a0 Wtedy to \u201eturystyka i krajoznawstwo \u0142\u0105czy\u0142y Polak\u00f3w w czasie, gdy nasza ojczyzna by\u0142a pod zaborami. Tylko tak Polacy mogli podejmowa\u0107 wsp\u00f3lne dzia\u0142ania, podczas kt\u00f3rych przemycali histori\u0119\u00a0 i dorobek kulturalny naszego narodu\u201d.<\/p>\n<p><a href=\"https:\/\/turysta2.pttk.pl\/wp-content\/uploads\/2020\/10\/Plakat-Aleja-Debowa_jpg4-2-scaled.jpg\"><img loading=\"lazy\" decoding=\"async\" class=\"aligncenter size-large wp-image-26044\" src=\"https:\/\/turysta2.pttk.pl\/wp-content\/uploads\/2020\/10\/Plakat-Aleja-Debowa_jpg4-2-729x1024.jpg\" alt=\"\" width=\"604\" height=\"848\" srcset=\"https:\/\/turysta2.pttk.pl\/wp-content\/uploads\/2020\/10\/Plakat-Aleja-Debowa_jpg4-2-729x1024.jpg 729w, https:\/\/turysta2.pttk.pl\/wp-content\/uploads\/2020\/10\/Plakat-Aleja-Debowa_jpg4-2-213x300.jpg 213w, https:\/\/turysta2.pttk.pl\/wp-content\/uploads\/2020\/10\/Plakat-Aleja-Debowa_jpg4-2-768x1079.jpg 768w, https:\/\/turysta2.pttk.pl\/wp-content\/uploads\/2020\/10\/Plakat-Aleja-Debowa_jpg4-2-1093x1536.jpg 1093w, https:\/\/turysta2.pttk.pl\/wp-content\/uploads\/2020\/10\/Plakat-Aleja-Debowa_jpg4-2-1457x2048.jpg 1457w, https:\/\/turysta2.pttk.pl\/wp-content\/uploads\/2020\/10\/Plakat-Aleja-Debowa_jpg4-2-scaled.jpg 1821w\" sizes=\"auto, (max-width: 604px) 100vw, 604px\" \/><\/a><\/p>\n<p><a href=\"https:\/\/turysta2.pttk.pl\/wp-content\/uploads\/2020\/10\/007_zespol_Sokolik_z_Karpnik.jpg\"><img loading=\"lazy\" decoding=\"async\" class=\"aligncenter size-large wp-image-26021\" src=\"https:\/\/turysta2.pttk.pl\/wp-content\/uploads\/2020\/10\/007_zespol_Sokolik_z_Karpnik-1024x768.jpg\" alt=\"\" width=\"604\" height=\"453\" srcset=\"https:\/\/turysta2.pttk.pl\/wp-content\/uploads\/2020\/10\/007_zespol_Sokolik_z_Karpnik-1024x768.jpg 1024w, https:\/\/turysta2.pttk.pl\/wp-content\/uploads\/2020\/10\/007_zespol_Sokolik_z_Karpnik-300x225.jpg 300w, https:\/\/turysta2.pttk.pl\/wp-content\/uploads\/2020\/10\/007_zespol_Sokolik_z_Karpnik-768x576.jpg 768w, https:\/\/turysta2.pttk.pl\/wp-content\/uploads\/2020\/10\/007_zespol_Sokolik_z_Karpnik-1536x1152.jpg 1536w, https:\/\/turysta2.pttk.pl\/wp-content\/uploads\/2020\/10\/007_zespol_Sokolik_z_Karpnik-2048x1536.jpg 2048w, https:\/\/turysta2.pttk.pl\/wp-content\/uploads\/2020\/10\/007_zespol_Sokolik_z_Karpnik-200x150.jpg 200w\" sizes=\"auto, (max-width: 604px) 100vw, 604px\" \/><\/a><\/p>\n<p>W roku 1873 utworzono\u00a0 Towarzystwo Tatrza\u0144skie z polskim statutem. Przymiotnik \u201epolskie\u201d dostawiono \u00a0do TT w\u00a0 1920 roku. Polskie Towarzystwo Krajoznawcze, powsta\u0142o w 1906 roku. Ju\u017c w okresie mi\u0119dzywojennym w\u015br\u00f3d cz\u0142onk\u00f3w obu zaprzyja\u017anionych organizacji,\u00a0 popularna\u00a0 by\u0142a idea po\u0142\u0105czenia obu stowarzysze\u0144. Powr\u00f3ci\u0142a ona\u00a0 po roku 1945. Ostateczne po\u0142\u0105czenie obu instytucji nast\u0105pi\u0142o 17 grudnia 1950 r. pod now\u0105 nazw\u0105: Polskie Towarzystwo Turystyczno-Krajoznawcze.<\/p>\n<p>Na terenie Ziemi Jeleniog\u00f3rskiej sytuacja wygl\u0105da\u0142a nieco inaczej. Ju\u017c jesieni\u0105 1945 roku w Matejkowicach (dzi\u015b Przesieka)\u00a0 dzia\u0142acze turystyczni, kt\u00f3rzy przybyli tam z\u00a0 Ma\u0142opolski, utworzyli Dolno\u015bl\u0105skie Towarzystwo Turystyczno-Krajoznawcze (DTTK). Przej\u0119\u0142o ono schroniska g\u00f3rskie i\u00a0 rozpocz\u0119\u0142o dzia\u0142alno\u015b\u0107 gospodarcz\u0105 i informacyjn\u0105. Rok p\u00f3\u017aniej DTTK przekszta\u0142ci\u0142o si\u0119 w Dolno\u015bl\u0105ski Oddzia\u0142 Polskiego Towarzystwa\u00a0 Tatrza\u0144skiego. Przymiotnik \u201edolno\u015bl\u0105ski\u201d w nazwach obu stowarzysze\u0144, niezbicie \u015bwiadczy\u0142 o ambicjach za\u0142o\u017cycieli oraz o roli, jak\u0105 w turystyce dolno\u015bl\u0105skiej pe\u0142ni\u0142a w\u00f3wczas malownicza i nietkni\u0119ta zniszczeniami wojennymi Jelenia G\u00f3ra. W roku 1947 powsta\u0142 tam Oddzia\u0142 Polskiego Towarzystwa Krajoznawczego. W obu oddzia\u0142ach du\u017ca cz\u0119\u015b\u0107 cz\u0142onk\u00f3w by\u0142a wsp\u00f3lna. Wiele imprez i przedsi\u0119wzi\u0119\u0107 by\u0142o organizowanych razem, a biura obu instytucji mie\u015bci\u0142y si\u0119 pod jednym adresem. W naturalny spos\u00f3b jeleniog\u00f3rscy dzia\u0142acze i cz\u0142onkowie PTT i PTK, w roku 1950 przeszli pod sztandar PTTK.<\/p>\n<p>Kolejnym m\u00f3wc\u0105 by\u0142 w\u00f3jt Gminy Mys\u0142akowice \u2013 Micha\u0142 Orman, kt\u00f3ry podzi\u0119kowa\u0142 jeleniog\u00f3rskim\u00a0 dzia\u0142aczom PTTK,\u00a0 \u017ce obchody jubileuszu\u00a0 70-lecia PTTK w naszym regionie odbywaj\u0105 si\u0119 w\u0142a\u015bnie w Gminie Mys\u0142akowice\u00a0 i \u017cyczy\u0142, \u201eaby tak d\u0142ugo, jak b\u0119d\u0105 ros\u0142y zasadzone za chwil\u0119 d\u0119by, PTTK\u00a0 istnia\u0142o i dzia\u0142a\u0142o\u201d. W\u00f3jt na r\u0119ce prezesa Oddzia\u0142u PTTK Krzysztofa T\u0119czy przekaza\u0142 okoliczno\u015bciow\u0105 plakiet\u0119 z dedykacj\u0105:<\/p>\n<p>\u201eW zwi\u0105zku z przypadaj\u0105c\u0105\u00a0 w 20202 r. siedemdziesi\u0119cioletni\u0105 rocznic\u0105 po\u0142\u0105czenia Polskiego Towarzystwa Tatrza\u0144skiego oraz Polskiego Towarzystwa Krajoznawczego i powstania Polskiego Towarzystwa Turystyczno-Krajoznawczego (PTTK), pragn\u0119 z\u0142o\u017cy\u0107 najserdeczniejsze \u017cyczenia \u201eaby na podej\u015bciu nigdy nie dogoni\u0142a Was zadyszka, \u017ceby na ko\u0144cu drogi zawsze by\u0142o schronisko, a wszystkie wyj\u015bcia w g\u00f3ry ko\u0144czy\u0142y si\u0119 powrotami\u201d. Z powa\u017caniem W\u00f3jt Gminy Mys\u0142akowice \u2013 Micha\u0142 Orman\u201d.<\/p>\n<p><a href=\"https:\/\/turysta2.pttk.pl\/wp-content\/uploads\/2020\/10\/011_wojt_Michal_Orman-1.jpg\"><img loading=\"lazy\" decoding=\"async\" class=\"aligncenter size-large wp-image-26031\" src=\"https:\/\/turysta2.pttk.pl\/wp-content\/uploads\/2020\/10\/011_wojt_Michal_Orman-1-1024x768.jpg\" alt=\"\" width=\"604\" height=\"453\" srcset=\"https:\/\/turysta2.pttk.pl\/wp-content\/uploads\/2020\/10\/011_wojt_Michal_Orman-1-1024x768.jpg 1024w, https:\/\/turysta2.pttk.pl\/wp-content\/uploads\/2020\/10\/011_wojt_Michal_Orman-1-300x225.jpg 300w, https:\/\/turysta2.pttk.pl\/wp-content\/uploads\/2020\/10\/011_wojt_Michal_Orman-1-768x576.jpg 768w, https:\/\/turysta2.pttk.pl\/wp-content\/uploads\/2020\/10\/011_wojt_Michal_Orman-1-1536x1152.jpg 1536w, https:\/\/turysta2.pttk.pl\/wp-content\/uploads\/2020\/10\/011_wojt_Michal_Orman-1-2048x1536.jpg 2048w, https:\/\/turysta2.pttk.pl\/wp-content\/uploads\/2020\/10\/011_wojt_Michal_Orman-1-200x150.jpg 200w\" sizes=\"auto, (max-width: 604px) 100vw, 604px\" \/><\/a><\/p>\n<p>Nast\u0119pnie g\u0142os zabra\u0142 senator Krzysztof Mr\u00f3z, kt\u00f3ry \u017cyczy\u0142 dzia\u0142aczom pr\u0119\u017cnego dzia\u0142ania przez 100 kolejnych lat oraz dostrzegania ludzi, bo\u00a0 bez ludzi, organizacja nie b\u0119dzie dzia\u0142a\u0107.<\/p>\n<p>W ramach specjalnej wycieczki z cyklu Rajd na Raty, na uroczysto\u015b\u0107 przyby\u0142a kilkunastoosobowa grupa turyst\u00f3w. Ta impreza\u00a0 w tym roku obchodzi sw\u00f3j jubileusz 50-lecia. Grup\u0119 przyprowadzi\u0142 przewodnik sudecki \u2013 Wiktor Gumprecht,\u00a0 od kilkunastu lat kierownik imprezy.<a href=\"https:\/\/turysta2.pttk.pl\/wp-content\/uploads\/2020\/10\/009_loza_gosci.jpg\"><img loading=\"lazy\" decoding=\"async\" class=\"aligncenter size-large wp-image-26023\" src=\"https:\/\/turysta2.pttk.pl\/wp-content\/uploads\/2020\/10\/009_loza_gosci-1024x768.jpg\" alt=\"\" width=\"604\" height=\"453\" srcset=\"https:\/\/turysta2.pttk.pl\/wp-content\/uploads\/2020\/10\/009_loza_gosci-1024x768.jpg 1024w, https:\/\/turysta2.pttk.pl\/wp-content\/uploads\/2020\/10\/009_loza_gosci-300x225.jpg 300w, https:\/\/turysta2.pttk.pl\/wp-content\/uploads\/2020\/10\/009_loza_gosci-768x576.jpg 768w, https:\/\/turysta2.pttk.pl\/wp-content\/uploads\/2020\/10\/009_loza_gosci-1536x1152.jpg 1536w, https:\/\/turysta2.pttk.pl\/wp-content\/uploads\/2020\/10\/009_loza_gosci-2048x1536.jpg 2048w, https:\/\/turysta2.pttk.pl\/wp-content\/uploads\/2020\/10\/009_loza_gosci-200x150.jpg 200w\" sizes=\"auto, (max-width: 604px) 100vw, 604px\" \/><\/a><\/p>\n<p>&nbsp;<\/p>\n<p>\u201eU st\u00f3p Krzy\u017cnej G\u00f3ry<\/p>\n<p>Zielone polany s\u0105<\/p>\n<p>To w\u0142a\u015bnie tu, to w\u0142a\u015bnie tu<\/p>\n<p>Jest m\u00f3j rodzinny dom<\/p>\n<p>W dole srebrzy si\u0119 potok<\/p>\n<p>W\u015br\u00f3d zielonych \u0142\u0105k<\/p>\n<p>Tu jest moja ojczyzna<\/p>\n<p>Tu jest rodzinny m\u00f3j dom\u201d.<\/p>\n<p>Przy d\u017awi\u0119kach tej piosenki \u015bpiewanej przez zesp\u00f3\u0142 \u201eSokolik\u201d organizatory i zaproszeni go\u015bcie zabrali si\u0119 sadzenia \u201eAlei D\u0119b\u00f3w 70-lecia PTTK\u201d.<\/p>\n<p><a href=\"https:\/\/turysta2.pttk.pl\/wp-content\/uploads\/2020\/10\/005_nadlesnictwo_rozdawalo_sadzonki.jpg\"><img loading=\"lazy\" decoding=\"async\" class=\"aligncenter size-large wp-image-26024\" src=\"https:\/\/turysta2.pttk.pl\/wp-content\/uploads\/2020\/10\/005_nadlesnictwo_rozdawalo_sadzonki-1024x768.jpg\" alt=\"\" width=\"604\" height=\"453\" srcset=\"https:\/\/turysta2.pttk.pl\/wp-content\/uploads\/2020\/10\/005_nadlesnictwo_rozdawalo_sadzonki-1024x768.jpg 1024w, https:\/\/turysta2.pttk.pl\/wp-content\/uploads\/2020\/10\/005_nadlesnictwo_rozdawalo_sadzonki-300x225.jpg 300w, https:\/\/turysta2.pttk.pl\/wp-content\/uploads\/2020\/10\/005_nadlesnictwo_rozdawalo_sadzonki-768x576.jpg 768w, https:\/\/turysta2.pttk.pl\/wp-content\/uploads\/2020\/10\/005_nadlesnictwo_rozdawalo_sadzonki-1536x1152.jpg 1536w, https:\/\/turysta2.pttk.pl\/wp-content\/uploads\/2020\/10\/005_nadlesnictwo_rozdawalo_sadzonki-2048x1536.jpg 2048w, https:\/\/turysta2.pttk.pl\/wp-content\/uploads\/2020\/10\/005_nadlesnictwo_rozdawalo_sadzonki-200x150.jpg 200w\" sizes=\"auto, (max-width: 604px) 100vw, 604px\" \/><\/a><\/p>\n<p>Akcja \u201eSadzimy drzewa dla przysz\u0142ych pokole\u0144\u201d powsta\u0142a na skutek kilku okoliczno\u015bci. W dniu 23 wrze\u015bnia 2019 r. \u00a0zosta\u0142o podpisane porozumienie o wsp\u00f3\u0142pracy pomi\u0119dzy Generaln\u0105 Dyrekcj\u0105 Las\u00f3w Pa\u0144stwowych, a Zarz\u0105dem G\u0142\u00f3wnym PTTK. Podpisali je: \u00a0Andrzej Konieczny \u2013 Dyrektor Generalny Las\u00f3w Pa\u0144stwowych oraz Adam J\u0119dras \u2013 Sekretarz Generalny ZG PTTK i\u00a0 Jerzy Kap\u0142on -\u00a0 prezes ZG PTTK. Efektem tego porozumienia by\u0142a wsp\u00f3lna akcja\u00a0 \u201eSadzimy drzewa dla przysz\u0142ych pokole\u0144\u201d, przeprowadzona z okazji 70-lecia PTTK. Ide\u0105 akcji jest wsp\u00f3\u0142praca pomi\u0119dzy poszczeg\u00f3lnymi oddzia\u0142ami PTTK w terenie (kt\u00f3rych jest\u00a0 ok. 300) z Nadle\u015bnictwami, kt\u00f3re bezp\u0142atnie przeka\u017c\u0105 zainteresowanym Oddzia\u0142om PTTK sadzonki drzew.<\/p>\n<p><a href=\"https:\/\/turysta2.pttk.pl\/wp-content\/uploads\/2020\/10\/011_wojt_Michal_Orman.jpg\"><img loading=\"lazy\" decoding=\"async\" class=\"aligncenter size-large wp-image-26025\" src=\"https:\/\/turysta2.pttk.pl\/wp-content\/uploads\/2020\/10\/011_wojt_Michal_Orman-1024x768.jpg\" alt=\"\" width=\"604\" height=\"453\" srcset=\"https:\/\/turysta2.pttk.pl\/wp-content\/uploads\/2020\/10\/011_wojt_Michal_Orman-1024x768.jpg 1024w, https:\/\/turysta2.pttk.pl\/wp-content\/uploads\/2020\/10\/011_wojt_Michal_Orman-300x225.jpg 300w, https:\/\/turysta2.pttk.pl\/wp-content\/uploads\/2020\/10\/011_wojt_Michal_Orman-768x576.jpg 768w, https:\/\/turysta2.pttk.pl\/wp-content\/uploads\/2020\/10\/011_wojt_Michal_Orman-1536x1152.jpg 1536w, https:\/\/turysta2.pttk.pl\/wp-content\/uploads\/2020\/10\/011_wojt_Michal_Orman-2048x1536.jpg 2048w, https:\/\/turysta2.pttk.pl\/wp-content\/uploads\/2020\/10\/011_wojt_Michal_Orman-200x150.jpg 200w\" sizes=\"auto, (max-width: 604px) 100vw, 604px\" \/><\/a><\/p>\n<p>W naszym przypadku akcj\u0119 w Karpnikach przygotowa\u0142 Oddzia\u0142 PTTK \u201eSudety Zachodnie\u201d, we wsp\u00f3\u0142pracy z Gmin\u0105 Mys\u0142akowice, kt\u00f3ra wskaza\u0142a \u015bcie\u017ck\u0119 nasadze\u0144 d\u0119b\u00f3w i Nadle\u015bnictwem \u015anie\u017cka w Kowarach, kt\u00f3re przekaza\u0142o sadzonki.\u00a0 To w\u0142a\u015bnie tam postanowiono stworzy\u0107 \u201eAlej\u0119 D\u0119bow\u0105 70-lecia PTTK\u201d. PTTK z\u0142o\u017cy\u0142o stosowny wniosek\u00a0 do Rady Gminy Mys\u0142akowice, kt\u00f3ra w dniu 30 wrze\u015bnia br. podj\u0119\u0142a uchwa\u0142\u0119 o nadaniu bezimiennej ulicy powy\u017cszej nazwy.<\/p>\n<p>Pierwszy d\u0105b, w instrukta\u017cowy spos\u00f3b, posadzi\u0142 Zast\u0119pca Nadle\u015bniczego Nadle\u015bnictwa \u015anie\u017cka w Kowarach -\u00a0 S\u0142awomir Or\u0142owski, drugi w\u00f3jt Gminy Mys\u0142akowice \u2013 Micha\u0142 Orman, trzeci za\u015b\u00a0 Cz\u0142onek Honorowy PTTK z naszego Oddzia\u0142u Kol. Zdzis\u0142aw Gasz, natomiast czwarty -\u00a0 senator RP Krzysztof Mr\u00f3z. Kolejne d\u0119by posadzili: so\u0142tys Karpnik, b\u0119d\u0105cy jednocze\u015bnie Komendantem Ochotniczej Stra\u017cy Po\u017carnej, niezmordowany i bardzo aktywny dzia\u0142acz spo\u0142eczny \u2013 Sebastian \u0141ukawski; przewodnicz\u0105cy Rady Powiatu Jeleniog\u00f3rskiego \u2013 Eugeniusz Kle\u015bta; zast\u0119pca Prezydenta Jeleniej G\u00f3ry \u2013 Janusz \u0141yczko; reprezentuj\u0105ca Rad\u0119 Miasta Jelenia G\u00f3ra, przewodnicz\u0105ca Komisji Kultury \u2013 Gabriela Zawi\u0142a; dyrektor Gminnego O\u015brodka Kultury w Mys\u0142akowicach \u2013 Marianna Ostrowska; radny Gminy Mys\u0142akowice \u2013 Augustyn Wilczy\u0144ski; dyrektor Oddzia\u0142u Dolno\u015bl\u0105skiego Zarz\u0105du Park\u00f3w Krajobrazowych w Jeleniej Grze \u2013 Agnieszka\u00a0 \u0141\u0119tkowska; zast\u0119pca w\u00f3jta Mys\u0142akowic \u2013 Grzegorz Truchanowicz; zast\u0119pca dyrektora Karkonoskiego Parku Narodowego \u2013 Przemys\u0142aw To\u0142oknow; radny Sejmiku Dolno\u015bl\u0105skiego \u2013 Marcin Zawi\u0142a; dyrektor biura Zwi\u0105zku Gmin Karkonoskich \u2013 \u0141ukasz Hada; w\u0142a\u015bciciel firmy Juro-Trans w Kowarach, sponsor \u2013 Jerzy Gadomski; mieszkaniec Karpnik \u2013 Janusz Korze\u0144; prezes Oddzia\u0142u PTTK \u2013 Krzysztof T\u0119cza; wiceprezes Oddzia\u0142u PTTK \u2013 Andrzej Mateusiak, dzia\u0142acz Oddzia\u0142u PTTK \u2013 Janusz Turakiewicz; kierownik Rajdu na Raty, Przewodnik Sudecki \u2013 Wiktor\u00a0 Gumprecht; przewodnik sudecki \u2013 Jaros\u0142aw Kapczy\u0144ski; dzia\u0142aczka narciarska PTTK \u2013 Wanda Oryszczak; przewodnik sudecki \u2013 Alina Pasi\u0144ska. By\u0142a te\u017c spora grupa turyst\u00f3w, kt\u00f3rzy przybyli na imprez\u0119 i skorzystali z okazji posadzenie drzewka na powstaj\u0105cej alei. Wszyscy, kt\u00f3rzy posadzili d\u0119ba otrzymali okazjonalny \u00a0certyfikat.<\/p>\n<p>Przy Alej D\u0119bowej ustawiono drewnian\u0105 tablic\u0119 informacyjn\u0105\u00a0 o akcji wraz z danymi organizator\u00f3w akcji:<\/p>\n<p>- PTTK<\/p>\n<p>- Lasy Pa\u0144stwowe<\/p>\n<p>- Oddzia\u0142 PTTK \u201eSudety zachodnie\u201d w Jeleniej G\u00f3rze<\/p>\n<p>- Nadle\u015bnictwo \u201e\u015anie\u017cka\u201d w Kowarach<\/p>\n<p>- Gmina Mys\u0142akowice<\/p>\n<p>- Gminny O\u015brodek Kultury \u2013 Mys\u0142akowice<\/p>\n<p>- Dolno\u015bl\u0105ski Zarz\u0105d Park\u00f3w Krajobrazowych \u2013 Oddzia\u0142 w Jeleniej G\u00f3rze<\/p>\n<p>- Zwi\u0105zek Gmin Karkonoskich zs. W Bukowcu<\/p>\n<p>- Juro-Trasn Jerzy Gadomski \u2013 Kowary<\/p>\n<p>- So\u0142ectwo Karpniki.<\/p>\n<p>Po zako\u0144czeniu sadzenia drzew, na boisku sportowym przy ul. Sportowej odbywa\u0142 si\u0119 piknik. Nadal gra\u0142 i \u015bpiewa\u0142 zesp\u00f3\u0142 folklorystyczny \u201eSokolik\u201d, a cz\u0142onkinie Towarzystwa Przyjaci\u00f3\u0142 Karpnik zorganizowa\u0142y stoisko z groch\u00f3wk\u0105, gor\u0105c\u0105 herbat\u0105 i w\u0142asnor\u0119cznymi s\u0142odkimi wypiekami, kt\u00f3re cieszy\u0142y si\u0119 niebywa\u0142ym wzi\u0119ciem. GOK Mys\u0142akowice zabezpieczy\u0142 nag\u0142o\u015bnienie i namiot dla wyst\u0119p\u00f3w, pozosta\u0142e namioty dla publiczno\u015bci rozstawi\u0142a dru\u017cyna Ochotniczej Stra\u017cy Po\u017carnej w Karpnikach. Na stoisku PTTK mo\u017cna by\u0142o naby\u0107 mapy turystyczne oraz wydawnictwa, w tym niedawno wydan\u0105 i bardzo poczytn\u0105 Kuchni\u0119 Ducha G\u00f3r \u2013 ksi\u0105\u017ck\u0119 z dawnymi karkonoskimi i regionalnymi\u00a0 przepisami i receptami kulinarnymi. By\u0142a te\u017c loteria \u201eko\u0142o fortuny\u201d, gdzie mo\u017cna by\u0142o wylosowa\u0107 mapy, czasopisma turystyczne, ksi\u0105\u017cki i inne gad\u017cety.<\/p>\n<p>Pomimo deszczu, kt\u00f3ry pada\u0142 od nocy do godziny 14.00 \u2013 tury\u015bci przybyli na uroczysto\u015b\u0107, wierz\u0105c, \u017ce pogoda si\u0119 poprawi. I rzeczywi\u015bcie, sadzenie drzew odby\u0142o si\u0119 w bezdeszczowej, acz wilgotnej aurze, przy niezbyt wysokiej temperaturze.<\/p>\n<p>&nbsp;<\/p>\n<p>Andrzej Mateusiak<\/p>\n<p>&nbsp;<\/p>\n<p>&nbsp;<\/p>\n<p>&nbsp;<\/p>\n<p>&nbsp;<\/p>\n","protected":false},"excerpt":{"rendered":"&nbsp; W dniu\u00a0 26 wrze\u015bnia 2020 r.\u00a0 o godzinie 14.00, zesp\u00f3\u0142 folklorystyczny \u201eSokoliki\u201d z Karpnik zaintonowa\u0142: \u201eNa\u00a0 Karpnickiej Ziemi Jest \u0142adna g\u00f3reczka A z g\u00f3reczki p\u0142ynie Ludowa muzyczka Starodawne pie\u015bni No i pi\u0119kne granie Niechaj w naszej wiosce D\u0142ugo pozostanie\u201d. Foto: Grzegorz Truchanowicz Uroczysto\u015b\u0107 \u201eSadzimy drzewa dla przysz\u0142ych pokole\u0144\u201d zainaugurowa\u0142\u00a0 Krzysztof T\u0119cza, prezes Oddzia\u0142u PTTK \u201eSudety Zachodnie\u201d Jelenia G\u00f3ra .&nbsp;<a href=\"https:\/\/turysta2.pttk.pl\/?p=26018\" class=\"read-more\">Continue Reading<\/a>","protected":false},"author":5,"featured_media":26028,"comment_status":"closed","ping_status":"closed","sticky":false,"template":"","format":"standard","meta":{"footnotes":""},"categories":[79],"tags":[],"class_list":["post-26018","post","type-post","status-publish","format-standard","has-post-thumbnail","hentry","category-z-historii-towarzystwa","cat-79-id"],"aioseo_notices":[],"_links":{"self":[{"href":"https:\/\/turysta2.pttk.pl\/index.php?rest_route=\/wp\/v2\/posts\/26018","targetHints":{"allow":["GET"]}}],"collection":[{"href":"https:\/\/turysta2.pttk.pl\/index.php?rest_route=\/wp\/v2\/posts"}],"about":[{"href":"https:\/\/turysta2.pttk.pl\/index.php?rest_route=\/wp\/v2\/types\/post"}],"author":[{"embeddable":true,"href":"https:\/\/turysta2.pttk.pl\/index.php?rest_route=\/wp\/v2\/users\/5"}],"replies":[{"embeddable":true,"href":"https:\/\/turysta2.pttk.pl\/index.php?rest_route=%2Fwp%2Fv2%2Fcomments&post=26018"}],"version-history":[{"count":19,"href":"https:\/\/turysta2.pttk.pl\/index.php?rest_route=\/wp\/v2\/posts\/26018\/revisions"}],"predecessor-version":[{"id":26048,"href":"https:\/\/turysta2.pttk.pl\/index.php?rest_route=\/wp\/v2\/posts\/26018\/revisions\/26048"}],"wp:featuredmedia":[{"embeddable":true,"href":"https:\/\/turysta2.pttk.pl\/index.php?rest_route=\/wp\/v2\/media\/26028"}],"wp:attachment":[{"href":"https:\/\/turysta2.pttk.pl\/index.php?rest_route=%2Fwp%2Fv2%2Fmedia&parent=26018"}],"wp:term":[{"taxonomy":"category","embeddable":true,"href":"https:\/\/turysta2.pttk.pl\/index.php?rest_route=%2Fwp%2Fv2%2Fcategories&post=26018"},{"taxonomy":"post_tag","embeddable":true,"href":"https:\/\/turysta2.pttk.pl\/index.php?rest_route=%2Fwp%2Fv2%2Ftags&post=26018"}],"curies":[{"name":"wp","href":"https:\/\/api.w.org\/{rel}","templated":true}]}}