{"id":25978,"date":"2020-10-05T09:45:01","date_gmt":"2020-10-05T07:45:01","guid":{"rendered":"https:\/\/turysta2.pttk.pl\/?p=25978"},"modified":"2020-11-12T12:26:16","modified_gmt":"2020-11-12T10:26:16","slug":"zawody-trecowe-w-stadninie-pttk-kurki","status":"publish","type":"post","link":"https:\/\/turysta2.pttk.pl\/?p=25978","title":{"rendered":"Zawody Trecowe  w Stadninie PTTK Kurki"},"content":{"rendered":"<p><strong>W dniu 26 wrze\u015bnia 2020 roku w afiliowanej przy PTTK Stadninie Koni Kurki - TREC PTTK odby\u0142y si\u0119 zawody trecowe. Stajnia bra\u0142a udzia\u0142 w og\u00f3lnopolskiej akcji \"VII Mi\u0119dzypokoleniowa Sztafeta Turystyczna\" zwi\u0105zanej z obchodami jubileuszu 70-lecia PTTK i z tej\u00a0 okazji odwiedzi\u0142a nas delegacja Las\u00f3w Pa\u0144stwowych. Razem uroczy\u015bcie posadzili\u015bmy pami\u0105tkowe drzewko.<\/strong><!--more--><\/p>\n<pre>lipiec-wrzesie\u0144\/3(3)2020<\/pre>\n<p>Zawody trecowe zwykle odbywaj\u0105 si\u0119 w ci\u0105gu dw\u00f3ch dni. Jednego dnia jest bieg na orientacj\u0119 \/POR\/, drugiego bieg z przeszkodami\/PTV\/ i kontrola tempa\/MA\/<\/p>\n<p>Tym razem przyj\u0119li\u015bmy inn\u0105 formu\u0142\u0119. Poniewa\u017c dyscyplina powsta\u0142a jako test dla koni i ludzi pracuj\u0105cych w turystyce je\u017adzieckiej, wszystkie fazy odby\u0142y si\u0119 w terenie w ci\u0105gu jednego dnia. Uczestnicy mogli zobaczy\u0107 jaka jest idea tych zawod\u00f3w oraz jak przydaj\u0105 si\u0119 w terenie umiej\u0119tno\u015bci zdobyte w czasie trening\u00f3w przygotowuj\u0105cych do start\u00f3w.<\/p>\n<p>By\u0142o mi\u0119dzy innymi przej\u015bcie przez wod\u0119, cofanie\/z g\u00f3rki &#x1f60a;\/, wszystkie nieruchomo\u015bci, skoki przez k\u0142od\u0119, przejazd przez mostek, bramka, a tak\u017ce wprowadzanie konia do przyczepy. Wszystko to bardzo przydaje si\u0119 przy wyjazdach w teren czy rajdach.<\/p>\n<p>Zale\u017ca\u0142o nam na promocji TRECu, spotkaniu zawodnik\u00f3w, s\u0119dzi\u00f3w i sympatyk\u00f3w dyscypliny, dobrej zabawie. Wcze\u015bniej, w tym roku niestety nie by\u0142o takich okazji.<\/p>\n<p>Ze wzgl\u0119du na jubileusz 70-lecia PTTK uczestniczyli\u015bmy og\u00f3lnopolskiej akcji sadzenia pami\u0105tkowych drzew. By\u0142a ona organizowana wsp\u00f3lnie z Lasami Pa\u0144stwowymi w ramach VII Mi\u0119dzypokoleniowej Sztafety Turystycznej.<\/p>\n<p>Bardzo by\u0142o nam mi\u0142o go\u015bci\u0107 delegacj\u0119 z Nadle\u015bnictwa Nowe Ramuki, Pana nadle\u015bniczego Tomasza Dzietowieckiego wraz z ma\u0142\u017conk\u0105, Pana Marcina Zeg\u0119 oraz Pani\u0105 Ewelin\u0119 Godzieb\u0119<\/p>\n<p>Aby przybli\u017cy\u0107 dyscyplin\u0119 TREC naszym go\u015bciom, opr\u00f3cz opowiadania o niej, wsp\u00f3lnie pojechali\u015bmy na jeden z punkt\u00f3w kontrolnych, gdzie mo\u017cna by\u0142o zobaczy\u0107 fragment zmaga\u0144 naszych zawodnik\u00f3w z przeszkodami.<\/p>\n<p>Po powrocie z terenu wraz z s\u0119dziami, zawodnikami, kibicami i ko\u0144mi<br \/>\n&#x1f60a;,\u00a0 posadzili\u015bmy pami\u0105tkow\u0105 lip\u0119.<\/p>\n<p>Na wszystkich czeka\u0142o ju\u017c ognisko z pocz\u0119stunkiem. Tam te\u017c nast\u0105pi\u0142o og\u0142oszenie wynik\u00f3w i wr\u0119czenia nagr\u00f3d.<\/p>\n<p>Aura nam dopisa\u0142a, dobre humory r\u00f3wnie\u017c. A przede wszystkim o to chodzi\u0142o &#x1f60a;<\/p>\n<p>Chcia\u0142am bardzo podzi\u0119kowa\u0107 s\u0119dziom, zawodnikom, delegacji Las\u00f3w i sympatykom. Bez waszego zaanga\u017cowania nic by si\u0119 nie uda\u0142o. Bardzo dzi\u0119kuj\u0119 &#x1f60a;<\/p>\n<p>Inga Klaybor-Roma\u0144ska<\/p>\n<p><a href=\"https:\/\/turysta2.pttk.pl\/wp-content\/uploads\/2020\/10\/120221580_819049382262030_7851617407550343207_n-1.jpg\"><img loading=\"lazy\" decoding=\"async\" class=\"aligncenter wp-image-25979\" src=\"https:\/\/turysta2.pttk.pl\/wp-content\/uploads\/2020\/10\/120221580_819049382262030_7851617407550343207_n-1.jpg\" alt=\"\" width=\"609\" height=\"457\" srcset=\"https:\/\/turysta2.pttk.pl\/wp-content\/uploads\/2020\/10\/120221580_819049382262030_7851617407550343207_n-1.jpg 750w, https:\/\/turysta2.pttk.pl\/wp-content\/uploads\/2020\/10\/120221580_819049382262030_7851617407550343207_n-1-300x225.jpg 300w, https:\/\/turysta2.pttk.pl\/wp-content\/uploads\/2020\/10\/120221580_819049382262030_7851617407550343207_n-1-200x150.jpg 200w\" sizes=\"auto, (max-width: 609px) 100vw, 609px\" \/><\/a> <a href=\"https:\/\/turysta2.pttk.pl\/wp-content\/uploads\/2020\/10\/120261305_688103265126562_4471194122680437126_n.jpg\"><img loading=\"lazy\" decoding=\"async\" class=\"aligncenter size-large wp-image-25980\" src=\"https:\/\/turysta2.pttk.pl\/wp-content\/uploads\/2020\/10\/120261305_688103265126562_4471194122680437126_n.jpg\" alt=\"\" width=\"604\" height=\"453\" srcset=\"https:\/\/turysta2.pttk.pl\/wp-content\/uploads\/2020\/10\/120261305_688103265126562_4471194122680437126_n.jpg 750w, https:\/\/turysta2.pttk.pl\/wp-content\/uploads\/2020\/10\/120261305_688103265126562_4471194122680437126_n-300x225.jpg 300w, https:\/\/turysta2.pttk.pl\/wp-content\/uploads\/2020\/10\/120261305_688103265126562_4471194122680437126_n-200x150.jpg 200w\" sizes=\"auto, (max-width: 604px) 100vw, 604px\" \/><\/a> <a href=\"https:\/\/turysta2.pttk.pl\/wp-content\/uploads\/2020\/10\/120329975_435086634133785_2170325881013126152_n.jpg\"><img loading=\"lazy\" decoding=\"async\" class=\"aligncenter size-large wp-image-25981\" src=\"https:\/\/turysta2.pttk.pl\/wp-content\/uploads\/2020\/10\/120329975_435086634133785_2170325881013126152_n.jpg\" alt=\"\" width=\"604\" height=\"453\" srcset=\"https:\/\/turysta2.pttk.pl\/wp-content\/uploads\/2020\/10\/120329975_435086634133785_2170325881013126152_n.jpg 750w, https:\/\/turysta2.pttk.pl\/wp-content\/uploads\/2020\/10\/120329975_435086634133785_2170325881013126152_n-300x225.jpg 300w, https:\/\/turysta2.pttk.pl\/wp-content\/uploads\/2020\/10\/120329975_435086634133785_2170325881013126152_n-200x150.jpg 200w\" sizes=\"auto, (max-width: 604px) 100vw, 604px\" \/><\/a> <a href=\"https:\/\/turysta2.pttk.pl\/wp-content\/uploads\/2020\/10\/120377869_393455098315770_641673836423459656_n.jpg\"><img loading=\"lazy\" decoding=\"async\" class=\"aligncenter size-large wp-image-25982\" src=\"https:\/\/turysta2.pttk.pl\/wp-content\/uploads\/2020\/10\/120377869_393455098315770_641673836423459656_n.jpg\" alt=\"\" width=\"604\" height=\"805\" srcset=\"https:\/\/turysta2.pttk.pl\/wp-content\/uploads\/2020\/10\/120377869_393455098315770_641673836423459656_n.jpg 720w, https:\/\/turysta2.pttk.pl\/wp-content\/uploads\/2020\/10\/120377869_393455098315770_641673836423459656_n-225x300.jpg 225w\" sizes=\"auto, (max-width: 604px) 100vw, 604px\" \/><\/a> <a href=\"https:\/\/turysta2.pttk.pl\/wp-content\/uploads\/2020\/10\/120392347_328965278355199_1450868943174909256_n.jpg\"><img loading=\"lazy\" decoding=\"async\" class=\"aligncenter size-large wp-image-25983\" src=\"https:\/\/turysta2.pttk.pl\/wp-content\/uploads\/2020\/10\/120392347_328965278355199_1450868943174909256_n.jpg\" alt=\"\" width=\"604\" height=\"453\" srcset=\"https:\/\/turysta2.pttk.pl\/wp-content\/uploads\/2020\/10\/120392347_328965278355199_1450868943174909256_n.jpg 960w, https:\/\/turysta2.pttk.pl\/wp-content\/uploads\/2020\/10\/120392347_328965278355199_1450868943174909256_n-300x225.jpg 300w, https:\/\/turysta2.pttk.pl\/wp-content\/uploads\/2020\/10\/120392347_328965278355199_1450868943174909256_n-768x576.jpg 768w, https:\/\/turysta2.pttk.pl\/wp-content\/uploads\/2020\/10\/120392347_328965278355199_1450868943174909256_n-200x150.jpg 200w\" sizes=\"auto, (max-width: 604px) 100vw, 604px\" \/><\/a> <a href=\"https:\/\/turysta2.pttk.pl\/wp-content\/uploads\/2020\/10\/120427767_1179513875781750_2914343845333331910_n.jpg\"><img loading=\"lazy\" decoding=\"async\" class=\"aligncenter size-large wp-image-25984\" src=\"https:\/\/turysta2.pttk.pl\/wp-content\/uploads\/2020\/10\/120427767_1179513875781750_2914343845333331910_n.jpg\" alt=\"\" width=\"604\" height=\"805\" srcset=\"https:\/\/turysta2.pttk.pl\/wp-content\/uploads\/2020\/10\/120427767_1179513875781750_2914343845333331910_n.jpg 720w, https:\/\/turysta2.pttk.pl\/wp-content\/uploads\/2020\/10\/120427767_1179513875781750_2914343845333331910_n-225x300.jpg 225w\" sizes=\"auto, (max-width: 604px) 100vw, 604px\" \/><\/a> <a href=\"https:\/\/turysta2.pttk.pl\/wp-content\/uploads\/2020\/10\/IMG_20200926_134829_resized_20200927_112940565.jpg\"><img loading=\"lazy\" decoding=\"async\" class=\"aligncenter size-large wp-image-25985\" src=\"https:\/\/turysta2.pttk.pl\/wp-content\/uploads\/2020\/10\/IMG_20200926_134829_resized_20200927_112940565.jpg\" alt=\"\" width=\"604\" height=\"453\" srcset=\"https:\/\/turysta2.pttk.pl\/wp-content\/uploads\/2020\/10\/IMG_20200926_134829_resized_20200927_112940565.jpg 800w, https:\/\/turysta2.pttk.pl\/wp-content\/uploads\/2020\/10\/IMG_20200926_134829_resized_20200927_112940565-300x225.jpg 300w, https:\/\/turysta2.pttk.pl\/wp-content\/uploads\/2020\/10\/IMG_20200926_134829_resized_20200927_112940565-768x576.jpg 768w, https:\/\/turysta2.pttk.pl\/wp-content\/uploads\/2020\/10\/IMG_20200926_134829_resized_20200927_112940565-200x150.jpg 200w\" sizes=\"auto, (max-width: 604px) 100vw, 604px\" \/><\/a> <a href=\"https:\/\/turysta2.pttk.pl\/wp-content\/uploads\/2020\/10\/IMG_20200926_135238_resized_20200927_112941814.jpg\"><img loading=\"lazy\" decoding=\"async\" class=\"aligncenter size-large wp-image-25986\" src=\"https:\/\/turysta2.pttk.pl\/wp-content\/uploads\/2020\/10\/IMG_20200926_135238_resized_20200927_112941814.jpg\" alt=\"\" width=\"604\" height=\"453\" srcset=\"https:\/\/turysta2.pttk.pl\/wp-content\/uploads\/2020\/10\/IMG_20200926_135238_resized_20200927_112941814.jpg 800w, https:\/\/turysta2.pttk.pl\/wp-content\/uploads\/2020\/10\/IMG_20200926_135238_resized_20200927_112941814-300x225.jpg 300w, https:\/\/turysta2.pttk.pl\/wp-content\/uploads\/2020\/10\/IMG_20200926_135238_resized_20200927_112941814-768x576.jpg 768w, https:\/\/turysta2.pttk.pl\/wp-content\/uploads\/2020\/10\/IMG_20200926_135238_resized_20200927_112941814-200x150.jpg 200w\" sizes=\"auto, (max-width: 604px) 100vw, 604px\" \/><\/a> <a href=\"https:\/\/turysta2.pttk.pl\/wp-content\/uploads\/2020\/10\/IMG_20200926_143430_resized_20200927_112945553.jpg\"><img loading=\"lazy\" decoding=\"async\" class=\"aligncenter size-large wp-image-25987\" src=\"https:\/\/turysta2.pttk.pl\/wp-content\/uploads\/2020\/10\/IMG_20200926_143430_resized_20200927_112945553.jpg\" alt=\"\" width=\"604\" height=\"453\" srcset=\"https:\/\/turysta2.pttk.pl\/wp-content\/uploads\/2020\/10\/IMG_20200926_143430_resized_20200927_112945553.jpg 800w, https:\/\/turysta2.pttk.pl\/wp-content\/uploads\/2020\/10\/IMG_20200926_143430_resized_20200927_112945553-300x225.jpg 300w, https:\/\/turysta2.pttk.pl\/wp-content\/uploads\/2020\/10\/IMG_20200926_143430_resized_20200927_112945553-768x576.jpg 768w, https:\/\/turysta2.pttk.pl\/wp-content\/uploads\/2020\/10\/IMG_20200926_143430_resized_20200927_112945553-200x150.jpg 200w\" sizes=\"auto, (max-width: 604px) 100vw, 604px\" \/><\/a> <a href=\"https:\/\/turysta2.pttk.pl\/wp-content\/uploads\/2020\/10\/IMG_20200926_143446_resized_20200927_112943050.jpg\"><img loading=\"lazy\" decoding=\"async\" class=\"aligncenter size-large wp-image-25988\" src=\"https:\/\/turysta2.pttk.pl\/wp-content\/uploads\/2020\/10\/IMG_20200926_143446_resized_20200927_112943050.jpg\" alt=\"\" width=\"604\" height=\"453\" srcset=\"https:\/\/turysta2.pttk.pl\/wp-content\/uploads\/2020\/10\/IMG_20200926_143446_resized_20200927_112943050.jpg 800w, https:\/\/turysta2.pttk.pl\/wp-content\/uploads\/2020\/10\/IMG_20200926_143446_resized_20200927_112943050-300x225.jpg 300w, https:\/\/turysta2.pttk.pl\/wp-content\/uploads\/2020\/10\/IMG_20200926_143446_resized_20200927_112943050-768x576.jpg 768w, https:\/\/turysta2.pttk.pl\/wp-content\/uploads\/2020\/10\/IMG_20200926_143446_resized_20200927_112943050-200x150.jpg 200w\" sizes=\"auto, (max-width: 604px) 100vw, 604px\" \/><\/a><\/p>\n<p>www.stadninakurki.pl<\/p>\n","protected":false},"excerpt":{"rendered":"W dniu 26 wrze\u015bnia 2020 roku w afiliowanej przy PTTK Stadninie Koni Kurki - TREC PTTK odby\u0142y si\u0119 zawody trecowe. Stajnia bra\u0142a udzia\u0142 w og\u00f3lnopolskiej akcji \"VII Mi\u0119dzypokoleniowa Sztafeta Turystyczna\" zwi\u0105zanej z obchodami jubileuszu 70-lecia PTTK i z tej\u00a0 okazji odwiedzi\u0142a nas delegacja Las\u00f3w Pa\u0144stwowych. Razem uroczy\u015bcie posadzili\u015bmy pami\u0105tkowe drzewko.","protected":false},"author":5,"featured_media":25988,"comment_status":"closed","ping_status":"closed","sticky":false,"template":"","format":"standard","meta":{"footnotes":""},"categories":[72],"tags":[],"class_list":["post-25978","post","type-post","status-publish","format-standard","has-post-thumbnail","hentry","category-turystyka-jezdziecka","cat-72-id"],"aioseo_notices":[],"_links":{"self":[{"href":"https:\/\/turysta2.pttk.pl\/index.php?rest_route=\/wp\/v2\/posts\/25978","targetHints":{"allow":["GET"]}}],"collection":[{"href":"https:\/\/turysta2.pttk.pl\/index.php?rest_route=\/wp\/v2\/posts"}],"about":[{"href":"https:\/\/turysta2.pttk.pl\/index.php?rest_route=\/wp\/v2\/types\/post"}],"author":[{"embeddable":true,"href":"https:\/\/turysta2.pttk.pl\/index.php?rest_route=\/wp\/v2\/users\/5"}],"replies":[{"embeddable":true,"href":"https:\/\/turysta2.pttk.pl\/index.php?rest_route=%2Fwp%2Fv2%2Fcomments&post=25978"}],"version-history":[{"count":11,"href":"https:\/\/turysta2.pttk.pl\/index.php?rest_route=\/wp\/v2\/posts\/25978\/revisions"}],"predecessor-version":[{"id":26244,"href":"https:\/\/turysta2.pttk.pl\/index.php?rest_route=\/wp\/v2\/posts\/25978\/revisions\/26244"}],"wp:featuredmedia":[{"embeddable":true,"href":"https:\/\/turysta2.pttk.pl\/index.php?rest_route=\/wp\/v2\/media\/25988"}],"wp:attachment":[{"href":"https:\/\/turysta2.pttk.pl\/index.php?rest_route=%2Fwp%2Fv2%2Fmedia&parent=25978"}],"wp:term":[{"taxonomy":"category","embeddable":true,"href":"https:\/\/turysta2.pttk.pl\/index.php?rest_route=%2Fwp%2Fv2%2Fcategories&post=25978"},{"taxonomy":"post_tag","embeddable":true,"href":"https:\/\/turysta2.pttk.pl\/index.php?rest_route=%2Fwp%2Fv2%2Ftags&post=25978"}],"curies":[{"name":"wp","href":"https:\/\/api.w.org\/{rel}","templated":true}]}}