{"id":25937,"date":"2020-10-05T08:33:40","date_gmt":"2020-10-05T06:33:40","guid":{"rendered":"https:\/\/turysta2.pttk.pl\/?p=25937"},"modified":"2020-11-17T12:19:50","modified_gmt":"2020-11-17T10:19:50","slug":"vii-miedzypokoleniowa-sztafeta-turystyczna","status":"publish","type":"post","link":"https:\/\/turysta2.pttk.pl\/?p=25937","title":{"rendered":"VII Mi\u0119dzypokoleniowa Sztafeta Turystyczna, Wojskowe Ko\u0142o PTTK"},"content":{"rendered":"<h4 dir=\"auto\"><strong>Wojskowe Ko\u0142o PTTK dzia\u0142aj\u0105ce przy Klubie 25 Brygady Kawalerii Powietrznej wzi\u0119\u0142o udzia\u0142 w VII Mi\u0119dzypokoleniowej Sztafecie Turystycznej, zorganizowanej 26 wrze\u015bnia w ramach obchod\u00f3w jubileuszu 70-lecia powstania Polskiego Towarzystwa Turystyczno-Krajoznawczego.<\/strong><\/h4>\n<p dir=\"auto\"><a href=\"https:\/\/turysta2.pttk.pl\/wp-content\/uploads\/2020\/10\/120706012_3539330312753992_3381344987142832000_o.jpg\"><img loading=\"lazy\" decoding=\"async\" class=\"aligncenter size-large wp-image-25940\" src=\"https:\/\/turysta2.pttk.pl\/wp-content\/uploads\/2020\/10\/120706012_3539330312753992_3381344987142832000_o-1024x768.jpg\" alt=\"\" width=\"604\" height=\"453\" srcset=\"https:\/\/turysta2.pttk.pl\/wp-content\/uploads\/2020\/10\/120706012_3539330312753992_3381344987142832000_o-1024x768.jpg 1024w, https:\/\/turysta2.pttk.pl\/wp-content\/uploads\/2020\/10\/120706012_3539330312753992_3381344987142832000_o-300x225.jpg 300w, https:\/\/turysta2.pttk.pl\/wp-content\/uploads\/2020\/10\/120706012_3539330312753992_3381344987142832000_o-768x576.jpg 768w, https:\/\/turysta2.pttk.pl\/wp-content\/uploads\/2020\/10\/120706012_3539330312753992_3381344987142832000_o-1536x1152.jpg 1536w, https:\/\/turysta2.pttk.pl\/wp-content\/uploads\/2020\/10\/120706012_3539330312753992_3381344987142832000_o-200x150.jpg 200w, https:\/\/turysta2.pttk.pl\/wp-content\/uploads\/2020\/10\/120706012_3539330312753992_3381344987142832000_o.jpg 2000w\" sizes=\"auto, (max-width: 604px) 100vw, 604px\" \/><\/a><\/p>\n<pre>lipiec-wrzesie\u0144\/3(3)2020<\/pre>\n<p dir=\"auto\">R\u00f3wnie\u017c z tej okazji wojskowi tury\u015bci uczestniczyli w VI Tomaszowskim Rajdzie Pieszym po trasie Tomasz\u00f3w Mazowiecki \u2013 Smardzewice \u2013Tomasz\u00f3w Mazowiecki. Podczas rajdu w Nadle\u015bnictwie Smardzewice tury\u015bci wzi\u0119li udzia\u0142 w prelekcji pt. \u201eLas dla przysz\u0142ych pokole\u0144\u201d. Na koniec ka\u017cdy uczestnik dosta\u0142 sadzonk\u0119 sosny do posadzenia w swoim otoczeniu.<\/p>\n<p dir=\"auto\"><a href=\"https:\/\/turysta2.pttk.pl\/wp-content\/uploads\/2020\/10\/120705230_3539330632753960_4455510425185758700_o.jpg\"><img loading=\"lazy\" decoding=\"async\" class=\"aligncenter size-large wp-image-25938\" src=\"https:\/\/turysta2.pttk.pl\/wp-content\/uploads\/2020\/10\/120705230_3539330632753960_4455510425185758700_o-1024x768.jpg\" alt=\"\" width=\"604\" height=\"453\" srcset=\"https:\/\/turysta2.pttk.pl\/wp-content\/uploads\/2020\/10\/120705230_3539330632753960_4455510425185758700_o-1024x768.jpg 1024w, https:\/\/turysta2.pttk.pl\/wp-content\/uploads\/2020\/10\/120705230_3539330632753960_4455510425185758700_o-300x225.jpg 300w, https:\/\/turysta2.pttk.pl\/wp-content\/uploads\/2020\/10\/120705230_3539330632753960_4455510425185758700_o-768x576.jpg 768w, https:\/\/turysta2.pttk.pl\/wp-content\/uploads\/2020\/10\/120705230_3539330632753960_4455510425185758700_o-1536x1152.jpg 1536w, https:\/\/turysta2.pttk.pl\/wp-content\/uploads\/2020\/10\/120705230_3539330632753960_4455510425185758700_o-200x150.jpg 200w, https:\/\/turysta2.pttk.pl\/wp-content\/uploads\/2020\/10\/120705230_3539330632753960_4455510425185758700_o.jpg 1944w\" sizes=\"auto, (max-width: 604px) 100vw, 604px\" \/><\/a><\/p>\n<p dir=\"auto\">Punktem kulminacyjnym sztafety i obchod\u00f3w jubileuszu by\u0142o zasadzenie w dniu 01.10.2020 r. Drzewa Dziedzictwa PTTK na terenie kompleksu koszarowego w Tomaszowie Mazowieckim przy ul. J. Pi\u0142sudskiego 72. Posadzone zosta\u0142y trzy d\u0119by.<\/p>\n<p dir=\"auto\"><a href=\"https:\/\/turysta2.pttk.pl\/wp-content\/uploads\/2020\/10\/120453724_3539330676087289_7151353062220239187_o.jpg\"><img loading=\"lazy\" decoding=\"async\" class=\"aligncenter size-large wp-image-25939\" src=\"https:\/\/turysta2.pttk.pl\/wp-content\/uploads\/2020\/10\/120453724_3539330676087289_7151353062220239187_o-1024x768.jpg\" alt=\"\" width=\"604\" height=\"453\" srcset=\"https:\/\/turysta2.pttk.pl\/wp-content\/uploads\/2020\/10\/120453724_3539330676087289_7151353062220239187_o-1024x768.jpg 1024w, https:\/\/turysta2.pttk.pl\/wp-content\/uploads\/2020\/10\/120453724_3539330676087289_7151353062220239187_o-300x225.jpg 300w, https:\/\/turysta2.pttk.pl\/wp-content\/uploads\/2020\/10\/120453724_3539330676087289_7151353062220239187_o-768x576.jpg 768w, https:\/\/turysta2.pttk.pl\/wp-content\/uploads\/2020\/10\/120453724_3539330676087289_7151353062220239187_o-1536x1152.jpg 1536w, https:\/\/turysta2.pttk.pl\/wp-content\/uploads\/2020\/10\/120453724_3539330676087289_7151353062220239187_o-200x150.jpg 200w, https:\/\/turysta2.pttk.pl\/wp-content\/uploads\/2020\/10\/120453724_3539330676087289_7151353062220239187_o.jpg 1944w\" sizes=\"auto, (max-width: 604px) 100vw, 604px\" \/><\/a><a href=\"https:\/\/turysta2.pttk.pl\/wp-content\/uploads\/2020\/10\/120739848_3539330619420628_7115574035313453598_o.jpg\"><img loading=\"lazy\" decoding=\"async\" class=\"aligncenter size-large wp-image-25941\" src=\"https:\/\/turysta2.pttk.pl\/wp-content\/uploads\/2020\/10\/120739848_3539330619420628_7115574035313453598_o-1024x768.jpg\" alt=\"\" width=\"604\" height=\"453\" srcset=\"https:\/\/turysta2.pttk.pl\/wp-content\/uploads\/2020\/10\/120739848_3539330619420628_7115574035313453598_o-1024x768.jpg 1024w, https:\/\/turysta2.pttk.pl\/wp-content\/uploads\/2020\/10\/120739848_3539330619420628_7115574035313453598_o-300x225.jpg 300w, https:\/\/turysta2.pttk.pl\/wp-content\/uploads\/2020\/10\/120739848_3539330619420628_7115574035313453598_o-768x576.jpg 768w, https:\/\/turysta2.pttk.pl\/wp-content\/uploads\/2020\/10\/120739848_3539330619420628_7115574035313453598_o-1536x1152.jpg 1536w, https:\/\/turysta2.pttk.pl\/wp-content\/uploads\/2020\/10\/120739848_3539330619420628_7115574035313453598_o-200x150.jpg 200w, https:\/\/turysta2.pttk.pl\/wp-content\/uploads\/2020\/10\/120739848_3539330619420628_7115574035313453598_o.jpg 1944w\" sizes=\"auto, (max-width: 604px) 100vw, 604px\" \/><\/a><\/p>\n<p dir=\"auto\">W imieniu Dow\u00f3dcy 25. Brygady Kawalerii Powietrznej jedno z drzew posadzi\u0142 szef sztabu p\u0142k Krzysztof Sarnowski, drugie zasadzi\u0142 Dow\u00f3dca 25. batalionu logistycznego p\u0142k W\u0142odzimierz D\u0105browski, a trzeci d\u0105b posadzi\u0142a prezes Wojskowego Ko\u0142a PTTK Agnieszka Kr\u00f3likowska.<\/p>\n<p dir=\"auto\">Opiek\u0119 nad sadzonkami sprawowa\u0107 b\u0119d\u0105 cz\u0142onkowie Wojskowego Ko\u0142a PTTK.<\/p>\n<p dir=\"auto\"><a href=\"https:\/\/turysta2.pttk.pl\/wp-content\/uploads\/2020\/10\/120660324_3539330236087333_1693930762011344706_o.jpg\"><img loading=\"lazy\" decoding=\"async\" class=\"aligncenter size-large wp-image-25942\" src=\"https:\/\/turysta2.pttk.pl\/wp-content\/uploads\/2020\/10\/120660324_3539330236087333_1693930762011344706_o-1024x768.jpg\" alt=\"\" width=\"604\" height=\"453\" srcset=\"https:\/\/turysta2.pttk.pl\/wp-content\/uploads\/2020\/10\/120660324_3539330236087333_1693930762011344706_o-1024x768.jpg 1024w, https:\/\/turysta2.pttk.pl\/wp-content\/uploads\/2020\/10\/120660324_3539330236087333_1693930762011344706_o-300x225.jpg 300w, https:\/\/turysta2.pttk.pl\/wp-content\/uploads\/2020\/10\/120660324_3539330236087333_1693930762011344706_o-768x576.jpg 768w, https:\/\/turysta2.pttk.pl\/wp-content\/uploads\/2020\/10\/120660324_3539330236087333_1693930762011344706_o-1536x1152.jpg 1536w, https:\/\/turysta2.pttk.pl\/wp-content\/uploads\/2020\/10\/120660324_3539330236087333_1693930762011344706_o-200x150.jpg 200w, https:\/\/turysta2.pttk.pl\/wp-content\/uploads\/2020\/10\/120660324_3539330236087333_1693930762011344706_o.jpg 2000w\" sizes=\"auto, (max-width: 604px) 100vw, 604px\" \/><\/a><\/p>\n<p dir=\"auto\">\n","protected":false},"excerpt":{"rendered":"Wojskowe Ko\u0142o PTTK dzia\u0142aj\u0105ce przy Klubie 25 Brygady Kawalerii Powietrznej wzi\u0119\u0142o udzia\u0142 w VII Mi\u0119dzypokoleniowej Sztafecie Turystycznej, zorganizowanej 26 wrze\u015bnia w ramach obchod\u00f3w jubileuszu 70-lecia powstania Polskiego Towarzystwa Turystyczno-Krajoznawczego. lipiec-wrzesie\u0144\/3(3)2020 R\u00f3wnie\u017c z tej okazji wojskowi tury\u015bci uczestniczyli w VI Tomaszowskim Rajdzie Pieszym po trasie Tomasz\u00f3w Mazowiecki \u2013 Smardzewice \u2013Tomasz\u00f3w Mazowiecki. Podczas rajdu w Nadle\u015bnictwie Smardzewice tury\u015bci wzi\u0119li udzia\u0142 w prelekcji&nbsp;<a href=\"https:\/\/turysta2.pttk.pl\/?p=25937\" class=\"read-more\">Continue Reading<\/a>","protected":false},"author":5,"featured_media":25939,"comment_status":"closed","ping_status":"closed","sticky":false,"template":"","format":"standard","meta":{"footnotes":""},"categories":[68],"tags":[],"class_list":["post-25937","post","type-post","status-publish","format-standard","has-post-thumbnail","hentry","category-turystyka-piesza","cat-68-id"],"aioseo_notices":[],"_links":{"self":[{"href":"https:\/\/turysta2.pttk.pl\/index.php?rest_route=\/wp\/v2\/posts\/25937","targetHints":{"allow":["GET"]}}],"collection":[{"href":"https:\/\/turysta2.pttk.pl\/index.php?rest_route=\/wp\/v2\/posts"}],"about":[{"href":"https:\/\/turysta2.pttk.pl\/index.php?rest_route=\/wp\/v2\/types\/post"}],"author":[{"embeddable":true,"href":"https:\/\/turysta2.pttk.pl\/index.php?rest_route=\/wp\/v2\/users\/5"}],"replies":[{"embeddable":true,"href":"https:\/\/turysta2.pttk.pl\/index.php?rest_route=%2Fwp%2Fv2%2Fcomments&post=25937"}],"version-history":[{"count":9,"href":"https:\/\/turysta2.pttk.pl\/index.php?rest_route=\/wp\/v2\/posts\/25937\/revisions"}],"predecessor-version":[{"id":26283,"href":"https:\/\/turysta2.pttk.pl\/index.php?rest_route=\/wp\/v2\/posts\/25937\/revisions\/26283"}],"wp:featuredmedia":[{"embeddable":true,"href":"https:\/\/turysta2.pttk.pl\/index.php?rest_route=\/wp\/v2\/media\/25939"}],"wp:attachment":[{"href":"https:\/\/turysta2.pttk.pl\/index.php?rest_route=%2Fwp%2Fv2%2Fmedia&parent=25937"}],"wp:term":[{"taxonomy":"category","embeddable":true,"href":"https:\/\/turysta2.pttk.pl\/index.php?rest_route=%2Fwp%2Fv2%2Fcategories&post=25937"},{"taxonomy":"post_tag","embeddable":true,"href":"https:\/\/turysta2.pttk.pl\/index.php?rest_route=%2Fwp%2Fv2%2Ftags&post=25937"}],"curies":[{"name":"wp","href":"https:\/\/api.w.org\/{rel}","templated":true}]}}