{"id":25916,"date":"2020-10-04T23:59:58","date_gmt":"2020-10-04T21:59:58","guid":{"rendered":"https:\/\/turysta2.pttk.pl\/?p=25916"},"modified":"2021-12-16T19:31:57","modified_gmt":"2021-12-16T17:31:57","slug":"aleja-debowa-70-lecia-pttk","status":"publish","type":"post","link":"https:\/\/turysta2.pttk.pl\/?p=25916","title":{"rendered":"Jubileusz 70-lecia Polskiego Towarzystwa Turystyczno Krajoznawczego"},"content":{"rendered":"<p><strong>Turystyka towarzyszy\u0142a ludziom od zawsze. Jednak form\u0119 zorganizowan\u0105, na terenie naszego kraju,\u00a0 przyj\u0119\u0142a w wieku XIX, kiedy to w roku 1873 utworzono Towarzystwo Tatrza\u0144skie. Zacz\u0119to wtedy wytycza\u0107 i znakowa\u0107 szlaki turystyczne, budowa\u0107 pierwsze schroniska wysokog\u00f3rskie, pisa\u0107 pierwsze przewodniki. W roku 1920 Towarzystwo Tatrza\u0144skie przemianowano na Polskie Towarzystwo Tatrza\u0144skie, a w roku 1906 powsta\u0142o Polskie Towarzystwo Krajoznawcze. Oba towarzystwa wsp\u00f3\u0142pracowa\u0142y z sob\u0105 prowadz\u0105c dzia\u0142alno\u015b\u0107 statutow\u0105. Tak te\u017c by\u0142o po II wojnie \u015bwiatowej. Jednak\u00a0 w roku 1950, w nowej rzeczywisto\u015bci politycznej, podj\u0119to decyzj\u0119 o po\u0142\u0105czeniu PTT i PTK, w skutek czego powsta\u0142o Polskie Towarzystwo Turystyczno-Krajoznawcze. I w\u0142a\u015bnie ta data, rok 1950, uwa\u017cana jest oficjalnie jako zal\u0105\u017cek Towarzystwa. Dlatego w roku obecnym obchodzimy jubileusz 70-lecia PTTK.<\/strong><\/p>\n<pre>lipiec-wrzesie\u0144\/3(3)2020<\/pre>\n<p>Musimy jednak pami\u0119ta\u0107, \u017ce ruch turystyczny w Polsce zacz\u0105\u0142 si\u0119 nie 70 a niemal 150 lat temu. Dlatego s\u0105 w Polsce oddzia\u0142y PTTK, kt\u00f3rych historia jest o wiele d\u0142u\u017csza. Najstarsze oddzia\u0142y dzia\u0142aj\u0105ce nieprzerwanie maj\u0105 ponad 110 lat.<\/p>\n<p>Oddzia\u0142 PTTK \u201eSudety Zachodnie\u201d w Jeleniej G\u00f3rze w roku przysz\u0142ym b\u0119dzie obchodzi\u0142 75 rocznic\u0119 swojego istnienia. Za\u0142o\u017cono go bowiem w roku 1946 kiedy to Dolno\u015bl\u0105skie Towarzystwo Turystyczno-Krajoznawcze, powsta\u0142e rok wcze\u015bniej w Matejkowicach (obecnej Przesiece), przekszta\u0142ci\u0142o si\u0119 w Dolno\u015bl\u0105ski Oddzia\u0142 Polskiego Towarzystwa Tatrza\u0144skiego.<\/p>\n<p><a href=\"https:\/\/turysta2.pttk.pl\/wp-content\/uploads\/2020\/10\/D-IMG_20200926_150648.jpg\"><img loading=\"lazy\" decoding=\"async\" class=\"alignnone size-medium wp-image-25923\" src=\"https:\/\/turysta2.pttk.pl\/wp-content\/uploads\/2020\/10\/D-IMG_20200926_150648-300x225.jpg\" alt=\"\" width=\"300\" height=\"225\" srcset=\"https:\/\/turysta2.pttk.pl\/wp-content\/uploads\/2020\/10\/D-IMG_20200926_150648-300x225.jpg 300w, https:\/\/turysta2.pttk.pl\/wp-content\/uploads\/2020\/10\/D-IMG_20200926_150648-200x150.jpg 200w, https:\/\/turysta2.pttk.pl\/wp-content\/uploads\/2020\/10\/D-IMG_20200926_150648.jpg 577w\" sizes=\"auto, (max-width: 300px) 100vw, 300px\" \/><\/a><\/p>\n<p>Oddzia\u0142 PTTK \u201eSudety Zachodnie\u201d w Jeleniej G\u00f3rze jest jednym z wiod\u0105cych oddzia\u0142\u00f3w w skali ca\u0142ego Towarzystwa. Wynika to z faktu posiadania dobrze wykszta\u0142conej kadry programowej. Opr\u00f3cz rzeszy pracuj\u0105cych spo\u0142ecznie instruktor\u00f3w i przodownik\u00f3w niemal wszystkich dziedzin turystyki i krajoznawstwa posiada on jedn\u0105 z najwi\u0119kszych kadr przewodnik\u00f3w sudeckich, kt\u00f3rych szkoli na organizowanych kursach. Dlatego te\u017c nie ma problem\u00f3w z organizacj\u0105 r\u00f3\u017cnego rodzaju imprez dla miejscowej spo\u0142eczno\u015bci.<\/p>\n<p><a href=\"https:\/\/turysta2.pttk.pl\/wp-content\/uploads\/2020\/10\/D-IMG_20200926_144400.jpg\"><img loading=\"lazy\" decoding=\"async\" class=\"alignnone size-medium wp-image-25922\" src=\"https:\/\/turysta2.pttk.pl\/wp-content\/uploads\/2020\/10\/D-IMG_20200926_144400-300x225.jpg\" alt=\"\" width=\"300\" height=\"225\" srcset=\"https:\/\/turysta2.pttk.pl\/wp-content\/uploads\/2020\/10\/D-IMG_20200926_144400-300x225.jpg 300w, https:\/\/turysta2.pttk.pl\/wp-content\/uploads\/2020\/10\/D-IMG_20200926_144400-200x150.jpg 200w, https:\/\/turysta2.pttk.pl\/wp-content\/uploads\/2020\/10\/D-IMG_20200926_144400.jpg 577w\" sizes=\"auto, (max-width: 300px) 100vw, 300px\" \/><\/a><\/p>\n<p>Chlub\u0105 Oddzia\u0142u jest organizacja najstarszej w skali kraju imprezy jak\u0105 jest Og\u00f3lnopolski Wysokog\u00f3rski Rajd Narciarski \u201eKarkonosze\u201d. Kolejn\u0105 bardzo popularn\u0105 imprez\u0105 jest obchodz\u0105cy w roku obecnym jubileusz 50-lecia \u201eRajd na Raty\u201d, zorganizowany przez \u015bp. Teofila Ligenz\u0119 vel Ozimka.<\/p>\n<p><a href=\"https:\/\/turysta2.pttk.pl\/wp-content\/uploads\/2020\/10\/D-IMG_20200926_142016.jpg\"><img loading=\"lazy\" decoding=\"async\" class=\"alignnone size-medium wp-image-25921\" src=\"https:\/\/turysta2.pttk.pl\/wp-content\/uploads\/2020\/10\/D-IMG_20200926_142016-300x225.jpg\" alt=\"\" width=\"300\" height=\"225\" srcset=\"https:\/\/turysta2.pttk.pl\/wp-content\/uploads\/2020\/10\/D-IMG_20200926_142016-300x225.jpg 300w, https:\/\/turysta2.pttk.pl\/wp-content\/uploads\/2020\/10\/D-IMG_20200926_142016-200x150.jpg 200w, https:\/\/turysta2.pttk.pl\/wp-content\/uploads\/2020\/10\/D-IMG_20200926_142016.jpg 577w\" sizes=\"auto, (max-width: 300px) 100vw, 300px\" \/><\/a><\/p>\n<p>Z okazji tak niezwyk\u0142ego jubileuszu PTTK wraz z Lasami Pa\u0144stwowymi podj\u0119\u0142o si\u0119 u\u015bwietnienia tego faktu wsp\u00f3ln\u0105 akcj\u0105 sadzenia drzew w ramach \u201eMi\u0119dzypokoleniowej sztafety turystycznej\u201d pod nazw\u0105 \u201eSadzimy drzewa dla przysz\u0142ych pokole\u0144\u201d. Oczywi\u015bcie akcja ta jest realizowana w r\u00f3\u017cny spos\u00f3b na terenie ca\u0142ego kraju.<\/p>\n<p><a href=\"https:\/\/turysta2.pttk.pl\/wp-content\/uploads\/2020\/10\/D-FB_IMG_1601635210078.jpg\"><img loading=\"lazy\" decoding=\"async\" class=\"alignnone size-medium wp-image-25920\" src=\"https:\/\/turysta2.pttk.pl\/wp-content\/uploads\/2020\/10\/D-FB_IMG_1601635210078-300x169.jpg\" alt=\"\" width=\"300\" height=\"169\" srcset=\"https:\/\/turysta2.pttk.pl\/wp-content\/uploads\/2020\/10\/D-FB_IMG_1601635210078-300x169.jpg 300w, https:\/\/turysta2.pttk.pl\/wp-content\/uploads\/2020\/10\/D-FB_IMG_1601635210078.jpg 666w\" sizes=\"auto, (max-width: 300px) 100vw, 300px\" \/><\/a><\/p>\n<p>Je\u015bli chodzi o nasz region, Oddzia\u0142 PTTK \u201eSudety Zachodnie\u201d w Jeleniej G\u00f3rze wraz z Nadle\u015bnictwem \u201e\u015anie\u017cka\u201d z Kowar, reprezentowanym przez pani\u0105 Nadle\u015bniczy Gra\u017cyn\u0119 Adamczyk, zaprosili do wsp\u00f3lnej akcji sadzenia drzewek w miejscowo\u015bci Karpniki.<\/p>\n<p>W sobot\u0119 26 wrze\u015bnia 2020 roku dzi\u0119ki przychylno\u015bci Rady So\u0142eckiej oraz ci\u0119\u017ckiej pracy so\u0142tysa Karpnik pana Sebastiana \u0141ukawskiego zosta\u0142a zorganizowana uroczysto\u015b\u0107, podczas kt\u00f3rej zaproszeni go\u015bcie oraz przybyli tury\u015bci posadzili 70 sadzonek wzd\u0142u\u017c bezimiennej do tej pory drogi prowadz\u0105cej z Karpnik do Gruszkowa. Dzi\u0119ki przychylno\u015bci Rady Gminy Mys\u0142akowice odcinek tej drogi z posadzonymi drzewkami uchwa\u0142\u0105 Rady Gminy zostanie nazwany \u201eAlej\u0105 D\u0119bow\u0105 70-lecia PTTK\u201d.<\/p>\n<p>Poniewa\u017c jubileusz 70-lecia PTTK jest wa\u017cnym wydarzeniem, zorganizowano z tej okazji festyn w trakcie kt\u00f3rego panie z Ko\u0142a Gospody\u0144 Wiejskich cz\u0119stowa\u0142y przyrz\u0105dzon\u0105 przez siebie groch\u00f3wk\u0105 oraz w\u0142asnymi wypiekami, a miejscowy zesp\u00f3\u0142 folklorystyczny \u201eSokolik\u201d zabawia\u0142 obecnych \u015bpiewem. Ze wzgl\u0119du na silne opady deszczu, Gminny O\u015brodek Kultury w Mys\u0142akowicach wraz z Ochotnicz\u0105 Stra\u017c\u0105 Po\u017carn\u0105 z Karpnik rozstawili miasteczko namiotowe. Przygotowano tak\u017ce stoiska, na kt\u00f3rych materia\u0142y promocyjne rozdawali przedstawiciele Gminy Mys\u0142akowice, Dolno\u015bl\u0105skiego Zespo\u0142u Park\u00f3w Krajobrazowych oraz PTTK. Szcz\u0119\u015bliwcy mogli wygra\u0107 cenne nagrody w ramach ko\u0142a fortuny, a wszyscy, kt\u00f3rzy mieli tak\u0105 potrzeb\u0119 otrzymali sadzonki drzew le\u015bnych jak i owocowych przekazane przez Nadle\u015bnictwo \u201e\u015anie\u017cka\u201d.<\/p>\n<p>Poniewa\u017c g\u0142\u00f3wnym celem spotkania w Karpnikach by\u0142o posadzenie d\u0119b\u00f3w, zaproszeni go\u015bcie oraz mieszka\u0144cy i tury\u015bci specjalnej wycieczki \u201eRajdu na Raty\u201d, nie bacz\u0105c na padaj\u0105cy deszcz, podj\u0119li si\u0119 tego pi\u0119knego zadania. Na szcz\u0119\u015bcie pogoda sprzyja\u0142a obecnym i na czas sadzenia drzewek deszcz usta\u0142.<\/p>\n<p>Pierwsze drzewko instrukta\u017cowo posadzi\u0142 zast\u0119pca Nadle\u015bniczego Nadle\u015bnictwa \u201e\u015anie\u017cka\u201d pan S\u0142awomir Or\u0142owski, drugie gospodarz terenu w\u00f3jt Gminy Mys\u0142akowice pan Micha\u0142 Orman, trzecie Cz\u0142onek Honorowy PTTK pan Zdzis\u0142aw Gasz a czwarte senator Krzysztof Mr\u00f3z. Swoje drzewka posadzili tak\u017ce: Janusz \u0141yczko (z-ca prezydenta Miasta Jeleniej G\u00f3ry), Eugeniusz Kle\u015bta (przewodnicz\u0105cy Rady Powiatu Jeleniog\u00f3rskiego), Gabriela Zawi\u0142a (reprezentuj\u0105ca przewodnicz\u0105cego rady Miasta Jeleniej G\u00f3ry Wojciecha Chad\u017c\u0119), Grzegorz Truchanowicz (z-ca w\u00f3jta Gminy Mys\u0142akowice), Marianna Ostrowska (dyrektor GOK w Mys\u0142akowicach), Grzegorz Kuczaj (przewodnicz\u0105cy Rady Gminy w Mys\u0142akowicach), Augustyn Wilczy\u0144ski (radny Gminy Mys\u0142akowice), Sebastian \u0141ukawski (so\u0142tys wsi Karpniki),\u00a0 Przemys\u0142aw To\u0142oknow (z-ca dyrektora Karkonoskiego Parku Narodowego), \u0141ukasz Hada (dyrektor biura Zwi\u0105zku Gmin Karkonoskich), Jerzy Gadomski (w\u0142a\u015bciciel firmy Juro-Trans), Marcin Zawi\u0142a (radny Sejmiku Dolno\u015bl\u0105skiego), Agnieszka \u0141\u0119tkowska (dyrektor jeleniog\u00f3rskiego oddzia\u0142u DZPK), Andrzej Mateusiak (wiceprezes O PTTK \u201eSudety Zachodnie\u201d), Krzysztof T\u0119cza (prezes O PTTK \u201eSudety Zachodnie\u201d). Oczywi\u015bcie nie s\u0105 to wszyscy, kt\u00f3rzy posadzili drzewko. Dokonali tego tak\u017ce mieszka\u0144cy Karpnik, tury\u015bci oraz dzia\u0142acze PTTK.<\/p>\n<p>Je\u015bli chodzi o organizacj\u0119 spotkania jubileuszowego to opr\u00f3cz wspomnianych: Oddzia\u0142u PTTK \u201eSudety Zachodnie\u201d w Jeleniej G\u00f3rze i Nadle\u015bnictwa \u201e\u015anie\u017cka\u201d z Kowar brali w niej udzia\u0142: Gmina Mys\u0142akowice, Gminny O\u015brodek Kultury w Mys\u0142akowicach, Dolno\u015bl\u0105ski Zesp\u00f3\u0142 Park\u00f3w Krajobrazowych Oddzia\u0142 Jelenia G\u00f3ra, Firma Juro-Trans, Rada So\u0142ecka wsi Karpniki. Je\u015bli chodzi o materia\u0142y promocyjne to dostarczy\u0142y je Gmina Mys\u0142akowice, PTTK, DZPK i ZGK. Nadle\u015bnictwo \u201e\u015anie\u017cka\u201d przekaza\u0142a zar\u00f3wno sadzonki d\u0119b\u00f3w jak i sadzonki drzew owocowych i le\u015bnych, a paliki do ochrony posadzonych drzewek przekaza\u0142 pan Jerzy Gadomski w\u0142a\u015bciciel Firmy Juro-Trans.<\/p>\n<p>Wracaj\u0105c do uroczysto\u015bci, ca\u0142o\u015b\u0107 prowadzi\u0142 prezes Oddzia\u0142u PTTK \u201eSudety Zachodnie\u201d Krzysztof T\u0119cza. Przedstawi\u0142 on kr\u00f3tk\u0105 histori\u0119 turystyki i krajoznawstwa na ziemiach polskich oraz histori\u0119 powstania PTT i PTK, organizacji kt\u00f3rych po\u0142\u0105czenie da\u0142o pocz\u0105tek Polskiego Towarzystwa Turystyczno-Krajoznawczego.<\/p>\n<p>W\u00f3jt Gminy Mys\u0142akowice Micha\u0142 Orman podzi\u0119kowa\u0142 za dotychczasow\u0105 wsp\u00f3\u0142prac\u0119 PTTK z Gmin\u0105 oraz przekaza\u0142 stosowne \u017cyczenia wyra\u017cone s\u0142owami: \u201eW zwi\u0105zku z przypadaj\u0105c\u0105 w 2020 roku siedemdziesi\u0105t\u0105 rocznic\u0105 po\u0142\u0105czenia Polskiego Towarzystwa Tatrza\u0144skiego oraz Polskiego Towarzystwa Krajoznawczego\u00a0 i powstania Polskiego Towarzystwa Turystyczno-Krajoznawczego (PTTK) pragn\u0119 z\u0142o\u017cy\u0107 najserdeczniejsze \u017cyczenia \u201eAby na podej\u015bciu nigdy nie dogoni\u0142a Was zadyszka, \u017ceby na ko\u0144cu drogi zawsze by\u0142o schronisko a wszystkie wyj\u015bcia w g\u00f3ry, ko\u0144czy\u0142y si\u0119 powrotami\u201d\u201d.<\/p>\n<p><a href=\"https:\/\/turysta2.pttk.pl\/wp-content\/uploads\/2020\/10\/D-IMG_20200926_150648.jpg\"><img loading=\"lazy\" decoding=\"async\" class=\"alignnone size-medium wp-image-25923\" src=\"https:\/\/turysta2.pttk.pl\/wp-content\/uploads\/2020\/10\/D-IMG_20200926_150648-300x225.jpg\" alt=\"\" width=\"300\" height=\"225\" srcset=\"https:\/\/turysta2.pttk.pl\/wp-content\/uploads\/2020\/10\/D-IMG_20200926_150648-300x225.jpg 300w, https:\/\/turysta2.pttk.pl\/wp-content\/uploads\/2020\/10\/D-IMG_20200926_150648-200x150.jpg 200w, https:\/\/turysta2.pttk.pl\/wp-content\/uploads\/2020\/10\/D-IMG_20200926_150648.jpg 577w\" sizes=\"auto, (max-width: 300px) 100vw, 300px\" \/><\/a><\/p>\n<p>S\u0142owa podzi\u0119kowania za dotychczasow\u0105 dzia\u0142alno\u015b\u0107 Oddzia\u0142u PTTK przekaza\u0142 tak\u017ce przyby\u0142y na uroczysto\u015b\u0107 senator Krzysztof Mr\u00f3z. Janusz Korze\u0144 zaoferowa\u0142 w imieniu mieszka\u0144c\u00f3w Karpnik, \u017ce b\u0119d\u0105 na co dzie\u0144 dogl\u0105dali posadzonych drzewek.<\/p>\n<p>Podsumowuj\u0105c spotkanie, mimo padaj\u0105cego deszczu, by\u0142o s\u0142oneczne, przebiega\u0142o w mi\u0142ej atmosferze, a jego rezultat czyli posadzone d\u0119by pozostan\u0105 na wieczn\u0105 pami\u0105tk\u0119 tego jak\u017ce dono\u015bnego wydarzenia jakim jest 70 rocznica powstania Polskiego Towarzystwa Turystyczno Krajoznawczego.<\/p>\n<p>My\u015bl\u0119, \u017ce wszystkim obecnym na jubileusz nale\u017c\u0105 si\u0119 s\u0142owa podzi\u0119kowania za ich obecno\u015b\u0107, bo przecie\u017c bez nich dzia\u0142ania takich stowarzysze\u0144 jak PTTK nie by\u0142yby potrzebne.<\/p>\n<p><strong>Krzysztof T\u0119cza<\/strong><\/p>\n","protected":false},"excerpt":{"rendered":"Turystyka towarzyszy\u0142a ludziom od zawsze. Jednak form\u0119 zorganizowan\u0105, na terenie naszego kraju,\u00a0 przyj\u0119\u0142a w wieku XIX, kiedy to w roku 1873 utworzono Towarzystwo Tatrza\u0144skie. Zacz\u0119to wtedy wytycza\u0107 i znakowa\u0107 szlaki turystyczne, budowa\u0107 pierwsze schroniska wysokog\u00f3rskie, pisa\u0107 pierwsze przewodniki. W roku 1920 Towarzystwo Tatrza\u0144skie przemianowano na Polskie Towarzystwo Tatrza\u0144skie, a w roku 1906 powsta\u0142o Polskie Towarzystwo Krajoznawcze. Oba towarzystwa wsp\u00f3\u0142pracowa\u0142y z&nbsp;<a href=\"https:\/\/turysta2.pttk.pl\/?p=25916\" class=\"read-more\">Continue Reading<\/a>","protected":false},"author":4,"featured_media":25924,"comment_status":"closed","ping_status":"closed","sticky":false,"template":"","format":"standard","meta":{"footnotes":""},"categories":[79],"tags":[],"class_list":["post-25916","post","type-post","status-publish","format-standard","has-post-thumbnail","hentry","category-z-historii-towarzystwa","cat-79-id"],"aioseo_notices":[],"_links":{"self":[{"href":"https:\/\/turysta2.pttk.pl\/index.php?rest_route=\/wp\/v2\/posts\/25916","targetHints":{"allow":["GET"]}}],"collection":[{"href":"https:\/\/turysta2.pttk.pl\/index.php?rest_route=\/wp\/v2\/posts"}],"about":[{"href":"https:\/\/turysta2.pttk.pl\/index.php?rest_route=\/wp\/v2\/types\/post"}],"author":[{"embeddable":true,"href":"https:\/\/turysta2.pttk.pl\/index.php?rest_route=\/wp\/v2\/users\/4"}],"replies":[{"embeddable":true,"href":"https:\/\/turysta2.pttk.pl\/index.php?rest_route=%2Fwp%2Fv2%2Fcomments&post=25916"}],"version-history":[{"count":5,"href":"https:\/\/turysta2.pttk.pl\/index.php?rest_route=\/wp\/v2\/posts\/25916\/revisions"}],"predecessor-version":[{"id":26050,"href":"https:\/\/turysta2.pttk.pl\/index.php?rest_route=\/wp\/v2\/posts\/25916\/revisions\/26050"}],"wp:featuredmedia":[{"embeddable":true,"href":"https:\/\/turysta2.pttk.pl\/index.php?rest_route=\/wp\/v2\/media\/25924"}],"wp:attachment":[{"href":"https:\/\/turysta2.pttk.pl\/index.php?rest_route=%2Fwp%2Fv2%2Fmedia&parent=25916"}],"wp:term":[{"taxonomy":"category","embeddable":true,"href":"https:\/\/turysta2.pttk.pl\/index.php?rest_route=%2Fwp%2Fv2%2Fcategories&post=25916"},{"taxonomy":"post_tag","embeddable":true,"href":"https:\/\/turysta2.pttk.pl\/index.php?rest_route=%2Fwp%2Fv2%2Ftags&post=25916"}],"curies":[{"name":"wp","href":"https:\/\/api.w.org\/{rel}","templated":true}]}}