{"id":25872,"date":"2020-09-30T21:26:54","date_gmt":"2020-09-30T19:26:54","guid":{"rendered":"https:\/\/turysta2.pttk.pl\/?p=25872"},"modified":"2020-09-30T21:54:21","modified_gmt":"2020-09-30T19:54:21","slug":"tatry-i-zakopane-w-ilustracji-walerego-eljasza-radzikowskiego","status":"publish","type":"post","link":"https:\/\/turysta2.pttk.pl\/?p=25872","title":{"rendered":"Tatry i Zakopane w ilustracji Walerego Eljasza-Radzikowskiego"},"content":{"rendered":"<p><strong>Nareszcie ksi\u0105\u017cka na miar\u0119 zas\u0142ug Walerego Eljasza-Radzikowskiego w dziedzinie popularyzacji Tatr i Zakopanego. Dotychczas nie istnia\u0142a publikacja ukazuj\u0105ca w tak szerokim zakresie dokonania artysty. Wi\u0119kszo\u015b\u0107 po\u015bwi\u0119conych mu prac mia\u0142a charakter przyczynkarski. A przecie\u017c Walery Eljasz-Radzikowski to wybitny krajoznawca i autor sze\u015bciu wyda\u0144 najpopularniejszego w jego czasach przewodnika oraz p\u0142odny grafik i malarz oraz \u2013 o czym cz\u0119sto zapominano \u2013 fotograf. Mo\u017cna powiedzie\u0107, i\u017c egzystowa\u0142 na marginesie zainteresowa\u0144 tatrologicznych.<\/strong><\/p>\n<p><a href=\"https:\/\/turysta2.pttk.pl\/wp-content\/uploads\/2020\/09\/R.Kuty-okladka-jpg.jpg\"><img loading=\"lazy\" decoding=\"async\" class=\"alignnone size-medium wp-image-25873\" src=\"https:\/\/turysta2.pttk.pl\/wp-content\/uploads\/2020\/09\/R.Kuty-okladka-jpg-212x300.jpg\" alt=\"\" width=\"212\" height=\"300\" srcset=\"https:\/\/turysta2.pttk.pl\/wp-content\/uploads\/2020\/09\/R.Kuty-okladka-jpg-212x300.jpg 212w, https:\/\/turysta2.pttk.pl\/wp-content\/uploads\/2020\/09\/R.Kuty-okladka-jpg-724x1024.jpg 724w, https:\/\/turysta2.pttk.pl\/wp-content\/uploads\/2020\/09\/R.Kuty-okladka-jpg-768x1086.jpg 768w, https:\/\/turysta2.pttk.pl\/wp-content\/uploads\/2020\/09\/R.Kuty-okladka-jpg.jpg 960w\" sizes=\"auto, (max-width: 212px) 100vw, 212px\" \/><\/a><a href=\"https:\/\/turysta2.pttk.pl\/wp-content\/uploads\/2020\/09\/R.Kuty-Tatry-i-Zakopane-plakat-scaled.jpg\"><img loading=\"lazy\" decoding=\"async\" class=\"alignnone size-medium wp-image-25874\" src=\"https:\/\/turysta2.pttk.pl\/wp-content\/uploads\/2020\/09\/R.Kuty-Tatry-i-Zakopane-plakat-210x300.jpg\" alt=\"\" width=\"210\" height=\"300\" srcset=\"https:\/\/turysta2.pttk.pl\/wp-content\/uploads\/2020\/09\/R.Kuty-Tatry-i-Zakopane-plakat-210x300.jpg 210w, https:\/\/turysta2.pttk.pl\/wp-content\/uploads\/2020\/09\/R.Kuty-Tatry-i-Zakopane-plakat-717x1024.jpg 717w, https:\/\/turysta2.pttk.pl\/wp-content\/uploads\/2020\/09\/R.Kuty-Tatry-i-Zakopane-plakat-768x1098.jpg 768w, https:\/\/turysta2.pttk.pl\/wp-content\/uploads\/2020\/09\/R.Kuty-Tatry-i-Zakopane-plakat-1075x1536.jpg 1075w, https:\/\/turysta2.pttk.pl\/wp-content\/uploads\/2020\/09\/R.Kuty-Tatry-i-Zakopane-plakat-1433x2048.jpg 1433w, https:\/\/turysta2.pttk.pl\/wp-content\/uploads\/2020\/09\/R.Kuty-Tatry-i-Zakopane-plakat-scaled.jpg 1791w\" sizes=\"auto, (max-width: 210px) 100vw, 210px\" \/><\/a><\/p>\n<p>Chcesz kupi\u0107?... <strong>www.antykwariat-filar.pl\u00a0 Wydawnictwo, Ksi\u0119garnia, Antykwariat G\u00f3rski \"Filar\" Henryk R\u0105czka, ul. Alabastrowa 98, 25-753 KIELCE<br \/>\n<\/strong><\/p>\n<p>Autor niniejszego ksi\u0105\u017cki, Rados\u0142aw Kuty, po raz pierwszy podj\u0105\u0142 udan\u0105 pr\u00f3b\u0119 ca\u0142o\u015bciowego opracowania dokona\u0144 Eljasza w zakresie jego tw\u00f3rczo\u015bci ikonograficznej. Kilkuletnie, \u017cmudne, dociekliwe poszukiwania i badania zasob\u00f3w wszelkich \u017ar\u00f3de\u0142, a przede wszystkim archiw\u00f3w muzealnych i kolekcji prywatnych przynios\u0142y imponuj\u0105cy skutek ilo\u015bciowy i jako\u015bciowy. Przewa\u017caj\u0105c\u0105 cz\u0119\u015b\u0107 prac plastycznych i fotograficznych Eljasza czytelnik ma okazj\u0119 obejrze\u0107 po raz pierwszy.<\/p>\n<p>Dob\u00f3r i uk\u0142ad ilustracji pozwala prze\u015bledzi\u0107 proces tw\u00f3rczy artysty od szkicu, impresji akwarelowej zawartej w sztambuchach, do w pe\u0142ni rozwini\u0119tego malarstwa olejnego, akwaforty czy drzeworytu.<\/p>\n<p>Szczeg\u00f3lnie bogaty dzia\u0142 fotografii i dzia\u0142 drzeworyt\u00f3w czasopi\u015bmienniczych w realistyczny spos\u00f3b dokumentuje wizerunek Tatr i turystyki \u00f3wczesnej epoki, to jest drugiej po\u0142owy XIX wieku.<\/p>\n<p>Ksi\u0105\u017cka \u015bwietnie napisana i zilustrowana w pe\u0142ni zadowoli zar\u00f3wno pocz\u0105tkuj\u0105cych amator\u00f3w poznania dzia\u0142alno\u015bci Walerego Eljasza \u2013 Radzikowskiego i poprzez niego poznania historii tatrza\u0144skiej turystyki, jak i zaawansowanych znawc\u00f3w tematu, umo\u017cliwiaj\u0105c im pog\u0142\u0119bienie analityczne.<\/p>\n<p>Przejrzysta konstrukcja ksi\u0105\u017cki \u0142\u0105czy w sobie wszystkie cechy historycznej pracy naukowej z wymogami przyst\u0119pno\u015bci popularnonaukowej. Bogata bibliografia, liczne i szczeg\u00f3\u0142owe przypisy dope\u0142niaj\u0105 encyklopedycznego charakteru tej ksi\u0105\u017cki. Autor sprawnie wyr\u0119cza czytelnika z konieczno\u015bci odszukiwania dodatkowych informacji rozszerzaj\u0105cych.<\/p>\n<p>Wszystkim zainteresowanym tw\u00f3rczo\u015bci\u0105 Walerego Eljasza-Radzikowskiego oraz szeroko poj\u0119tym tematem sztuki i turystyki tatrza\u0144skiej gor\u0105co polecam ksi\u0105\u017ck\u0119 autorstwa Rados\u0142awa Kutego.<\/p>\n<p><em>Andrzej Petrykowski<\/em><\/p>\n<p><strong><em>O\u00a0 mnie <\/em><\/strong><\/p>\n<p><strong>Rados\u0142aw\u00a0 Kuty<\/strong> (1979); historyk, doktorant\u00a0\u00a0 w\u00a0 Instytucie\u00a0 Historii Uniwersytetu\u00a0 im. Jana\u00a0 Kochanowskiego\u00a0 w\u00a0 Kielcach, autor\u00a0 publikacji\u00a0 naukowych\u00a0 dotycz\u0105cych\u00a0 Tatr\u00a0 i\u00a0 Zakopanego\u00a0 oraz\u00a0 historii\u00a0 ziemia\u0144stwa\u00a0 polskiego. Zainteresowania\u00a0 badawcze: prasa\u00a0 polska 1864-1939\u00a0 ze\u00a0 szczeg\u00f3lnym\u00a0 uwzgl\u0119dnieniem\u00a0 tematyki\u00a0 tatrza\u0144skiej\u00a0 i\u00a0 zakopia\u0144skiej. Ikonografia\u00a0 i\u00a0 fotografia\u00a0 tego okresu. Przygotowuje\u00a0 prace: <em>Obraz\u00a0 Tatr\u00a0 i\u00a0 Zakopanego\u00a0 na\u00a0 \u0142amach\u00a0 prasy\u00a0 warszawskiej\u00a0 1860-1914 <\/em>(rozprawa\u00a0 doktorska)\u00a0 oraz\u00a0 <em>Tatry\u00a0 i\u00a0 Zakopane\u00a0 w\u00a0 reklamie. Od\u00a0 okresu\u00a0 autonomii\u00a0 galicyjskiej\u00a0 do\u00a0 1939 roku.<\/em><\/p>\n<p><em><strong>O\u00a0 wydawcy<\/strong><\/em><\/p>\n<p><strong>Antykwariat\u00a0 G\u00f3rski\u00a0 <em>Filar<\/em>\u00a0 w\u00a0 Kielcach<\/strong>: za\u0142o\u017cony\u00a0 w\u00a0 1986\u00a0 przez\u00a0 przewodnika\u00a0 tatrza\u0144skiego, bibliofila\u00a0 i\u00a0 kolekcjonera\u00a0 Henryka\u00a0 R\u0105czk\u0119, zaliczany\u00a0 przez\u00a0 znawc\u00f3w\u00a0 do\u00a0 najlepszych-a\u00a0 zarazem\u00a0 najlepiej\u00a0 zaopatrzonych-antykwariat\u00f3w\u00a0 w\u00a0 kraju. Poza\u00a0 sprzeda\u017c\u0105\u00a0 prowadzi\u00a0 dzia\u0142alno\u015b\u0107\u00a0 edytorsk\u0105, wsp\u00f3\u0142organizuje\u00a0 wystawy\u00a0 oraz\u00a0 udziela\u00a0 archiwalne, historyczne\u00a0 obiekty\u00a0 ikonograficzne\u00a0 r\u00f3\u017cnym\u00a0 wydawnictwom. Jest\u00a0 tak\u017ce\u00a0 wy\u0142\u0105cznym\u00a0 dystrybutorem\u00a0 wybranych\u00a0 pozycji\u00a0 literatury\u00a0 g\u00f3rskiej.<\/p>\n<p><em><strong>Patroni medialni<\/strong><\/em><\/p>\n<p>\u201eTaternik\u201d, \u201ePoznaj \u015awiat\u201d, Centralna\u00a0 Biblioteka PTTK\u00a0 w\u00a0 Warszawie, Biblioteka Uniwersytecka\u00a0 w\u00a0 Kielcach, Polskie Towarzystwo Tatrza\u0144skie, \u201eTygodnik Podhala\u0144ski\u201d, \u201eTowarzystwo Karpackie\u201d, Planeta\u00a0 G\u00f3r (portal spo\u0142eczno\u015bciowy)<\/p>\n<p><em><strong>Wykorzystane zbiory<\/strong><\/em><\/p>\n<p>O\u015brodka\u00a0 Dokumentacji\u00a0 Tatrza\u0144skiej\u00a0 Tatrza\u0144skiego\u00a0 Parku\u00a0 Narodowego\u00a0 im. Zofii\u00a0 Radwa\u0144skiej-Paryskiej\u00a0 i\u00a0 Witolda H. Paryskiego, Muzeum\u00a0 Tatrza\u0144skiego\u00a0 w\u00a0 Zakopanem, Muzeum\u00a0 Narodowego\u00a0 w\u00a0 Krakowie, Muzeum\u00a0 Etnograficznego\u00a0 im. Seweryna Udzieli w\u00a0 Krakowie, Muzeum\u00a0 Historycznego\u00a0 Miasta\u00a0 Krakowa, Biblioteki Jagiello\u0144skiej, Biblioteki\u00a0 G\u0142\u00f3wnej\u00a0 Uniwersytetu\u00a0 Ekonomicznego\u00a0 w\u00a0 Krakowie, Biblioteki\u00a0 Narodowej, Muzeum\u00a0 Okr\u0119gowego\u00a0 w\u00a0 Lesznie, Muzeum\u00a0 Ziemi\u00a0 Kujawskiej\u00a0 i\u00a0 Dobrzy\u0144skiej\u00a0 we\u00a0 W\u0142oc\u0142awku, Muzeum\u00a0 Miejskiego\u00a0 w\u00a0 Zabrzu, Muzeum\u00a0 J\u00f3zefa Ignacego\u00a0 Kraszewskiego\u00a0 w\u00a0 Romanowie, Mazowieckiej\u00a0 Biblioteki Cyfrowej, internetowej\u00a0 encyklopedii\u00a0 Wikipedia\u00a0 oraz\u00a0 kolekcje\u00a0 prywatne: Andrzeja Petrykowskiego, Henryka\u00a0 R\u0105czki, Wies\u0142awa\u00a0 Siarzewskiego, Paw\u0142a\u00a0 Witaszka<\/p>\n<p><em><strong>O ksi\u0105\u017cce<\/strong><\/em><\/p>\n<p>ponad\u00a0 500\u00a0 stronicowy\u00a0 album\u00a0 w\u00a0 formacie\u00a0 A4\u00a0 z\u00a0 tward\u0105\u00a0 opraw\u0105, \u0142\u0105cznie 589\u00a0 ilustracji (35\u00a0 w\u00a0 cz\u0119\u015bci\u00a0 wst\u0119pnej, 362\u00a0 w\u00a0 dziale\u00a0 ikonografii\u00a0 i\u00a0 192\u00a0 w\u00a0 dziale\u00a0 fotografii), ukazuj\u0105cy\u00a0 m.in.\u00a0 malarstwo\u00a0 olejne, akwarel\u0119, akwafort\u0119, prace\u00a0 z\u00a0 tzw. raptularzy\u00a0 tatrza\u0144skich, poczt\u00f3wk\u0119, ilustracj\u0119\u00a0 prasow\u0105\u00a0 i\u00a0 fotografi\u0119\u00a0 o\u00a0 szeroko\u00a0 rozumianej\u00a0 tematyce\u00a0 tatrza\u0144skiej\u00a0 i\u00a0 zakopia\u0144skiej; ponad\u00a0 100\u00a0 stronicowy\u00a0 tekst\u00a0 omawiaj\u0105cy\u00a0 \u017cycie\u00a0 i\u00a0\u00a0 tw\u00f3rczo\u015b\u0107\u00a0 Walerego\u00a0 Eljasza\u00a0 z\u00a0 szerokim\u00a0 wykorzystaniem\u00a0 \u017ar\u00f3de\u0142\u00a0 historycznych<\/p>\n<p><em><strong>Recenzenci<\/strong><\/em><\/p>\n<p>Wies\u0142aw\u00a0 Siarzewski, Zbigniew\u00a0 \u0141adygin, Andrzej Petrykowski<\/p>\n\n\t\t<style type=\"text\/css\">\n\t\t\t#gallery-1 {\n\t\t\t\tmargin: auto;\n\t\t\t}\n\t\t\t#gallery-1 .gallery-item {\n\t\t\t\tfloat: left;\n\t\t\t\tmargin-top: 10px;\n\t\t\t\ttext-align: center;\n\t\t\t\twidth: 33%;\n\t\t\t}\n\t\t\t#gallery-1 img {\n\t\t\t\tborder: 2px solid #cfcfcf;\n\t\t\t}\n\t\t\t#gallery-1 .gallery-caption {\n\t\t\t\tmargin-left: 0;\n\t\t\t}\n\t\t\t\/* see gallery_shortcode() in wp-includes\/media.php *\/\n\t\t<\/style>\n\t\t<div id='gallery-1' class='gallery galleryid-25872 gallery-columns-3 gallery-size-thumbnail'><dl class='gallery-item'>\n\t\t\t<dt class='gallery-icon portrait'>\n\t\t\t\t<a href='https:\/\/turysta2.pttk.pl\/?attachment_id=25873'><img loading=\"lazy\" decoding=\"async\" width=\"150\" height=\"150\" src=\"https:\/\/turysta2.pttk.pl\/wp-content\/uploads\/2020\/09\/R.Kuty-okladka-jpg-150x150.jpg\" class=\"attachment-thumbnail size-thumbnail\" alt=\"\" \/><\/a>\n\t\t\t<\/dt><\/dl><dl class='gallery-item'>\n\t\t\t<dt class='gallery-icon portrait'>\n\t\t\t\t<a href='https:\/\/turysta2.pttk.pl\/?attachment_id=25874'><img loading=\"lazy\" decoding=\"async\" width=\"150\" height=\"150\" src=\"https:\/\/turysta2.pttk.pl\/wp-content\/uploads\/2020\/09\/R.Kuty-Tatry-i-Zakopane-plakat-150x150.jpg\" class=\"attachment-thumbnail size-thumbnail\" alt=\"\" \/><\/a>\n\t\t\t<\/dt><\/dl>\n\t\t\t<br style='clear: both' \/>\n\t\t<\/div>\n\n","protected":false},"excerpt":{"rendered":"Nareszcie ksi\u0105\u017cka na miar\u0119 zas\u0142ug Walerego Eljasza-Radzikowskiego w dziedzinie popularyzacji Tatr i Zakopanego. Dotychczas nie istnia\u0142a publikacja ukazuj\u0105ca w tak szerokim zakresie dokonania artysty. Wi\u0119kszo\u015b\u0107 po\u015bwi\u0119conych mu prac mia\u0142a charakter przyczynkarski. A przecie\u017c Walery Eljasz-Radzikowski to wybitny krajoznawca i autor sze\u015bciu wyda\u0144 najpopularniejszego w jego czasach przewodnika oraz p\u0142odny grafik i malarz oraz \u2013 o czym cz\u0119sto zapominano \u2013 fotograf.&nbsp;<a href=\"https:\/\/turysta2.pttk.pl\/?p=25872\" class=\"read-more\">Continue Reading<\/a>","protected":false},"author":4,"featured_media":25873,"comment_status":"closed","ping_status":"closed","sticky":false,"template":"","format":"gallery","meta":{"footnotes":""},"categories":[86],"tags":[],"class_list":["post-25872","post","type-post","status-publish","format-gallery","has-post-thumbnail","hentry","category-biblioteczka-turystyczna","post_format-post-format-gallery","cat-86-id"],"aioseo_notices":[],"_links":{"self":[{"href":"https:\/\/turysta2.pttk.pl\/index.php?rest_route=\/wp\/v2\/posts\/25872","targetHints":{"allow":["GET"]}}],"collection":[{"href":"https:\/\/turysta2.pttk.pl\/index.php?rest_route=\/wp\/v2\/posts"}],"about":[{"href":"https:\/\/turysta2.pttk.pl\/index.php?rest_route=\/wp\/v2\/types\/post"}],"author":[{"embeddable":true,"href":"https:\/\/turysta2.pttk.pl\/index.php?rest_route=\/wp\/v2\/users\/4"}],"replies":[{"embeddable":true,"href":"https:\/\/turysta2.pttk.pl\/index.php?rest_route=%2Fwp%2Fv2%2Fcomments&post=25872"}],"version-history":[{"count":5,"href":"https:\/\/turysta2.pttk.pl\/index.php?rest_route=\/wp\/v2\/posts\/25872\/revisions"}],"predecessor-version":[{"id":25879,"href":"https:\/\/turysta2.pttk.pl\/index.php?rest_route=\/wp\/v2\/posts\/25872\/revisions\/25879"}],"wp:featuredmedia":[{"embeddable":true,"href":"https:\/\/turysta2.pttk.pl\/index.php?rest_route=\/wp\/v2\/media\/25873"}],"wp:attachment":[{"href":"https:\/\/turysta2.pttk.pl\/index.php?rest_route=%2Fwp%2Fv2%2Fmedia&parent=25872"}],"wp:term":[{"taxonomy":"category","embeddable":true,"href":"https:\/\/turysta2.pttk.pl\/index.php?rest_route=%2Fwp%2Fv2%2Fcategories&post=25872"},{"taxonomy":"post_tag","embeddable":true,"href":"https:\/\/turysta2.pttk.pl\/index.php?rest_route=%2Fwp%2Fv2%2Ftags&post=25872"}],"curies":[{"name":"wp","href":"https:\/\/api.w.org\/{rel}","templated":true}]}}