{"id":25869,"date":"2020-09-30T21:15:48","date_gmt":"2020-09-30T19:15:48","guid":{"rendered":"https:\/\/turysta2.pttk.pl\/?p=25869"},"modified":"2020-10-03T12:29:34","modified_gmt":"2020-10-03T10:29:34","slug":"mijajace-krajobrazy-polski-z-biegiem-wisly","status":"publish","type":"post","link":"https:\/\/turysta2.pttk.pl\/?p=25869","title":{"rendered":"Mijaj\u0105ce krajobrazy Polski. Z biegiem Wis\u0142y"},"content":{"rendered":"<p><strong>W serii wydawniczej \u201eMijaj\u0105ce krajobrazy Polski\u201d ukaza\u0142 si\u0119 kolejny tom zatytu\u0142owany \u201eZ biegiem Wis\u0142y\u201d zawieraj\u0105cy materia\u0142y trzech seminari\u00f3w organizowanych w ramach Roku Wis\u0142y w Krakowie, Warszawie i Gda\u0144sku. <em>Wis\u0142a p\u0142yn\u0105c \u201epo polskiej krainie\u201d jest symbolem naszej polsko\u015bci i to\u017csamo\u015bci, jest rzek\u0105 wszystkich ziem polskich, rzek\u0105 naszych dziej\u00f3w (\u2026) milcz\u0105cy \u015bwiadek \u017cycia pokole\u0144, ich rodzenia si\u0119 i umierania. Ich tw\u00f3rczych wysi\u0142k\u00f3w zwi\u0105zanych z gruntowaniem wszystkiego, co Polsk\u0119 stanowi. Ich zmaga\u0144, czasem zmaga\u0144 na \u015bmier\u0107 i \u017cycie, a\u017ceby utrzyma\u0107 i zabezpieczy\u0107 to, co ojczyste, co jest wsp\u00f3lnym dorobkiem i wsp\u00f3lnym dziedzictwem<\/em> \u2013 tak powiedzia\u0142 o Wi\u015ble papie\u017c Jan Pawe\u0142 II, w Gdyni, 11 czerwca 1987 r.<\/strong><\/p>\n<p>Wis\u0142a jest najd\u0142u\u017csz\u0105 rzek\u0105 Polski (1047 km) i zarazem najd\u0142u\u017csz\u0105 rzek\u0105 w zlewisku Morza Ba\u0142tyckiego. Dolina Wis\u0142y przebiega przez r\u00f3\u017cne kompleksy le\u015bne, obszary chronione \u2013 rezerwaty i Natura 2000. Nad Wis\u0142\u0105 s\u0105 po\u0142o\u017cone zabytkowe zespo\u0142y miejskie, zamki oraz cenne obiekty sakralne. Znamienne jest, i\u017c narodowy znak Rod\u0142a podkre\u015blaj\u0105cy to\u017csamo\u015b\u0107 Polak\u00f3w u\u017cywany przez Zwi\u0105zek Polak\u00f3w w Niemczech od 1932 r., nawi\u0105zuje do biegu Wis\u0142y z zaznaczonym Krakowem jako kolebk\u0105 kultury polskiej.<\/p>\n<p>Rok 2017 uchwa\u0142\u0105 Sejmu RP z dnia 22 czerwca 2016 r. zosta\u0142 ustanowiony Rokiem Wis\u0142y. Idea obchod\u00f3w zosta\u0142a zainicjowana przez Spo\u0142eczny Komitet Obchod\u00f3w Roku Rzeki Wis\u0142y i zyska\u0142a poparcie szeregu instytucji i samorz\u0105d\u00f3w. W zwi\u0105zku z tym, na terenie ca\u0142ego kraju podejmowano szereg r\u00f3\u017cnych inicjatyw dla uczczenia tego roku.<\/p>\n<p>Komisja Krajoznawcza ZG PTTK wraz z kilkoma Oddzia\u0142ami PTTK i Centralnym O\u015brodkiem Turystyki G\u00f3rskiej PTTK w Krakowie, w\u0142\u0105czaj\u0105c si\u0119 do obchod\u00f3w Roku Wis\u0142y przygotowa\u0142a w 2017 r. trzy spotkania \u2013 w Krakowie, Warszawie i Gda\u0144sku pod wsp\u00f3lnym has\u0142em <em>Z biegiem Wis\u0142y, <\/em>kt\u00f3re nawi\u0105zywa\u0142y do organizowanych od 2010\u00a0r. seminari\u00f3w z cyklu<em> Mijaj\u0105ce krajobrazy Polski<\/em> (Tabela 1). Wyb\u00f3r ww. miejsc na organizacj\u0119 seminari\u00f3w mo\u017ce w zasadzie odpowiada\u0107 podzia\u0142owi biegu Wis\u0142y na trzy cz\u0119\u015bci:<\/p>\n<p>\u2013 bieg g\u00f3rny \u2013 od \u017ar\u00f3de\u0142 do Zawichostu (poni\u017cej uj\u015bcia Sanu),<\/p>\n<p>\u2013 bieg \u015brodkowy \u2013 od Zawichostu do uj\u015bcia Narwi (operacyjnie cz\u0119sto przyjmuje si\u0119 do stopnia wodnego W\u0142oc\u0142awek),<\/p>\n<p>\u2013 bieg dolny \u2013 od uj\u015bcia Narwi (lub od stopnia wodnego W\u0142oc\u0142awek) do uj\u015bcia.<\/p>\n<p>Celem spotka\u0144 by\u0142o przedstawienie zr\u00f3\u017cnicowania krajobrazu doliny Wis\u0142y od \u017ar\u00f3de\u0142 do jej uj\u015bcia z uwzgl\u0119dnieniem problem\u00f3w jego ochrony. \u0141\u0105cznie wyg\u0142oszono 28 referat\u00f3w dla prawie 200 uczestnik\u00f3w. W ramach seminarium w Gda\u0144sku odby\u0142a si\u0119 tak\u017ce sesja terenowa w rejonie uj\u015bciowego odcinka Wis\u0142y.<\/p>\n<p>W tomie wydanym w 2020 r. znajduje si\u0119 14 autorskich tekst\u00f3w spo\u015br\u00f3d wyg\u0142oszonych referat\u00f3w oraz pi\u0119\u0107 tekst\u00f3w XIX-wiecznych autor\u00f3w (ma\u0142a antologia), kt\u00f3re ilustruj\u0105 warty odnotowania \u2013 \u00f3wczesny punkt widzenia problem\u00f3w Wis\u0142y, jej przyrody, funkcji, znaczenia krajobrazowego i warunk\u00f3w \u017cycia \u00f3wczesnych spo\u0142eczno\u015bci. Zamieszczono\u00a0 tak\u017ce dwa wsp\u00f3\u0142czesne literackie zapisy o Wi\u015ble: Marii Marandy z \u0141odzi \u2013 honorowego cz\u0142onka PTTK oraz krakowskiego pie\u015bniarza i poety Leszka D\u0142ugosza.<\/p>\n<p>Tom ten zosta\u0142 po\u015bwi\u0119cony pami\u0119ci niedawno zmar\u0142ego Profesora Wojciecha Kosi\u0144skiego (1943\u20132020), kt\u00f3ry na seminarium w Krakowie w 2017 r. przedstawi\u0142 referat pt.: <em>Wis\u0142a od \u017ar\u00f3de\u0142 do uj\u015bcia. Spojrzenie architekta krajobrazu na dolin\u0119 rzeki<\/em>. Niestety, przedwczesna \u015bmier\u0107 nie pozwoli\u0142a Mu na przygotowanie tekstu do druku. Zamieszczony na ko\u0144cu tomu \u201eAlbum\u201d m\u00f3g\u0142by stanowi\u0107 t\u0142o do bardzo interesuj\u0105cego referatu, wyg\u0142oszonego przez Profesora z wielk\u0105 erudycj\u0105 i z wyj\u0105tkow\u0105 swad\u0105.<\/p>\n<p>Profesor Wojciech Kosi\u0144ski by\u0142 aktywnym uczestnikiem naszych seminari\u00f3w, got\u00f3w do wsp\u00f3\u0142pracy z krajoznawcami, dostrzega\u0142 pi\u0119kno krajobrazu i wyczuwa\u0142 jego zagro\u017cenia. Udowadnia\u0142 to w wyg\u0142aszanych referatach, a tak\u017ce w publikacjach pisanych pi\u0119kn\u0105 polszczyzn\u0105. Bardzo liczyli\u015bmy na udzia\u0142 Profesora w planowanym VII Kongresie Krajoznawstwa Polskiego z referatem pod roboczym tytu\u0142em <em>Idea krajobrazu i pi\u0119kna<\/em>.<\/p>\n<p>Niniejsza publikacja nawi\u0105zuje do rocznika \u201eZiemia\u201d\u00a0 wydanego w 2018 r. pod redakcj\u0105 Andrzeja Gordona i El\u017cbiety Matusiak-Gordon, zawieraj\u0105cego teksty kilkunastu autor\u00f3w przygotowane w ramach Roku Wis\u0142y. Mamy nadziej\u0119, \u017ce drukowane w tym tomie materia\u0142y uka\u017c\u0105 czytelnikom wybrane aspekty krajobrazu, jego walory przyrodnicze i kulturowe oraz zwr\u00f3c\u0105 uwag\u0119 na konieczno\u015b\u0107 ochrony element\u00f3w krajobrazu, dostrzeganych po obydwu brzegach \u2013 \u201ekr\u00f3lowej\u201d polskich rzek.<\/p>\n<p>Dotychczas w serii \u201eMijaj\u0105ce krajobrazy Polski\u201d dotychczas ukaza\u0142y si\u0119 nast\u0119puj\u0105ce tytu\u0142y:<\/p>\n<p><em>Ma\u0142opolska, <\/em>red. J\u00f3zef Partyka, wyd. Centralny O\u015brodek Turystyki G\u00f3rskiej PTTK, Krak\u00f3w 2011.<\/p>\n<p><em>Mazowsze Otwock 1916\u20132011, <\/em>red. Pawe\u0142 Ajdacki, wyd. PTTK O\/Otwock, Otwock 2011.<\/p>\n<p><em>Eseje o Krakowie, <\/em>red. J\u00f3zef Partyka, wyd. Centralny O\u015brodek Turystyki G\u00f3rskiej PTTK, Krak\u00f3w 2012.<\/p>\n<p><em>Dolny \u015al\u0105sk. Krajobraz dolno\u015bl\u0105ski kalejdoskopem jest\u2026, <\/em>red. Krzysztof R. Mazurski, Wyd. Proksenia, Krak\u00f3w 2012.<\/p>\n<p><em>Ziemia Jeleniog\u00f3rska, <\/em>red. Krzysztof T\u0119cza<em>, <\/em>wyd. Oddzia\u0142 PTTK \u201eSudety Zachodnie\u201d, Jelenia G\u00f3ra 2013.<\/p>\n<p><em>Luba\u0144, <\/em>red. Krzysztof T\u0119cza, wyd. Oddzia\u0142 PTTK \u201eSudety Zachodnie\u201d, Jelenia G\u00f3ra 2014.<\/p>\n<p><em>Bia\u0142ystok, <\/em>red. Katarzyna Pierwienis-Laskowska, wyd. Regionalny Oddzia\u0142 PTTK<br \/>\nw Bia\u0142ymstoku, Bia\u0142ystok 2015.<\/p>\n<p><em>\u015awi\u0119tokrzyskie, <\/em>red. Andrzej Rembalski, wyd. Wszechnica \u015awi\u0119tokrzyska, Kielce 2015<em>.<\/em><\/p>\n<p><em>Polesie dawniej i dzi\u015b, <\/em>red. Wojciech Kowalski, wyd. Zarz\u0105d i Komisja Krajoznawcza Oddzia\u0142u Miejskiego PTTK im. Aleksandra Janowskiego w Lublinie, Lublin 2015.<\/p>\n<p><em>Ziemia Jeleniog\u00f3rska, <\/em>red. Krzysztof T\u0119cza, wyd. Zwi\u0105zek Gmin Karkonoskich, Pa\u0142ac Bukowiec, 2017.<\/p>\n<p><em>Ziemia Elbl\u0105ska wczoraj i dzi\u015b, <\/em>red. Dominika Ka\u0142abun, wyd. Oddzia\u0142 PTTK Ziemi Elbl\u0105skiej, Regionalna Pracownia Krajoznawcza PTTK w Elbl\u0105gu, Elbl\u0105g 2019.<\/p>\n<p><em>Z biegiem Wis\u0142y, <\/em>red. J\u00f3zef Partyka, wyd. Komisja Krajoznawcza Zarz\u0105du G\u0142\u00f3wnego PTTK, Warszawa 2020<em>.<\/em><\/p>\n<p>Ponadto w Wydawnictwie Uniwersytetu Rzeszowskiego, w serii<em> Galicyjskie Drogi<br \/>\ni Bezdro\u017ca. III. Studium infrastruktury, organizacji i kultury podr\u00f3\u017cowania, <\/em>red. Sabina Rejman, Rzesz\u00f3w 2018, opublikowano teksty o\u015bmiu referat\u00f3w, kt\u00f3re wyg\u0142oszono na konferencji naukowej<em> Mijaj\u0105ce krajobrazy Polski. Zmiany przestrzeni kulturowej i system\u00f3w komunikacji w czasach nowo\u017cytnych i wsp\u00f3\u0142czesnych, <\/em>zorganizowanej w dniach 6\u20137 listopada 2017 r. przez Instytut Historii UR z udzia\u0142em Oddzia\u0142u PTTK w Rzeszowie<em>.\u00a0\u00a0\u00a0 <\/em><\/p>\n<p>Zach\u0119camy krajoznawc\u00f3w i przewodnik\u00f3w, w tym regionalne pracownie i komisje krajoznawcze Oddzia\u0142\u00f3w PTTK do organizowania seminari\u00f3w z cyklu \u201eMijaj\u0105ce krajobrazy Polski\u201d i przygotowywania materia\u0142\u00f3w do kolejnych tom\u00f3w w ramach tej serii wydawniczej.<\/p>\n<p>J\u00f3zef Partyka<\/p>\n","protected":false},"excerpt":{"rendered":"W serii wydawniczej \u201eMijaj\u0105ce krajobrazy Polski\u201d ukaza\u0142 si\u0119 kolejny tom zatytu\u0142owany \u201eZ biegiem Wis\u0142y\u201d zawieraj\u0105cy materia\u0142y trzech seminari\u00f3w organizowanych w ramach Roku Wis\u0142y w Krakowie, Warszawie i Gda\u0144sku. Wis\u0142a p\u0142yn\u0105c \u201epo polskiej krainie\u201d jest symbolem naszej polsko\u015bci i to\u017csamo\u015bci, jest rzek\u0105 wszystkich ziem polskich, rzek\u0105 naszych dziej\u00f3w (\u2026) milcz\u0105cy \u015bwiadek \u017cycia pokole\u0144, ich rodzenia si\u0119 i umierania. Ich tw\u00f3rczych wysi\u0142k\u00f3w&nbsp;<a href=\"https:\/\/turysta2.pttk.pl\/?p=25869\" class=\"read-more\">Continue Reading<\/a>","protected":false},"author":4,"featured_media":25870,"comment_status":"closed","ping_status":"closed","sticky":false,"template":"","format":"standard","meta":{"footnotes":""},"categories":[86],"tags":[],"class_list":["post-25869","post","type-post","status-publish","format-standard","has-post-thumbnail","hentry","category-biblioteczka-turystyczna","cat-86-id"],"aioseo_notices":[],"_links":{"self":[{"href":"https:\/\/turysta2.pttk.pl\/index.php?rest_route=\/wp\/v2\/posts\/25869","targetHints":{"allow":["GET"]}}],"collection":[{"href":"https:\/\/turysta2.pttk.pl\/index.php?rest_route=\/wp\/v2\/posts"}],"about":[{"href":"https:\/\/turysta2.pttk.pl\/index.php?rest_route=\/wp\/v2\/types\/post"}],"author":[{"embeddable":true,"href":"https:\/\/turysta2.pttk.pl\/index.php?rest_route=\/wp\/v2\/users\/4"}],"replies":[{"embeddable":true,"href":"https:\/\/turysta2.pttk.pl\/index.php?rest_route=%2Fwp%2Fv2%2Fcomments&post=25869"}],"version-history":[{"count":3,"href":"https:\/\/turysta2.pttk.pl\/index.php?rest_route=\/wp\/v2\/posts\/25869\/revisions"}],"predecessor-version":[{"id":25890,"href":"https:\/\/turysta2.pttk.pl\/index.php?rest_route=\/wp\/v2\/posts\/25869\/revisions\/25890"}],"wp:featuredmedia":[{"embeddable":true,"href":"https:\/\/turysta2.pttk.pl\/index.php?rest_route=\/wp\/v2\/media\/25870"}],"wp:attachment":[{"href":"https:\/\/turysta2.pttk.pl\/index.php?rest_route=%2Fwp%2Fv2%2Fmedia&parent=25869"}],"wp:term":[{"taxonomy":"category","embeddable":true,"href":"https:\/\/turysta2.pttk.pl\/index.php?rest_route=%2Fwp%2Fv2%2Fcategories&post=25869"},{"taxonomy":"post_tag","embeddable":true,"href":"https:\/\/turysta2.pttk.pl\/index.php?rest_route=%2Fwp%2Fv2%2Ftags&post=25869"}],"curies":[{"name":"wp","href":"https:\/\/api.w.org\/{rel}","templated":true}]}}