{"id":25863,"date":"2020-09-30T19:58:34","date_gmt":"2020-09-30T17:58:34","guid":{"rendered":"https:\/\/turysta2.pttk.pl\/?p=25863"},"modified":"2021-12-16T19:41:34","modified_gmt":"2021-12-16T17:41:34","slug":"pomnik-ufo","status":"publish","type":"post","link":"https:\/\/turysta2.pttk.pl\/?p=25863","title":{"rendered":"Pomnik UFO!"},"content":{"rendered":"<p><strong>W Polsce mamy pomnik UFO, kt\u00f3ry odwiedza wielu turyst\u00f3w. Co sta\u0142o si\u0119 w Emilcinie?<\/strong><\/p>\n<p>Tak zwane \u201ezdarzenie w Emilcinie\u201d jest bezpo\u015brednio zwi\u0105zane z osob\u0105 Jana Wolskiego (ur. 29 maja 1907, zm. 8 stycznia 1990), prostego rolnika z wykszta\u0142ceniem podstawowym.<\/p>\n<p>Wracaj\u0105c do domu wozem konnym przez las 10 maja 1978 roku, ujrza\u0142 na drodze dwie dziwne postacie. Istoty by\u0142y niewysokie (1,4\u20131,45 m wzrostu), mia\u0142y oliwkowozielone twarze, sko\u015bne oczy i wystaj\u0105ce ko\u015bci policzkowe. Ich cia\u0142a pokrywa\u0142 czarny kombinezon, ods\u0142aniaj\u0105cy tylko twarze i d\u0142onie. Na karku mieli swego rodzaju wybrzuszenia przypominaj\u0105ce garby, za\u015b ich palce po\u0142\u0105czone by\u0142y b\u0142on\u0105 p\u0142awn\u0105.<\/p>\n<p>Istoty wskoczy\u0142y na w\u00f3z Wolskiego, jednak ten kontynuowa\u0142 jazd\u0119, nie widz\u0105c w tym zachowaniu nic nietypowego, poniewa\u017c takie zachowanie by\u0142o zwyczajowe dla mieszka\u0144c\u00f3w tych okolic. Zdziwi\u0142a go jedynie \u201emowa\u201d pasa\u017cer\u00f3w i nieproporcjonalnie du\u017ce obci\u0105\u017cenie wozu. Wkr\u00f3tce potem znale\u017ali si\u0119 oni na polanie, gdzie Wolski ujrza\u0142 l\u015bni\u0105cy pojazd wielko\u015bci po\u0142owy autobusu, unosz\u0105cy si\u0119 ok. 5 m nad ziemi\u0105, ku kt\u00f3rej spuszczona by\u0142a swego rodzaju winda. Istoty poprosi\u0142y Wolskiego o zej\u015bcie z wozu, po czym stan\u0105\u0142 on na windzie, kt\u00f3ra unios\u0142a go do \u015brodka.<\/p>\n<p>Obiekt posiada\u0142 w rogach co\u015b w rodzaju \u015bwidr\u00f3w i dochodzi\u0142 z niego niski d\u017awi\u0119k. Wkr\u00f3tce potem Wolski znalaz\u0142 si\u0119 w poje\u017adzie, gdzie czeka\u0142y na niego dwie podobne istoty. Wn\u0119trze by\u0142o ubogie i ciemne. Wolski zauwa\u017cy\u0142, \u017ce znajdowa\u0142y si\u0119 tam swego rodzaju \u0142awki. Z innych rzeczy dostrzeg\u0142 on m.in. le\u017c\u0105ce na pod\u0142odze ptaki przypominaj\u0105ce kruki lub\u00a0 gawrony.<\/p>\n<p>Jaki\u015b czas potem otrzyma\u0142 polecenie, aby si\u0119 rozebra\u0107, za\u015b jedna z istot (kt\u00f3re w liczbie 4 znajdowa\u0142y si\u0119 na pok\u0142adzie statku) wykona\u0142a swego rodzaju badania przy pomocy urz\u0105dzenia maj\u0105cego przypomina\u0107 rolnikowi z\u0142\u0105czone talerzyki. Po wykonaniu badania Wolski ubra\u0142 si\u0119. Istoty mia\u0142y tak\u017ce stara\u0107 si\u0119 pocz\u0119stowa\u0107 go jedzeniem w formie sopla, jednak on odm\u00f3wi\u0142. W og\u00f3le istoty przez ca\u0142y czas by\u0142y dla niego, jak sam okre\u015bli\u0142, uprzejme. Nast\u0119pnie otrzyma\u0142 on polecenie wyj\u015bcia z pojazdu i gdy wychodzi\u0142 na wind\u0119, stan\u0105\u0142 i uk\u0142oni\u0142 si\u0119, m\u00f3wi\u0105c istotom: <i>Do widzenia<\/i>. Wszystkie rzekomo uk\u0142oni\u0142y si\u0119.<\/p>\n<p>Istoty mia\u0142y wed\u0142ug Wolskiego pos\u0142ugiwa\u0107 si\u0119 dziwnym j\u0119zykiem, kt\u00f3rego nie potrafi\u0142 opisa\u0107. Sam okre\u015bli\u0142, \u017ce ich s\u0142owa pada\u0142y <i>drobniutko a g\u0119sto<\/i>.<\/p>\n<p>Wkr\u00f3tce Wolski uda\u0142 si\u0119 do domu, gdzie opowiedzia\u0142 o tym swej \u017conie, a nast\u0119pnie synom, kt\u00f3rzy wraz z s\u0105siadami udali si\u0119 na polan\u0119. Obiektu tam nie by\u0142o, jednak na miejscu znaleziono \u015blady mog\u0105ce \u015bwiadczy\u0107 o odwiedzinach istot.<\/p>\n<p>Histori\u0105 Wolskiego zaj\u0105\u0142 si\u0119 wkr\u00f3tce \u0142odzianin, Zbigniew Blania-Bolnar. Sam Wolski mia\u0142 narzeka\u0107 na popularno\u015b\u0107, jakiej przysporzy\u0142a mu jego przygoda, kt\u00f3ra jednocze\u015bnie sta\u0142a si\u0119 przyczyn\u0105 kwestionowania jego wiarygodno\u015bci.<\/p>\n<p>Obiekt mieli rzekomo widzie\u0107 inni mieszka\u0144cy, w tym ch\u0142opiec z Emilcina, Adam Popio\u0142ek, kt\u00f3ry zaalarmowa\u0142 sw\u0105 matk\u0119 o <i>spadaj\u0105cym samolocie<\/i>. Innym \u015bwiadkiem mia\u0142 by\u0107 te\u017c Henryk Marciniak, kt\u00f3ry spotka\u0142 si\u0119 z bardzo podobnym obiektem i istotami w Wielkopolsce<sup id=\"cite_ref-1\" class=\"reference\"><a href=\"https:\/\/pl.wikipedia.org\/wiki\/UFO_w_Emilcinie#cite_note-1\">[1]<\/a><\/sup>.<\/p>\n<p>Zdarzenie to zosta\u0142o szczeg\u00f3\u0142owo zbadane i opisane.<\/p>\n<dl>\n<dt>Jak wygl\u0105da\u0142y badania?<\/dt>\n<\/dl>\n<ol>\n<li>Rozmowy i wywiady z badanym oraz najbli\u017csz\u0105 rodzin\u0105<\/li>\n<li>Rozmowy i wywiady z mieszka\u0144cami wsi oraz okolic, a zw\u0142aszcza z drugim relacjonuj\u0105cym i jego rodzicami<\/li>\n<li>Obserwacja badanego i jego najbli\u017cszej rodziny<\/li>\n<li>Przeprowadzenie testu Apercepcji Tematycznej<\/li>\n<li>Zbadanie domniemanego \u015bwiadka za pomoc\u0105 <a title=\"Test inteligencji WAIS\" href=\"https:\/\/pl.wikipedia.org\/wiki\/Test_inteligencji_WAIS\">Skali Inteligencji dla Doros\u0142ych Wechslera<\/a><\/li>\n<li>Przeprowadzenie <a title=\"Tablice Ishihary\" href=\"https:\/\/pl.wikipedia.org\/wiki\/Tablice_Ishihary\">Testu \u015alepoty Barw<\/a><\/li>\n<li>Przeprowadzenie pomiar\u00f3w psychogalwanometrycznych<\/li>\n<li>Wykonanie szeregu eksperyment\u00f3w klinicznych<\/li>\n<li>Badanie psychiatryczne<\/li>\n<li>Badanie neurologiczne<\/li>\n<li>Badanie okulistyczne<\/li>\n<li>Badanie laryngologiczne s\u0142uchu<\/li>\n<li>Ogl\u0119dziny botaniczne drzew i ro\u015blinno\u015bci, w pobli\u017cu kt\u00f3rych, wed\u0142ug relacji, unosi\u0142 si\u0119 obiekt<\/li>\n<\/ol>\n<dl>\n<dt>Czynno\u015bci dochodzeniowe<\/dt>\n<\/dl>\n<ol>\n<li>Ustalenie ewentualnych \u017ar\u00f3de\u0142 ufologicznych informacji g\u0142\u00f3wnego badanego<\/li>\n<li>Sprawdzenie hipotezy \u017cartu pracownik\u00f3w SKR w Skokowie zajmuj\u0105cych si\u0119 opryskami chwastob\u00f3jczymi<\/li>\n<li>Sprawdzenie hipotezy o wyl\u0105dowaniu \u015bmig\u0142owca<\/li>\n<li>Inne \u2013 dotycz\u0105ce wielu r\u00f3\u017cnych spraw wy\u0142aniaj\u0105cych si\u0119 w toku post\u0119powania<\/li>\n<\/ol>\n<p>Dominika Szymborska<\/p>\n","protected":false},"excerpt":{"rendered":"W Polsce mamy pomnik UFO, kt\u00f3ry odwiedza wielu turyst\u00f3w. Co sta\u0142o si\u0119 w Emilcinie? Tak zwane \u201ezdarzenie w Emilcinie\u201d jest bezpo\u015brednio zwi\u0105zane z osob\u0105 Jana Wolskiego (ur. 29 maja 1907, zm. 8 stycznia 1990), prostego rolnika z wykszta\u0142ceniem podstawowym. Wracaj\u0105c do domu wozem konnym przez las 10 maja 1978 roku, ujrza\u0142 na drodze dwie dziwne postacie. Istoty by\u0142y niewysokie (1,4\u20131,45&nbsp;<a href=\"https:\/\/turysta2.pttk.pl\/?p=25863\" class=\"read-more\">Continue Reading<\/a>","protected":false},"author":5,"featured_media":25864,"comment_status":"closed","ping_status":"closed","sticky":false,"template":"","format":"standard","meta":{"footnotes":""},"categories":[1],"tags":[],"class_list":["post-25863","post","type-post","status-publish","format-standard","has-post-thumbnail","hentry","category-bez-kategorii","cat-1-id"],"aioseo_notices":[],"_links":{"self":[{"href":"https:\/\/turysta2.pttk.pl\/index.php?rest_route=\/wp\/v2\/posts\/25863","targetHints":{"allow":["GET"]}}],"collection":[{"href":"https:\/\/turysta2.pttk.pl\/index.php?rest_route=\/wp\/v2\/posts"}],"about":[{"href":"https:\/\/turysta2.pttk.pl\/index.php?rest_route=\/wp\/v2\/types\/post"}],"author":[{"embeddable":true,"href":"https:\/\/turysta2.pttk.pl\/index.php?rest_route=\/wp\/v2\/users\/5"}],"replies":[{"embeddable":true,"href":"https:\/\/turysta2.pttk.pl\/index.php?rest_route=%2Fwp%2Fv2%2Fcomments&post=25863"}],"version-history":[{"count":3,"href":"https:\/\/turysta2.pttk.pl\/index.php?rest_route=\/wp\/v2\/posts\/25863\/revisions"}],"predecessor-version":[{"id":26016,"href":"https:\/\/turysta2.pttk.pl\/index.php?rest_route=\/wp\/v2\/posts\/25863\/revisions\/26016"}],"wp:featuredmedia":[{"embeddable":true,"href":"https:\/\/turysta2.pttk.pl\/index.php?rest_route=\/wp\/v2\/media\/25864"}],"wp:attachment":[{"href":"https:\/\/turysta2.pttk.pl\/index.php?rest_route=%2Fwp%2Fv2%2Fmedia&parent=25863"}],"wp:term":[{"taxonomy":"category","embeddable":true,"href":"https:\/\/turysta2.pttk.pl\/index.php?rest_route=%2Fwp%2Fv2%2Fcategories&post=25863"},{"taxonomy":"post_tag","embeddable":true,"href":"https:\/\/turysta2.pttk.pl\/index.php?rest_route=%2Fwp%2Fv2%2Ftags&post=25863"}],"curies":[{"name":"wp","href":"https:\/\/api.w.org\/{rel}","templated":true}]}}