{"id":25846,"date":"2020-09-30T19:24:14","date_gmt":"2020-09-30T17:24:14","guid":{"rendered":"https:\/\/turysta2.pttk.pl\/?p=25846"},"modified":"2021-12-16T19:42:10","modified_gmt":"2021-12-16T17:42:10","slug":"25846-2","status":"publish","type":"post","link":"https:\/\/turysta2.pttk.pl\/?p=25846","title":{"rendered":"Muzeum Wsi Kieleckiej &#8211; skansen w Tokarni"},"content":{"rendered":"<ul id=\"skipLinks\"><\/ul>\n<div class=\"body-wrapper\">\n<div class=\"body-innerwrapper\">\n<section id=\"sp-page-title\">\n<div class=\"row\">\n<div id=\"sp-title\" class=\"col-xs-12 col-sm-12 col-md-12\">\n<div class=\"sp-column \">\n<div class=\"sp-module sm_flaga_ue\">\n<div class=\"sp-module-content\">\n<div class=\"mod-sppagebuilder sm_flaga_ue sp-page-builder\" data-module_id=\"166\">\n<div class=\"page-content\">\n<div id=\"section-id-1507544708313\" class=\"sppb-section \">\n<div class=\"sppb-container-inner\">\n<div class=\"sppb-row\">\n<div id=\"column-wrap-id-1507544708314\" class=\"sppb-col-md-12\">\n<div id=\"column-id-1507544708314\" class=\"sppb-column\">\n<div class=\"sppb-column-addons\">\n<div id=\"sppb-addon-1507544827204\" class=\"clearfix\">\n<div class=\"sppb-addon sppb-addon-social-media social-icons-footer\">\n<div class=\"social-media-text-wrap\"><\/div>\n<\/div>\n<\/div>\n<div id=\"sppb-addon-1574932580204\" class=\"clearfix\">\n<div class=\"sppb-addon sppb-addon-module \">\n<div class=\"sppb-addon-content\">\n<div class=\"custom\"><\/div>\n<\/div>\n<\/div>\n<\/div>\n<\/div>\n<\/div>\n<\/div>\n<\/div>\n<\/div>\n<\/div>\n<\/div>\n<\/div>\n<\/div>\n<\/div>\n<\/div>\n<\/div>\n<\/div>\n<\/section>\n<section id=\"sp-main-body\" class=\"component_area\">\n<div class=\"container\">\n<div class=\"row\">\n<div id=\"sp-component\" class=\"col-sm-9 col-md-9\">\n<div class=\"sp-column mr-4\">\n<div class=\"blog\">\n<div class=\"page-header\">\n<p class=\"itemIntroText\"><strong>W Polsce mamy kilka znacz\u0105cych skansen\u00f3w. Powo\u0142ane do \u017cycia w 1976 roku Muzeum Wsi Kieleckiej \u2013 Park Etnograficzny nale\u017cy z pewno\u015bci\u0105 do tych najwi\u0119kszych i najbardziej znanych plac\u00f3wek. Urzeka liczb\u0105 zabytkowych obiekt\u00f3w i ekspozycjami wyposa\u017cenia wn\u0119trz.<br \/>\n<\/strong><\/p>\n<p>Park Etnograficzny - Skansen w Tokarni mie\u015bci si\u0119 przy trasie Kielce-Krak\u00f3w (8 km za Ch\u0119cinami w kierunku Krakowa).<\/p>\n<\/div>\n<\/div>\n<\/div>\n<\/div>\n<\/div>\n<\/div>\n<\/section>\n<\/div>\n<\/div>\n<p>Muzeum\u00a0 jest realizacj\u0105 za\u0142o\u017ce\u0144 naukowych etnografa i znawcy tradycyjnej kultury ludowej profesora Romana Reinfussa. Jego zamierzeniem by\u0142o odtworzenie typowego uk\u0142adu osadniczego wiosek z r\u00f3\u017cnych subregion\u00f3w Kielecczyzny: G\u00f3r \u015awi\u0119tokrzyskich, Wy\u017cyny Krakowsko-Cz\u0119stochowskiej, Wy\u017cyny Sandomierskiej i Niecki Nidzia\u0144skiej.<\/p>\n<p>Od pocz\u0105tku istnienia skansenu, jego zadaniem by\u0142o gromadzenie, naukowe opracowanie i ochrona najcenniejszych zabytk\u00f3w architektury drewnianej z teren\u00f3w Kielecczyzny. Skansen liczy 65 ha, z czego 20 ha to lasy. W Parku Etnograficznym znajduj\u0105 si\u0119 sta\u0142e ekspozycje budownictwa wiejskiego, ma\u0142omiasteczkowego i dworskiego.<\/p>\n<p>Plan zabudowy przewiduje gromadzenie i eksponowanie zabytk\u00f3w architektury w kilku zwartych sektorach. S\u0105 one reprezentatywne dla etnograficznych subregion\u00f3w Kielecczyzny, czyli kolejno teren\u00f3w: G\u00f3r \u015awi\u0119tokrzyskich, Wy\u017cyny Sandomierskiej, Niecki Nidzia\u0144skiej i Wy\u017cyny Krakowsko-Cz\u0119stochowskiej. Dla odtworzenia pe\u0142nego, wiarygodnego historycznie obrazu \u017cycia spo\u0142eczno\u015bci wsi i miasteczek, prezentowane s\u0105 tak\u017ce zabytki sakralne, jak r\u00f3wnie\u017c ma\u0142a architektura tego typu: przydro\u017cne krzy\u017ce, kapliczki i figury.<\/p>\n<p>Opr\u00f3cz wiejskich zagr\u00f3d zwiedzi\u0107 mo\u017cna aptek\u0119, m\u0142yny, szko\u0142\u0119 z wyposa\u017ceniem a nawet zabytkowy barokowy ko\u015bci\u00f3\u0142 p.w. Matki Bo\u017cej Pocieszenia z 1763 roku. W ka\u017cdym z zak\u0105tk\u00f3w znajduj\u0105 si\u0119 zabytkowe obiekty i eksponaty obrazuj\u0105ce \u017cycie z r\u00f3\u017cnych obszar\u00f3w, a pieczo\u0142owicie zrekonstruowane wn\u0119trza przenosz\u0105 nas w odleg\u0142e czasy. Jednym z ciekawszych obiekt\u00f3w na terenie skansenu jest pi\u0119kny spichlerz przeniesiony tu z Klasztoru Si\u00f3str Bernardynek w Ch\u0119cinach.<\/p>\n<p class=\"atomsCell component\" data-event-position-context=\"atomsCell\">W skansenie po\u0142o\u017conym w zakolu Czarnej Nidy, tu\u017c przy trasie E77 prowadz\u0105cej z Kielc do Krakowa, swoje nowe miejsca znalaz\u0142y zagrody wiejskie, wiatraki, spichlerze, budynki folwarczne, plebanie i ko\u015bcio\u0142y. Nie s\u0105 to miejsca przypadkowe. Drewniane budowle stanowi\u0105 ca\u0142e fragmenty wsi, wyst\u0119puj\u0105 w naturalnych zespo\u0142ach osadniczych, w otoczeniu zbli\u017conym do pierwotnego. Obok typowego dla ka\u017cdego regionu wyposa\u017cenia i narz\u0119dzi codziennego u\u017cytku w zabytkowych wn\u0119trzach prezentowane s\u0105 gin\u0105ce zawody \u2013 znale\u017a\u0107 tu warsztaty rzemie\u015blnicze szewca, kowala, plecionkarza czy wytw\u00f3rcy gont\u00f3w. Mo\u017cna te\u017c wst\u0105pi\u0107 do XIX-wiecznej apteki, wiejskiego sklepiku i pracowni krawieckiej z lat 30. XX wieku. Swojski klimat zagrody podkre\u015blaj\u0105 przydomowe ogr\u00f3dki, p\u0142oty i studnie, nie brakuje te\u017c inwentarza domowego.<\/p>\n<div id=\"componentsArticleContent1491275708\" class=\"componentsArticleContent componentsArticleContent--withExtraPadding component atomsAdsBrandingVideo\" data-event-position-context=\"componentsArticleContent\">\n<div class=\"md\">\n<p><strong>Koniecznie zobaczcie w Tokarni:<br \/>\n<\/strong><\/p>\n<p>wiatrak \"holender\" z Pacanowa (1913 r.),<br \/>\nspichlerz dworski ze Z\u0142otej (1719 r.),<br \/>\nbarokowy ko\u015bci\u00f3\u0142 p.w. Matki Bo\u017cej Pocieszenia z Rogowa nad. Wis\u0142\u0105 (1763 r.),<br \/>\nku\u017ani\u0119 z Radoski,dw\u00f3r z Suchedniowa z pe\u0142nym wyposa\u017ceniem wn\u0119trz,<br \/>\nwiatrak \"holender\" z Grzyma\u0142kowa (1931 r.),<br \/>\nwiatraki z Grzmucina i D\u0119bna,studni\u0119 dworsk\u0105 z G\u00f3r Pi\u0144czowskich,<br \/>\nplebani\u0119 z Go\u017alic wzniesion\u0105 ok. 1768r.<\/p>\n<\/div>\n<div class=\"componentsPromotionsVideo component\" data-event-position-context=\"componentsPromotionsVideo\">\n<div class=\"componentsPromotionsVideo__videoWrapper\"><\/div>\n<div class=\"componentsPromotionsVideo__titleWrapper\">\n<p class=\"componentsPromotionsVideo__title\">\n<\/div>\n<\/div>\n<\/div>\n","protected":false},"excerpt":{"rendered":"W Polsce mamy kilka znacz\u0105cych skansen\u00f3w. Powo\u0142ane do \u017cycia w 1976 roku Muzeum Wsi Kieleckiej \u2013 Park Etnograficzny nale\u017cy z pewno\u015bci\u0105 do tych najwi\u0119kszych i najbardziej znanych plac\u00f3wek. Urzeka liczb\u0105 zabytkowych obiekt\u00f3w i ekspozycjami wyposa\u017cenia wn\u0119trz. Park Etnograficzny - Skansen w Tokarni mie\u015bci si\u0119 przy trasie Kielce-Krak\u00f3w (8 km za Ch\u0119cinami w kierunku Krakowa). Muzeum\u00a0 jest realizacj\u0105 za\u0142o\u017ce\u0144 naukowych etnografa&nbsp;<a href=\"https:\/\/turysta2.pttk.pl\/?p=25846\" class=\"read-more\">Continue Reading<\/a>","protected":false},"author":5,"featured_media":25854,"comment_status":"closed","ping_status":"closed","sticky":false,"template":"","format":"standard","meta":{"footnotes":""},"categories":[1],"tags":[],"class_list":["post-25846","post","type-post","status-publish","format-standard","has-post-thumbnail","hentry","category-bez-kategorii","cat-1-id"],"aioseo_notices":[],"_links":{"self":[{"href":"https:\/\/turysta2.pttk.pl\/index.php?rest_route=\/wp\/v2\/posts\/25846","targetHints":{"allow":["GET"]}}],"collection":[{"href":"https:\/\/turysta2.pttk.pl\/index.php?rest_route=\/wp\/v2\/posts"}],"about":[{"href":"https:\/\/turysta2.pttk.pl\/index.php?rest_route=\/wp\/v2\/types\/post"}],"author":[{"embeddable":true,"href":"https:\/\/turysta2.pttk.pl\/index.php?rest_route=\/wp\/v2\/users\/5"}],"replies":[{"embeddable":true,"href":"https:\/\/turysta2.pttk.pl\/index.php?rest_route=%2Fwp%2Fv2%2Fcomments&post=25846"}],"version-history":[{"count":5,"href":"https:\/\/turysta2.pttk.pl\/index.php?rest_route=\/wp\/v2\/posts\/25846\/revisions"}],"predecessor-version":[{"id":25860,"href":"https:\/\/turysta2.pttk.pl\/index.php?rest_route=\/wp\/v2\/posts\/25846\/revisions\/25860"}],"wp:featuredmedia":[{"embeddable":true,"href":"https:\/\/turysta2.pttk.pl\/index.php?rest_route=\/wp\/v2\/media\/25854"}],"wp:attachment":[{"href":"https:\/\/turysta2.pttk.pl\/index.php?rest_route=%2Fwp%2Fv2%2Fmedia&parent=25846"}],"wp:term":[{"taxonomy":"category","embeddable":true,"href":"https:\/\/turysta2.pttk.pl\/index.php?rest_route=%2Fwp%2Fv2%2Fcategories&post=25846"},{"taxonomy":"post_tag","embeddable":true,"href":"https:\/\/turysta2.pttk.pl\/index.php?rest_route=%2Fwp%2Fv2%2Ftags&post=25846"}],"curies":[{"name":"wp","href":"https:\/\/api.w.org\/{rel}","templated":true}]}}