{"id":25788,"date":"2020-09-30T14:05:07","date_gmt":"2020-09-30T12:05:07","guid":{"rendered":"https:\/\/turysta2.pttk.pl\/?p=25788"},"modified":"2020-10-05T00:14:39","modified_gmt":"2020-10-04T22:14:39","slug":"plywali-tanwia-i-zwiedzali-muzea","status":"publish","type":"post","link":"https:\/\/turysta2.pttk.pl\/?p=25788","title":{"rendered":"P\u0142ywali Tanwi\u0105 i zwiedzali muzea"},"content":{"rendered":"<p>&nbsp;<\/p>\n<p><strong>W dniach 26-27 wrze\u015bnia br. Oddzia\u0142 PTTK w \u017barnowie, zorganizowa\u0142 sp\u0142yw kajakowy rzek\u0105 Tanew , jedn\u0105 z najpi\u0119kniejszych rzek w po\u0142udniowo \u2013 wschodniej Polsce. Tanew wyp\u0142ywa na po\u0142udniowym Roztoczu, a ko\u0144czy sw\u00f3j bieg wpadaj\u0105c do Sanu w Ulanowie. Sp\u0142yw nazwano \u201eJesie\u0144 na Tanwi\u201d, wzi\u0119\u0142o w nim udzia\u0142 16\u00a0 kajakarzy.<\/strong><\/p>\n<p>W pierwszym dniu, w sobot\u0119 26 wrze\u015bnia br. zwodowali\u015bmy kajaki w W\u00f3lce Biskiej w woj. lubelskim i\u00a0 p\u0142yn\u0105c przez \u0141azory dotarli\u015bmy do Harasiuk pokonuj\u0105c 15 km. Wi\u0119ksza cz\u0119\u015b\u0107 sp\u0142ywu zrealizowana zosta\u0142a w woj. podkarpackim. Rzeka\u00a0 jest malownicza, szeroka, \u0142atwa - p\u0142ynie si\u0119 bez wi\u0119kszych przeszk\u00f3d w nurcie. Po zako\u0144czeniu pierwszego etapu sp\u0142ywu, zrealizowali\u015bmy program krajoznawczy, zwiedzaj\u0105c\u00a0 miasto Ulan\u00f3w, a w nim Muzeum Flisactwa Polskiego.<\/p>\n<pre>lipiec-wrzesie\u0144\/3(3)2020<\/pre>\n<p><a href=\"https:\/\/turysta2.pttk.pl\/wp-content\/uploads\/2020\/09\/IMG-20200927-WA0031.jpg\"><img loading=\"lazy\" decoding=\"async\" class=\"aligncenter size-medium wp-image-25792\" src=\"https:\/\/turysta2.pttk.pl\/wp-content\/uploads\/2020\/09\/IMG-20200927-WA0031-300x169.jpg\" alt=\"\" width=\"300\" height=\"169\" srcset=\"https:\/\/turysta2.pttk.pl\/wp-content\/uploads\/2020\/09\/IMG-20200927-WA0031-300x169.jpg 300w, https:\/\/turysta2.pttk.pl\/wp-content\/uploads\/2020\/09\/IMG-20200927-WA0031-1024x576.jpg 1024w, https:\/\/turysta2.pttk.pl\/wp-content\/uploads\/2020\/09\/IMG-20200927-WA0031-768x432.jpg 768w, https:\/\/turysta2.pttk.pl\/wp-content\/uploads\/2020\/09\/IMG-20200927-WA0031.jpg 1280w\" sizes=\"auto, (max-width: 300px) 100vw, 300px\" \/><\/a><\/p>\n<p>Flisacy w dawnej Polsce zajmowali si\u0119 rzecznym sp\u0142awem towar\u00f3w. Byli to w wi\u0119kszo\u015bci ch\u0142opi zamieszkuj\u0105cy nadrzeczne wsie, dla kt\u00f3rych by\u0142o to dodatkowe,\u00a0 sezonowe zaj\u0119cie. Ulan\u00f3w by\u0142 wa\u017cnym o\u015brodkiem dla sp\u0142aw\u00f3w ze wzgl\u0119du na swe po\u0142o\u017cenie przy uj\u015bciu Tanwi do Sanu. Obecnie dzia\u0142a tu Bractwo Flisackie \u015bw. Barbary, kultywuj\u0105ce dawne tradycje flisackie w formie turystyczno \u2013 rekreacyjnej. W 2014 r. tradycje flisackie zosta\u0142y wpisane na Krajow\u0105 List\u0119 Dziedzictwa Narodowego. Muzeum w Ulanowie zgromadzi\u0142o wiele eksponat\u00f3w zwi\u0105zanych z flisactwem, nawet jego siedziba znajduje si\u0119 w drewnianym domku zamieszkiwanym niegdy\u015b przez rodzin\u0119 flisaka. Korzystaj\u0105c z pobytu w muzeum, uroczy\u015bcie wr\u0119czono\u00a0 br\u0105zow\u0105 Turystyczn\u0105 Odznak\u0119 Kajakow\u0105 PTTK Blance Jakubowskiej, kt\u00f3ra przep\u0142yn\u0119\u0142a ju\u017c ponad 400 km szlak\u00f3w wodnych.<\/p>\n<p>Drugi dzie\u0144 sp\u0142ywu wi\u00f3d\u0142 tras\u0105 z Harasiuk przez Sierak\u00f3w, D\u0105browic\u0119 do D\u0105br\u00f3wki (16 km). W obydwu dniach p\u0142yn\u0119li\u015bmy pod sze\u015bcioma mostami drogowymi. Po zdaniu kajak\u00f3w w D\u0105br\u00f3wce, udali\u015bmy si\u0119 do Rudnika nad Sanem, aby zwiedzi\u0107 Centrum Wikliniarstwa, dzia\u0142aj\u0105ce przy Miejskim Domu Kultury w Rudniku . Ciekawostk\u0105 jest fakt, \u017ce miejscowi producenci \u00a0wytwarzaj\u0105 najwi\u0119cej wyrob\u00f3w wiklinowych w ca\u0142ej Europie. Dzi\u0119ki temu Rudnik nad Sanem, okrzykni\u0119to Polsk\u0105 Stolic\u0105 Wikliny .\u00a0\u00a0\u00a0\u00a0\u00a0\u00a0\u00a0\u00a0\u00a0\u00a0\u00a0\u00a0\u00a0\u00a0\u00a0\u00a0 W Miejskim Domu Kultury, obok izby tradycji zorganizowano wystaw\u0119 wiklinowych dzie\u0142 sztuki.\u00a0 W Rudniku odbywaj\u0105 si\u0119 cykliczne konkursy i targi wikliniarskie, a o kunszcie rzemie\u015blnik\u00f3w mo\u017ce \u015bwiadczy\u0107 fakt, i\u017c wykonali oni\u00a0 wiklinow\u0105 elewacj\u0119 polskiego pawilonu na Expo 2005 w Japonii. Mi\u0142ym akcentem pobytu\u00a0 by\u0142a mo\u017cliwo\u015b\u0107 zakupienia\u00a0 towar\u00f3w wilkinowych\u00a0 w muzealnym \u00a0sklepiku.<\/p>\n<p><a href=\"https:\/\/turysta2.pttk.pl\/wp-content\/uploads\/2020\/09\/120452489_433862047585766_8604426261583509278_o.jpg\"><img loading=\"lazy\" decoding=\"async\" class=\"aligncenter size-medium wp-image-25793\" src=\"https:\/\/turysta2.pttk.pl\/wp-content\/uploads\/2020\/09\/120452489_433862047585766_8604426261583509278_o-179x300.jpg\" alt=\"\" width=\"179\" height=\"300\" srcset=\"https:\/\/turysta2.pttk.pl\/wp-content\/uploads\/2020\/09\/120452489_433862047585766_8604426261583509278_o-179x300.jpg 179w, https:\/\/turysta2.pttk.pl\/wp-content\/uploads\/2020\/09\/120452489_433862047585766_8604426261583509278_o-609x1024.jpg 609w, https:\/\/turysta2.pttk.pl\/wp-content\/uploads\/2020\/09\/120452489_433862047585766_8604426261583509278_o.jpg 720w\" sizes=\"auto, (max-width: 179px) 100vw, 179px\" \/><\/a><\/p>\n<p>Udana wyprawa na Tanew, zainspirowa\u0142a uczestnik\u00f3w do zaplanowania w przysz\u0142ym roku dwudniowego sp\u0142ywu Sanem.<\/p>\n<p><strong>W\u0142odzimierz Szafi\u0144ski<\/strong><\/p>\n<p>&nbsp;<\/p>\n<p>&nbsp;<\/p>\n<p>&nbsp;<\/p>\n<p>&nbsp;<\/p>\n","protected":false},"excerpt":{"rendered":"&nbsp; W dniach 26-27 wrze\u015bnia br. Oddzia\u0142 PTTK w \u017barnowie, zorganizowa\u0142 sp\u0142yw kajakowy rzek\u0105 Tanew , jedn\u0105 z najpi\u0119kniejszych rzek w po\u0142udniowo \u2013 wschodniej Polsce. Tanew wyp\u0142ywa na po\u0142udniowym Roztoczu, a ko\u0144czy sw\u00f3j bieg wpadaj\u0105c do Sanu w Ulanowie. Sp\u0142yw nazwano \u201eJesie\u0144 na Tanwi\u201d, wzi\u0119\u0142o w nim udzia\u0142 16\u00a0 kajakarzy. W pierwszym dniu, w sobot\u0119 26 wrze\u015bnia br. zwodowali\u015bmy kajaki&nbsp;<a href=\"https:\/\/turysta2.pttk.pl\/?p=25788\" class=\"read-more\">Continue Reading<\/a>","protected":false},"author":5,"featured_media":25790,"comment_status":"closed","ping_status":"closed","sticky":false,"template":"","format":"standard","meta":{"footnotes":""},"categories":[70],"tags":[],"class_list":["post-25788","post","type-post","status-publish","format-standard","has-post-thumbnail","hentry","category-turystyka-wodna","cat-70-id"],"aioseo_notices":[],"_links":{"self":[{"href":"https:\/\/turysta2.pttk.pl\/index.php?rest_route=\/wp\/v2\/posts\/25788","targetHints":{"allow":["GET"]}}],"collection":[{"href":"https:\/\/turysta2.pttk.pl\/index.php?rest_route=\/wp\/v2\/posts"}],"about":[{"href":"https:\/\/turysta2.pttk.pl\/index.php?rest_route=\/wp\/v2\/types\/post"}],"author":[{"embeddable":true,"href":"https:\/\/turysta2.pttk.pl\/index.php?rest_route=\/wp\/v2\/users\/5"}],"replies":[{"embeddable":true,"href":"https:\/\/turysta2.pttk.pl\/index.php?rest_route=%2Fwp%2Fv2%2Fcomments&post=25788"}],"version-history":[{"count":5,"href":"https:\/\/turysta2.pttk.pl\/index.php?rest_route=\/wp\/v2\/posts\/25788\/revisions"}],"predecessor-version":[{"id":26289,"href":"https:\/\/turysta2.pttk.pl\/index.php?rest_route=\/wp\/v2\/posts\/25788\/revisions\/26289"}],"wp:featuredmedia":[{"embeddable":true,"href":"https:\/\/turysta2.pttk.pl\/index.php?rest_route=\/wp\/v2\/media\/25790"}],"wp:attachment":[{"href":"https:\/\/turysta2.pttk.pl\/index.php?rest_route=%2Fwp%2Fv2%2Fmedia&parent=25788"}],"wp:term":[{"taxonomy":"category","embeddable":true,"href":"https:\/\/turysta2.pttk.pl\/index.php?rest_route=%2Fwp%2Fv2%2Fcategories&post=25788"},{"taxonomy":"post_tag","embeddable":true,"href":"https:\/\/turysta2.pttk.pl\/index.php?rest_route=%2Fwp%2Fv2%2Ftags&post=25788"}],"curies":[{"name":"wp","href":"https:\/\/api.w.org\/{rel}","templated":true}]}}